{"id":2636,"date":"2024-09-29T16:07:39","date_gmt":"2024-09-29T16:07:39","guid":{"rendered":"https:\/\/prensa.sma.gob.ar\/?p=2636"},"modified":"2024-09-29T16:33:00","modified_gmt":"2024-09-29T16:33:00","slug":"el-intendente-saloniti-recibio-las-conclusiones-de-los-foros-sobre-patrimonio-historico","status":"publish","type":"post","link":"https:\/\/prensa.sma.gob.ar\/?p=2636","title":{"rendered":"El intendente Saloniti recibi\u00f3 las conclusiones de los foros sobre Patrimonio Hist\u00f3rico"},"content":{"rendered":"\n<p>El secretario de Cultura del Municipio, Gustavo Santos, entreg\u00f3 al intendente Carlos Saloniti el documento con las conclusiones de los foros de participaci\u00f3n ciudadana del reciente Segundo Congreso de Patrimonio Cultural de San Mart\u00edn de los Andes.<\/p>\n\n\n\n<p>El jefe comunal deber\u00e1 refrendar con un decreto este documento que luego ser\u00e1 enviado para su revisi\u00f3n a la Comisi\u00f3n Municipal de Preservaci\u00f3n de Patrimonio Cultural y, finalmente, deber\u00e1 pasar al Concejo Deliberante.<\/p>\n\n\n\n<p>Durante el reciente congreso, que cont\u00f3 con cerca de 150 asistentes en cada jornada, unas 30 vecinas y vecinos propusieron a trav\u00e9s de los foros incorporar cinco bienes y dos \u00e1reas hist\u00f3ricas del entorno de las plazas Sarmiento y San Mart\u00edn.<\/p>\n\n\n\n<p>La selecci\u00f3n de propuestas y la fiscalizaci\u00f3n del desarrollo de los Foros de Debate cont\u00f3 con un Comit\u00e9 Acad\u00e9mico formado por representantes de la Subsecretar\u00eda de Cultura del Gobierno de la Provincia del Neuqu\u00e9n, la Facultad de Turismo de la UNCo, la Universidad Tecnol\u00f3gica Nacional, el Colegio de Arquitectos de la Provincia del Neuqu\u00e9n \u2013 Regional 3 y el Colegio de Ingenieros del Neuqu\u00e9n Zona Sur.<\/p>\n\n\n\n<p>Gustavo Santos explic\u00f3 que las conclusiones surgen de la participaci\u00f3n ciudadana prevista en la Ordenanza de 2022. \u201cLa ordenanza de Patrimonio Cultural nueva establece que debe haber distintos dispositivos de participaci\u00f3n ciudadana, porque es la comunidad la que define su patrimonio\u201d, record\u00f3.<\/p>\n\n\n\n<p>Se\u00f1al\u00f3, adem\u00e1s, que el patrimonio de San Mart\u00edn de los Andes debe transitar tres etapas: \u201cprimero identificar los bienes que tienen valor identitario; luego la preservaci\u00f3n y, finalmente, la divulgaci\u00f3n\u201d. En este \u00faltimo aspecto, destac\u00f3 el trabajo del \u201ctaller de croquiseros urbanos, que se encarga de dibujar el patrimonio de nuestra ciudad\u201d.<\/p>\n\n\n\n<p>\u201cEn el caso de los inmuebles, es muy importante transitar cada una de estas instancias, porque cada resoluci\u00f3n implica restricciones y limitaciones al dominio de esos inmuebles, por eso necesitamos hacer las cosas bien a trav\u00e9s de la participaci\u00f3n ciudadana, las revisiones t\u00e9cnicas y los roles del Ejecutivo y del Legislativo comunal\u201d, se\u00f1al\u00f3 Santos.<\/p>\n\n\n\n<p>Al recibir el documento, Saloniti se mostr\u00f3 \u201corgullosos de haber podido hacer este Segundo Congreso, sobre la base de lo que fue el primer encuentro\u201d y reafirm\u00f3 que \u201cel objetivo es resguardar y cuidar nuestro patrimonio hist\u00f3rico, para que no se pierda, para que tomemos consciencia y seamos una ciudad con identidad\u201d.<\/p>\n\n\n\n<p>El jefe comunal agradeci\u00f3 el trabajo de todo el equipo de Cultura y se\u00f1al\u00f3 que, \u201cen tiempos donde las tensiones est\u00e1n a flor de piel, no podemos perder el respeto a nuestra cultura, a nuestro patrimonio y, sobre todo, a nuestra condici\u00f3n humana\u201d.<\/p>\n\n\n\n<p>Antes de la entrega del documento, Saloniti recorri\u00f3 la muestra de arte que se exhibe en la sala Lidaura Chapitel, con obras que son parte del patrimonio municipal. Estos trabajos tienen su lugar en diferentes oficinas del municipio y fueron cedidas especialmente para acompa\u00f1ar el segundo Congreso.<\/p>\n\n\n\n<figure class=\"wp-block-gallery has-nested-images columns-default is-cropped wp-block-gallery-1 is-layout-flex wp-block-gallery-is-layout-flex\">\n<figure class=\"wp-block-image size-large\"><img loading=\"lazy\" decoding=\"async\" width=\"1024\" height=\"594\" data-id=\"2640\" src=\"https:\/\/prensa.sma.gob.ar\/wp-content\/uploads\/2024\/09\/WhatsApp-Image-2024-09-26-at-14.04.40-1024x594.jpeg\" alt=\"\" class=\"wp-image-2640\" srcset=\"https:\/\/prensa.sma.gob.ar\/wp-content\/uploads\/2024\/09\/WhatsApp-Image-2024-09-26-at-14.04.40-1024x594.jpeg 1024w, https:\/\/prensa.sma.gob.ar\/wp-content\/uploads\/2024\/09\/WhatsApp-Image-2024-09-26-at-14.04.40-300x174.jpeg 300w, https:\/\/prensa.sma.gob.ar\/wp-content\/uploads\/2024\/09\/WhatsApp-Image-2024-09-26-at-14.04.40-768x445.jpeg 768w, https:\/\/prensa.sma.gob.ar\/wp-content\/uploads\/2024\/09\/WhatsApp-Image-2024-09-26-at-14.04.40-1536x891.jpeg 1536w, https:\/\/prensa.sma.gob.ar\/wp-content\/uploads\/2024\/09\/WhatsApp-Image-2024-09-26-at-14.04.40-724x420.jpeg 724w, https:\/\/prensa.sma.gob.ar\/wp-content\/uploads\/2024\/09\/WhatsApp-Image-2024-09-26-at-14.04.40-696x404.jpeg 696w, https:\/\/prensa.sma.gob.ar\/wp-content\/uploads\/2024\/09\/WhatsApp-Image-2024-09-26-at-14.04.40-1068x619.jpeg 1068w, https:\/\/prensa.sma.gob.ar\/wp-content\/uploads\/2024\/09\/WhatsApp-Image-2024-09-26-at-14.04.40.jpeg 1600w\" sizes=\"auto, (max-width: 1024px) 100vw, 1024px\" \/><\/figure>\n\n\n\n<figure class=\"wp-block-image size-large\"><img loading=\"lazy\" decoding=\"async\" width=\"1024\" height=\"580\" data-id=\"2638\" src=\"https:\/\/prensa.sma.gob.ar\/wp-content\/uploads\/2024\/09\/WhatsApp-Image-2024-09-26-at-14.04.402-1024x580.jpeg\" alt=\"\" class=\"wp-image-2638\" srcset=\"https:\/\/prensa.sma.gob.ar\/wp-content\/uploads\/2024\/09\/WhatsApp-Image-2024-09-26-at-14.04.402-1024x580.jpeg 1024w, https:\/\/prensa.sma.gob.ar\/wp-content\/uploads\/2024\/09\/WhatsApp-Image-2024-09-26-at-14.04.402-300x170.jpeg 300w, https:\/\/prensa.sma.gob.ar\/wp-content\/uploads\/2024\/09\/WhatsApp-Image-2024-09-26-at-14.04.402-768x435.jpeg 768w, https:\/\/prensa.sma.gob.ar\/wp-content\/uploads\/2024\/09\/WhatsApp-Image-2024-09-26-at-14.04.402-1536x870.jpeg 1536w, https:\/\/prensa.sma.gob.ar\/wp-content\/uploads\/2024\/09\/WhatsApp-Image-2024-09-26-at-14.04.402-742x420.jpeg 742w, https:\/\/prensa.sma.gob.ar\/wp-content\/uploads\/2024\/09\/WhatsApp-Image-2024-09-26-at-14.04.402-696x394.jpeg 696w, https:\/\/prensa.sma.gob.ar\/wp-content\/uploads\/2024\/09\/WhatsApp-Image-2024-09-26-at-14.04.402-1068x605.jpeg 1068w, https:\/\/prensa.sma.gob.ar\/wp-content\/uploads\/2024\/09\/WhatsApp-Image-2024-09-26-at-14.04.402.jpeg 1600w\" sizes=\"auto, (max-width: 1024px) 100vw, 1024px\" \/><\/figure>\n\n\n\n<figure class=\"wp-block-image size-large\"><img loading=\"lazy\" decoding=\"async\" width=\"1024\" height=\"655\" data-id=\"2637\" src=\"https:\/\/prensa.sma.gob.ar\/wp-content\/uploads\/2024\/09\/WhatsApp-Image-2024-09-26-at-14.04.41-1024x655.jpeg\" alt=\"\" class=\"wp-image-2637\" srcset=\"https:\/\/prensa.sma.gob.ar\/wp-content\/uploads\/2024\/09\/WhatsApp-Image-2024-09-26-at-14.04.41-1024x655.jpeg 1024w, https:\/\/prensa.sma.gob.ar\/wp-content\/uploads\/2024\/09\/WhatsApp-Image-2024-09-26-at-14.04.41-300x192.jpeg 300w, https:\/\/prensa.sma.gob.ar\/wp-content\/uploads\/2024\/09\/WhatsApp-Image-2024-09-26-at-14.04.41-768x492.jpeg 768w, https:\/\/prensa.sma.gob.ar\/wp-content\/uploads\/2024\/09\/WhatsApp-Image-2024-09-26-at-14.04.41-1536x983.jpeg 1536w, https:\/\/prensa.sma.gob.ar\/wp-content\/uploads\/2024\/09\/WhatsApp-Image-2024-09-26-at-14.04.41-656x420.jpeg 656w, https:\/\/prensa.sma.gob.ar\/wp-content\/uploads\/2024\/09\/WhatsApp-Image-2024-09-26-at-14.04.41-696x445.jpeg 696w, https:\/\/prensa.sma.gob.ar\/wp-content\/uploads\/2024\/09\/WhatsApp-Image-2024-09-26-at-14.04.41-1068x684.jpeg 1068w, https:\/\/prensa.sma.gob.ar\/wp-content\/uploads\/2024\/09\/WhatsApp-Image-2024-09-26-at-14.04.41.jpeg 1600w\" sizes=\"auto, (max-width: 1024px) 100vw, 1024px\" \/><\/figure>\n<\/figure>\n\n\n\n<p>El encuentro se desarroll\u00f3 en la Sala Municipal de Exposiciones Lidaura Chapitel durante los d\u00edas 19, 20 y 21 de septiembre de 2024 y fue organizado por la Municipalidad, a trav\u00e9s de la Secretar\u00eda de Cultura y la Comisi\u00f3n Municipal de Preservaci\u00f3n del Patrimonio Cultural.<\/p>\n\n\n\n<p>El Segundo Congreso, que cont\u00f3 con una gran participaci\u00f3n en cada una de las jornadas, fue declarado de inter\u00e9s cultural por la Secretar\u00eda de Cultura de la Naci\u00f3n, Ministerio de Capital Humano, por Resoluci\u00f3n N\u00ba 129\/24.<\/p>\n\n\n\n<p>La programaci\u00f3n incluy\u00f3 23 actividades, entre propuestas, comunicaciones de profesionales de nuestra ciudad y de otras ciudades del pa\u00eds, conferencias magistrales y los foros de debate. Cada actividad tuvo en promedio una asistencia de 40 personas.<\/p>\n\n\n\n<p>Adem\u00e1s, el encuentro cont\u00f3 con el apoyo del Complejo Casa de las Leyes y la Legislatura de la Provincia del Neuqu\u00e9n y el acompa\u00f1amiento del Colegio de Arquitectos del Neuqu\u00e9n \u2013 Regional N\u00ba 3, el Colegio de Ingenieros del Neuqu\u00e9n Zona Sur y la Biblioteca Popular 9 de Julio.<\/p>\n\n\n\n<p>El Documento Final del Congreso, le\u00eddo al p\u00fablico presente en el cierre del evento y firmado por representantes del comit\u00e9 especializado, contiene instrumentos conceptuales que servir\u00e1n de base para ampliar el registro de bienes patrimoniales y adecuar las pr\u00e1cticas de gesti\u00f3n a los objetivos de desarrollo social y ambiental sustentable que requieren las generaciones presentes y futuras.<\/p>\n\n\n\n<figure class=\"wp-block-embed is-type-video is-provider-youtube wp-block-embed-youtube wp-embed-aspect-16-9 wp-has-aspect-ratio\"><div class=\"wp-block-embed__wrapper\">\n<iframe loading=\"lazy\" title=\"Conclusiones del Segundo Congreso de Patrimonio Cultural de San Mart\u00edn de los Andes.\" width=\"696\" height=\"392\" src=\"https:\/\/www.youtube.com\/embed\/3XlwIznj2h0?feature=oembed\" frameborder=\"0\" allow=\"accelerometer; autoplay; clipboard-write; encrypted-media; gyroscope; picture-in-picture; web-share\" referrerpolicy=\"strict-origin-when-cross-origin\" allowfullscreen><\/iframe>\n<\/div><\/figure>\n","protected":false},"excerpt":{"rendered":"<p>El secretario de Cultura del Municipio, Gustavo Santos, entreg\u00f3 al intendente Carlos Saloniti el documento con las conclusiones de los foros de participaci\u00f3n ciudadana del reciente Segundo Congreso de Patrimonio Cultural de San Mart\u00edn de los Andes. El jefe comunal deber\u00e1 refrendar con un decreto este documento que luego ser\u00e1 enviado para su revisi\u00f3n a [&hellip;]<\/p>\n","protected":false},"author":2,"featured_media":2641,"comment_status":"closed","ping_status":"open","sticky":false,"template":"","format":"standard","meta":{"footnotes":""},"categories":[5,16,14,17],"tags":[],"class_list":{"0":"post-2636","1":"post","2":"type-post","3":"status-publish","4":"format-standard","5":"has-post-thumbnail","7":"category-cultura","8":"category-destacadas","9":"category-noticias","10":"category-portada"},"_links":{"self":[{"href":"https:\/\/prensa.sma.gob.ar\/index.php?rest_route=\/wp\/v2\/posts\/2636","targetHints":{"allow":["GET"]}}],"collection":[{"href":"https:\/\/prensa.sma.gob.ar\/index.php?rest_route=\/wp\/v2\/posts"}],"about":[{"href":"https:\/\/prensa.sma.gob.ar\/index.php?rest_route=\/wp\/v2\/types\/post"}],"author":[{"embeddable":true,"href":"https:\/\/prensa.sma.gob.ar\/index.php?rest_route=\/wp\/v2\/users\/2"}],"replies":[{"embeddable":true,"href":"https:\/\/prensa.sma.gob.ar\/index.php?rest_route=%2Fwp%2Fv2%2Fcomments&post=2636"}],"version-history":[{"count":3,"href":"https:\/\/prensa.sma.gob.ar\/index.php?rest_route=\/wp\/v2\/posts\/2636\/revisions"}],"predecessor-version":[{"id":2646,"href":"https:\/\/prensa.sma.gob.ar\/index.php?rest_route=\/wp\/v2\/posts\/2636\/revisions\/2646"}],"wp:featuredmedia":[{"embeddable":true,"href":"https:\/\/prensa.sma.gob.ar\/index.php?rest_route=\/wp\/v2\/media\/2641"}],"wp:attachment":[{"href":"https:\/\/prensa.sma.gob.ar\/index.php?rest_route=%2Fwp%2Fv2%2Fmedia&parent=2636"}],"wp:term":[{"taxonomy":"category","embeddable":true,"href":"https:\/\/prensa.sma.gob.ar\/index.php?rest_route=%2Fwp%2Fv2%2Fcategories&post=2636"},{"taxonomy":"post_tag","embeddable":true,"href":"https:\/\/prensa.sma.gob.ar\/index.php?rest_route=%2Fwp%2Fv2%2Ftags&post=2636"}],"curies":[{"name":"wp","href":"https:\/\/api.w.org\/{rel}","templated":true}]}}