{"id":2647,"date":"2024-09-29T17:28:59","date_gmt":"2024-09-29T17:28:59","guid":{"rendered":"https:\/\/prensa.sma.gob.ar\/?p=2647"},"modified":"2024-09-29T17:29:00","modified_gmt":"2024-09-29T17:29:00","slug":"san-martin-de-los-andes-fue-sede-del-torneo-nacional-de-parapowerlifting","status":"publish","type":"post","link":"https:\/\/prensa.sma.gob.ar\/?p=2647","title":{"rendered":"San Mart\u00edn de los Andes fue sede del Torneo Nacional de Parapowerlifting"},"content":{"rendered":"\n<p>M\u00e1s de 30 deportistas destacados de nueve provincias participaron en San Mart\u00edn de los Andes del Torneo Nacional de Parapowerlifting. La provincia de Neuqu\u00e9n tuvo ocho atletas en competencias, con varios debutantes en la disciplina.<\/p>\n\n\n\n<p>Atletas de San Juan, San Luis, Misiones, Jujuy, Mar del Plata, Ciudad Aut\u00f3noma de Buenos Aires, Entre R\u00edos, C\u00f3rdoba y los representantes neuquinos se reunieron este s\u00e1bado en la Escuela del Sol de nuestra ciudad, que abri\u00f3 sus puertas para este certamen.<\/p>\n\n\n\n<p>El parapowerlifting es uno de los deportes paral\u00edmpicos que ha ido tomando fuerza en los \u00faltimos a\u00f1os, reconocido como uno de las disciplinas paral\u00edmpicas m\u00e1s emocionantes, ya que combina t\u00e9cnica y fuerza.<\/p>\n\n\n\n<p>Los atletas compiten en la disciplina de press de banca, modalidad que representa la m\u00e1xima prueba de fuerza el cual trabaja el tren superior del cuerpo. Los competidores deben descender la barra hasta su pecho, sostenerla sin ning\u00fan movimiento, para luego levantarla hasta extender totalmente los brazos.<\/p>\n\n\n\n<p>El encuentro de este s\u00e1bado en San Mart\u00edn de los Andes fue organizado por el gimnasio BG, el Comit\u00e9 Paral\u00edmpico Argentino (COPAR) y tuvo el acompa\u00f1amiento del gobierno de la Provincia del Neuqu\u00e9n, a trav\u00e9s de la Secretar\u00eda de Deportes y Juventudes del Ministerio de Desarrollo Humano, Gobiernos Locales y Mujeres.<\/p>\n\n\n\n<p>Durante el acto inaugural, la secretaria de Deportes y Juventudes, Mar\u00eda Fernanda Villone, destac\u00f3 \u201cel gran esfuerzo que significa una organizaci\u00f3n de este tipo, en un lugar tan bello, pero tan alejado de muchos tambi\u00e9n. Que hoy est\u00e9n ac\u00e1 es por el trabajo en equipo que hacen\u201d.<\/p>\n\n\n\n<p>La funcionaria dej\u00f3 \u201cel saludo de la ministra Julieta Corroza y de nuestro gobernador Rolando Figueroa, quienes nos incentivan a apostar a nuevas disciplinas y a trabajar en equipo\u201d y resalt\u00f3 el trabajo entre el COPAR, el gimnasio BG y la Escuela del Sol\u201d.<\/p>\n\n\n\n<p>De la jornada participaron tambi\u00e9n el subsecretario de Deportes de la provincia, Ignacio Russo; el subsecretario de Deportes del Municipio de San Mart\u00edn de los Andes, Fernando M\u00e9ndez; la coordinadora pedag\u00f3gica de la Escuela del Sol, Graciela Navarro; y el responsable del gimnasio BG y organizador del encuentro, Gonzalo Basualdo.<\/p>\n\n\n\n<figure class=\"wp-block-gallery has-nested-images columns-default is-cropped wp-block-gallery-1 is-layout-flex wp-block-gallery-is-layout-flex\">\n<figure class=\"wp-block-image size-large\"><img loading=\"lazy\" decoding=\"async\" width=\"1024\" height=\"546\" data-id=\"2657\" src=\"https:\/\/prensa.sma.gob.ar\/wp-content\/uploads\/2024\/09\/IMG_1544-1024x546.jpg\" alt=\"\" class=\"wp-image-2657\" srcset=\"https:\/\/prensa.sma.gob.ar\/wp-content\/uploads\/2024\/09\/IMG_1544-1024x546.jpg 1024w, https:\/\/prensa.sma.gob.ar\/wp-content\/uploads\/2024\/09\/IMG_1544-300x160.jpg 300w, https:\/\/prensa.sma.gob.ar\/wp-content\/uploads\/2024\/09\/IMG_1544-768x410.jpg 768w, https:\/\/prensa.sma.gob.ar\/wp-content\/uploads\/2024\/09\/IMG_1544-788x420.jpg 788w, https:\/\/prensa.sma.gob.ar\/wp-content\/uploads\/2024\/09\/IMG_1544-696x371.jpg 696w, https:\/\/prensa.sma.gob.ar\/wp-content\/uploads\/2024\/09\/IMG_1544-1068x570.jpg 1068w, https:\/\/prensa.sma.gob.ar\/wp-content\/uploads\/2024\/09\/IMG_1544.jpg 1500w\" sizes=\"auto, (max-width: 1024px) 100vw, 1024px\" \/><\/figure>\n\n\n\n<figure class=\"wp-block-image size-large\"><img loading=\"lazy\" decoding=\"async\" width=\"1024\" height=\"546\" data-id=\"2656\" src=\"https:\/\/prensa.sma.gob.ar\/wp-content\/uploads\/2024\/09\/IMG_1543-1024x546.jpg\" alt=\"\" class=\"wp-image-2656\" srcset=\"https:\/\/prensa.sma.gob.ar\/wp-content\/uploads\/2024\/09\/IMG_1543-1024x546.jpg 1024w, https:\/\/prensa.sma.gob.ar\/wp-content\/uploads\/2024\/09\/IMG_1543-300x160.jpg 300w, https:\/\/prensa.sma.gob.ar\/wp-content\/uploads\/2024\/09\/IMG_1543-768x410.jpg 768w, https:\/\/prensa.sma.gob.ar\/wp-content\/uploads\/2024\/09\/IMG_1543-788x420.jpg 788w, https:\/\/prensa.sma.gob.ar\/wp-content\/uploads\/2024\/09\/IMG_1543-696x371.jpg 696w, https:\/\/prensa.sma.gob.ar\/wp-content\/uploads\/2024\/09\/IMG_1543-1068x570.jpg 1068w, https:\/\/prensa.sma.gob.ar\/wp-content\/uploads\/2024\/09\/IMG_1543.jpg 1500w\" sizes=\"auto, (max-width: 1024px) 100vw, 1024px\" \/><\/figure>\n\n\n\n<figure class=\"wp-block-image size-large\"><img loading=\"lazy\" decoding=\"async\" width=\"1024\" height=\"768\" data-id=\"2651\" src=\"https:\/\/prensa.sma.gob.ar\/wp-content\/uploads\/2024\/09\/WhatsApp-Image-2024-09-29-at-11.15.341-1024x768.jpeg\" alt=\"\" class=\"wp-image-2651\" srcset=\"https:\/\/prensa.sma.gob.ar\/wp-content\/uploads\/2024\/09\/WhatsApp-Image-2024-09-29-at-11.15.341-1024x768.jpeg 1024w, https:\/\/prensa.sma.gob.ar\/wp-content\/uploads\/2024\/09\/WhatsApp-Image-2024-09-29-at-11.15.341-300x225.jpeg 300w, https:\/\/prensa.sma.gob.ar\/wp-content\/uploads\/2024\/09\/WhatsApp-Image-2024-09-29-at-11.15.341-768x576.jpeg 768w, https:\/\/prensa.sma.gob.ar\/wp-content\/uploads\/2024\/09\/WhatsApp-Image-2024-09-29-at-11.15.341-1536x1152.jpeg 1536w, https:\/\/prensa.sma.gob.ar\/wp-content\/uploads\/2024\/09\/WhatsApp-Image-2024-09-29-at-11.15.341-560x420.jpeg 560w, https:\/\/prensa.sma.gob.ar\/wp-content\/uploads\/2024\/09\/WhatsApp-Image-2024-09-29-at-11.15.341-80x60.jpeg 80w, https:\/\/prensa.sma.gob.ar\/wp-content\/uploads\/2024\/09\/WhatsApp-Image-2024-09-29-at-11.15.341-696x522.jpeg 696w, https:\/\/prensa.sma.gob.ar\/wp-content\/uploads\/2024\/09\/WhatsApp-Image-2024-09-29-at-11.15.341-1068x801.jpeg 1068w, https:\/\/prensa.sma.gob.ar\/wp-content\/uploads\/2024\/09\/WhatsApp-Image-2024-09-29-at-11.15.341.jpeg 1600w\" sizes=\"auto, (max-width: 1024px) 100vw, 1024px\" \/><\/figure>\n<\/figure>\n\n\n\n<p>La mayor\u00eda de los deportistas neuquinos que participaron del torneo nacional fueron debutantes, dentro de un certamen que cont\u00f3 con la coordinaci\u00f3n de la t\u00e9cnica nacional de powerlifting, Sof\u00eda Cadona \u2013integrante de la delegaci\u00f3n nacional paral\u00edmpica de Par\u00eds 2024- y en el cual se mejoraron varios r\u00e9cords nacionales.<\/p>\n\n\n\n<p>La neuquina Angelica Liozzi se consagr\u00f3 campeona en la divisional hasta 45 kilogramos, dejando asentada adem\u00e1s la mejor marca nacional en la categor\u00eda Junior. Quien tambi\u00e9n se subi\u00f3 al primer escal\u00f3n del podio fue la juninense Sof\u00eda Aguirre Quintul\u00e9n, que se qued\u00f3 con la victoria y el r\u00e9cord nacional en su primera participaci\u00f3n en la divisi\u00f3n hasta 86 kilos (Open). N\u00e9stor Valdebenito, de destacada participaci\u00f3n en los Juegos Evita 2023, se alz\u00f3 con la victoria en Open y Junior, donde tambi\u00e9n dej\u00f3 su sello como la mejor marca nacional.<\/p>\n\n\n\n<p>En su debut en el Parapowerlifting, Lautaro Aguilar se alz\u00f3 con el triunfo en Open hasta 72 kilos; en tanto que otro debutante, Braian Stuardo, fue segundo en Open hasta 88 kilos. Luis Almir\u00f3n, otro de los debutantes, fue el mejor en la clase hasta 107 kilos, mientras que Esteban Cialzeta termin\u00f3 segundo en la divisi\u00f3n Leyend hasta 80 kilos y fue sexto en Open.<\/p>\n\n\n\n<p>El certamen cont\u00f3 con varios integrantes de la selecci\u00f3n argentina de Parapowerlifting, quienes llegaron hasta San Mart\u00edn de los Andes con el objetivo de mejorar marcas y seguir sumando r\u00e9cords nacionales como lo hicieron Nahuel G\u00f3mez, Tiago Engler, Hector Canabiri, Santiago Notario, Rodrigo Villamar\u00edn y Maximialiano Antunez.<\/p>\n\n\n\n<figure class=\"wp-block-gallery has-nested-images columns-default is-cropped wp-block-gallery-2 is-layout-flex wp-block-gallery-is-layout-flex\">\n<figure class=\"wp-block-image size-large\"><img loading=\"lazy\" decoding=\"async\" width=\"1024\" height=\"768\" data-id=\"2649\" src=\"https:\/\/prensa.sma.gob.ar\/wp-content\/uploads\/2024\/09\/WhatsApp-Image-2024-09-29-at-11.15.343-1024x768.jpeg\" alt=\"\" class=\"wp-image-2649\" srcset=\"https:\/\/prensa.sma.gob.ar\/wp-content\/uploads\/2024\/09\/WhatsApp-Image-2024-09-29-at-11.15.343-1024x768.jpeg 1024w, https:\/\/prensa.sma.gob.ar\/wp-content\/uploads\/2024\/09\/WhatsApp-Image-2024-09-29-at-11.15.343-300x225.jpeg 300w, https:\/\/prensa.sma.gob.ar\/wp-content\/uploads\/2024\/09\/WhatsApp-Image-2024-09-29-at-11.15.343-768x576.jpeg 768w, https:\/\/prensa.sma.gob.ar\/wp-content\/uploads\/2024\/09\/WhatsApp-Image-2024-09-29-at-11.15.343-1536x1152.jpeg 1536w, https:\/\/prensa.sma.gob.ar\/wp-content\/uploads\/2024\/09\/WhatsApp-Image-2024-09-29-at-11.15.343-560x420.jpeg 560w, https:\/\/prensa.sma.gob.ar\/wp-content\/uploads\/2024\/09\/WhatsApp-Image-2024-09-29-at-11.15.343-80x60.jpeg 80w, https:\/\/prensa.sma.gob.ar\/wp-content\/uploads\/2024\/09\/WhatsApp-Image-2024-09-29-at-11.15.343-696x522.jpeg 696w, https:\/\/prensa.sma.gob.ar\/wp-content\/uploads\/2024\/09\/WhatsApp-Image-2024-09-29-at-11.15.343-1068x801.jpeg 1068w, https:\/\/prensa.sma.gob.ar\/wp-content\/uploads\/2024\/09\/WhatsApp-Image-2024-09-29-at-11.15.343.jpeg 1600w\" sizes=\"auto, (max-width: 1024px) 100vw, 1024px\" \/><\/figure>\n\n\n\n<figure class=\"wp-block-image size-large\"><img loading=\"lazy\" decoding=\"async\" width=\"1024\" height=\"768\" data-id=\"2648\" src=\"https:\/\/prensa.sma.gob.ar\/wp-content\/uploads\/2024\/09\/WhatsApp-Image-2024-09-29-at-11.15.35-1024x768.jpeg\" alt=\"\" class=\"wp-image-2648\" srcset=\"https:\/\/prensa.sma.gob.ar\/wp-content\/uploads\/2024\/09\/WhatsApp-Image-2024-09-29-at-11.15.35-1024x768.jpeg 1024w, https:\/\/prensa.sma.gob.ar\/wp-content\/uploads\/2024\/09\/WhatsApp-Image-2024-09-29-at-11.15.35-300x225.jpeg 300w, https:\/\/prensa.sma.gob.ar\/wp-content\/uploads\/2024\/09\/WhatsApp-Image-2024-09-29-at-11.15.35-768x576.jpeg 768w, https:\/\/prensa.sma.gob.ar\/wp-content\/uploads\/2024\/09\/WhatsApp-Image-2024-09-29-at-11.15.35-1536x1152.jpeg 1536w, https:\/\/prensa.sma.gob.ar\/wp-content\/uploads\/2024\/09\/WhatsApp-Image-2024-09-29-at-11.15.35-560x420.jpeg 560w, https:\/\/prensa.sma.gob.ar\/wp-content\/uploads\/2024\/09\/WhatsApp-Image-2024-09-29-at-11.15.35-80x60.jpeg 80w, https:\/\/prensa.sma.gob.ar\/wp-content\/uploads\/2024\/09\/WhatsApp-Image-2024-09-29-at-11.15.35-696x522.jpeg 696w, https:\/\/prensa.sma.gob.ar\/wp-content\/uploads\/2024\/09\/WhatsApp-Image-2024-09-29-at-11.15.35-1068x801.jpeg 1068w, https:\/\/prensa.sma.gob.ar\/wp-content\/uploads\/2024\/09\/WhatsApp-Image-2024-09-29-at-11.15.35.jpeg 1600w\" sizes=\"auto, (max-width: 1024px) 100vw, 1024px\" \/><\/figure>\n\n\n\n<figure class=\"wp-block-image size-large\"><img loading=\"lazy\" decoding=\"async\" width=\"1024\" height=\"768\" data-id=\"2650\" src=\"https:\/\/prensa.sma.gob.ar\/wp-content\/uploads\/2024\/09\/WhatsApp-Image-2024-09-29-at-11.15.342-1024x768.jpeg\" alt=\"\" class=\"wp-image-2650\" srcset=\"https:\/\/prensa.sma.gob.ar\/wp-content\/uploads\/2024\/09\/WhatsApp-Image-2024-09-29-at-11.15.342-1024x768.jpeg 1024w, https:\/\/prensa.sma.gob.ar\/wp-content\/uploads\/2024\/09\/WhatsApp-Image-2024-09-29-at-11.15.342-300x225.jpeg 300w, https:\/\/prensa.sma.gob.ar\/wp-content\/uploads\/2024\/09\/WhatsApp-Image-2024-09-29-at-11.15.342-768x576.jpeg 768w, https:\/\/prensa.sma.gob.ar\/wp-content\/uploads\/2024\/09\/WhatsApp-Image-2024-09-29-at-11.15.342-1536x1152.jpeg 1536w, https:\/\/prensa.sma.gob.ar\/wp-content\/uploads\/2024\/09\/WhatsApp-Image-2024-09-29-at-11.15.342-560x420.jpeg 560w, https:\/\/prensa.sma.gob.ar\/wp-content\/uploads\/2024\/09\/WhatsApp-Image-2024-09-29-at-11.15.342-80x60.jpeg 80w, https:\/\/prensa.sma.gob.ar\/wp-content\/uploads\/2024\/09\/WhatsApp-Image-2024-09-29-at-11.15.342-696x522.jpeg 696w, https:\/\/prensa.sma.gob.ar\/wp-content\/uploads\/2024\/09\/WhatsApp-Image-2024-09-29-at-11.15.342-1068x801.jpeg 1068w, https:\/\/prensa.sma.gob.ar\/wp-content\/uploads\/2024\/09\/WhatsApp-Image-2024-09-29-at-11.15.342.jpeg 1600w\" sizes=\"auto, (max-width: 1024px) 100vw, 1024px\" \/><\/figure>\n<\/figure>\n","protected":false},"excerpt":{"rendered":"<p>M\u00e1s de 30 deportistas destacados de nueve provincias participaron en San Mart\u00edn de los Andes del Torneo Nacional de Parapowerlifting. La provincia de Neuqu\u00e9n tuvo ocho atletas en competencias, con varios debutantes en la disciplina. Atletas de San Juan, San Luis, Misiones, Jujuy, Mar del Plata, Ciudad Aut\u00f3noma de Buenos Aires, Entre R\u00edos, C\u00f3rdoba y [&hellip;]<\/p>\n","protected":false},"author":2,"featured_media":2652,"comment_status":"closed","ping_status":"open","sticky":false,"template":"","format":"standard","meta":{"footnotes":""},"categories":[7,16,2,14],"tags":[],"class_list":{"0":"post-2647","1":"post","2":"type-post","3":"status-publish","4":"format-standard","5":"has-post-thumbnail","7":"category-deportes","8":"category-destacadas","9":"category-discapacidad","10":"category-noticias"},"_links":{"self":[{"href":"https:\/\/prensa.sma.gob.ar\/index.php?rest_route=\/wp\/v2\/posts\/2647","targetHints":{"allow":["GET"]}}],"collection":[{"href":"https:\/\/prensa.sma.gob.ar\/index.php?rest_route=\/wp\/v2\/posts"}],"about":[{"href":"https:\/\/prensa.sma.gob.ar\/index.php?rest_route=\/wp\/v2\/types\/post"}],"author":[{"embeddable":true,"href":"https:\/\/prensa.sma.gob.ar\/index.php?rest_route=\/wp\/v2\/users\/2"}],"replies":[{"embeddable":true,"href":"https:\/\/prensa.sma.gob.ar\/index.php?rest_route=%2Fwp%2Fv2%2Fcomments&post=2647"}],"version-history":[{"count":1,"href":"https:\/\/prensa.sma.gob.ar\/index.php?rest_route=\/wp\/v2\/posts\/2647\/revisions"}],"predecessor-version":[{"id":2658,"href":"https:\/\/prensa.sma.gob.ar\/index.php?rest_route=\/wp\/v2\/posts\/2647\/revisions\/2658"}],"wp:featuredmedia":[{"embeddable":true,"href":"https:\/\/prensa.sma.gob.ar\/index.php?rest_route=\/wp\/v2\/media\/2652"}],"wp:attachment":[{"href":"https:\/\/prensa.sma.gob.ar\/index.php?rest_route=%2Fwp%2Fv2%2Fmedia&parent=2647"}],"wp:term":[{"taxonomy":"category","embeddable":true,"href":"https:\/\/prensa.sma.gob.ar\/index.php?rest_route=%2Fwp%2Fv2%2Fcategories&post=2647"},{"taxonomy":"post_tag","embeddable":true,"href":"https:\/\/prensa.sma.gob.ar\/index.php?rest_route=%2Fwp%2Fv2%2Ftags&post=2647"}],"curies":[{"name":"wp","href":"https:\/\/api.w.org\/{rel}","templated":true}]}}