{"id":2659,"date":"2024-09-29T18:29:45","date_gmt":"2024-09-29T18:29:45","guid":{"rendered":"https:\/\/prensa.sma.gob.ar\/?p=2659"},"modified":"2024-09-29T21:40:06","modified_gmt":"2024-09-29T21:40:06","slug":"se-realizaron-en-san-martin-de-los-andes-las-finales-regionales-de-voley-sub-16","status":"publish","type":"post","link":"https:\/\/prensa.sma.gob.ar\/?p=2659","title":{"rendered":"Se realizaron en San Mart\u00edn de los Andes las finales regionales de v\u00f3ley Sub 16"},"content":{"rendered":"\n<p>La secretaria de Deportes y Juventudes de Neuqu\u00e9n, Mar\u00eda Fernanda Villone, y el intendente de San Mart\u00edn de los Andes, Carlos Saloniti, participaron este domingo de la final de la Zona Sur de la categor\u00eda sub 16 de v\u00f3ley masculino de los juegos regionales.<\/p>\n\n\n\n<p>El encuentro, que se realiz\u00f3 en el gimnasio Javier Carriqueo, reuni\u00f3 a equipos de San Mart\u00edn de los Andes; Jun\u00edn de los Andes y Villa La Angostura y Traful.<\/p>\n\n\n\n<figure class=\"wp-block-gallery has-nested-images columns-default is-cropped wp-block-gallery-1 is-layout-flex wp-block-gallery-is-layout-flex\">\n<figure class=\"wp-block-image size-large\"><img loading=\"lazy\" decoding=\"async\" width=\"1024\" height=\"768\" data-id=\"2672\" src=\"https:\/\/prensa.sma.gob.ar\/wp-content\/uploads\/2024\/09\/WhatsApp-Image-2024-09-29-at-10.05.14-1024x768.jpeg\" alt=\"\" class=\"wp-image-2672\" srcset=\"https:\/\/prensa.sma.gob.ar\/wp-content\/uploads\/2024\/09\/WhatsApp-Image-2024-09-29-at-10.05.14-1024x768.jpeg 1024w, https:\/\/prensa.sma.gob.ar\/wp-content\/uploads\/2024\/09\/WhatsApp-Image-2024-09-29-at-10.05.14-300x225.jpeg 300w, https:\/\/prensa.sma.gob.ar\/wp-content\/uploads\/2024\/09\/WhatsApp-Image-2024-09-29-at-10.05.14-768x576.jpeg 768w, https:\/\/prensa.sma.gob.ar\/wp-content\/uploads\/2024\/09\/WhatsApp-Image-2024-09-29-at-10.05.14-560x420.jpeg 560w, https:\/\/prensa.sma.gob.ar\/wp-content\/uploads\/2024\/09\/WhatsApp-Image-2024-09-29-at-10.05.14-80x60.jpeg 80w, https:\/\/prensa.sma.gob.ar\/wp-content\/uploads\/2024\/09\/WhatsApp-Image-2024-09-29-at-10.05.14-696x522.jpeg 696w, https:\/\/prensa.sma.gob.ar\/wp-content\/uploads\/2024\/09\/WhatsApp-Image-2024-09-29-at-10.05.14-1068x801.jpeg 1068w, https:\/\/prensa.sma.gob.ar\/wp-content\/uploads\/2024\/09\/WhatsApp-Image-2024-09-29-at-10.05.14.jpeg 1280w\" sizes=\"auto, (max-width: 1024px) 100vw, 1024px\" \/><\/figure>\n\n\n\n<figure class=\"wp-block-image size-large\"><img loading=\"lazy\" decoding=\"async\" width=\"1024\" height=\"863\" data-id=\"2673\" src=\"https:\/\/prensa.sma.gob.ar\/wp-content\/uploads\/2024\/09\/voley-sub-16-1024x863.jpg\" alt=\"\" class=\"wp-image-2673\" srcset=\"https:\/\/prensa.sma.gob.ar\/wp-content\/uploads\/2024\/09\/voley-sub-16-1024x863.jpg 1024w, https:\/\/prensa.sma.gob.ar\/wp-content\/uploads\/2024\/09\/voley-sub-16-300x253.jpg 300w, https:\/\/prensa.sma.gob.ar\/wp-content\/uploads\/2024\/09\/voley-sub-16-768x647.jpg 768w, https:\/\/prensa.sma.gob.ar\/wp-content\/uploads\/2024\/09\/voley-sub-16-499x420.jpg 499w, https:\/\/prensa.sma.gob.ar\/wp-content\/uploads\/2024\/09\/voley-sub-16-696x586.jpg 696w, https:\/\/prensa.sma.gob.ar\/wp-content\/uploads\/2024\/09\/voley-sub-16-1068x900.jpg 1068w, https:\/\/prensa.sma.gob.ar\/wp-content\/uploads\/2024\/09\/voley-sub-16.jpg 1200w\" sizes=\"auto, (max-width: 1024px) 100vw, 1024px\" \/><\/figure>\n\n\n\n<figure class=\"wp-block-image size-large\"><img loading=\"lazy\" decoding=\"async\" width=\"1024\" height=\"768\" data-id=\"2670\" src=\"https:\/\/prensa.sma.gob.ar\/wp-content\/uploads\/2024\/09\/WhatsApp-Image-2024-09-29-at-10.05.16-1024x768.jpeg\" alt=\"\" class=\"wp-image-2670\" srcset=\"https:\/\/prensa.sma.gob.ar\/wp-content\/uploads\/2024\/09\/WhatsApp-Image-2024-09-29-at-10.05.16-1024x768.jpeg 1024w, https:\/\/prensa.sma.gob.ar\/wp-content\/uploads\/2024\/09\/WhatsApp-Image-2024-09-29-at-10.05.16-300x225.jpeg 300w, https:\/\/prensa.sma.gob.ar\/wp-content\/uploads\/2024\/09\/WhatsApp-Image-2024-09-29-at-10.05.16-768x576.jpeg 768w, https:\/\/prensa.sma.gob.ar\/wp-content\/uploads\/2024\/09\/WhatsApp-Image-2024-09-29-at-10.05.16-560x420.jpeg 560w, https:\/\/prensa.sma.gob.ar\/wp-content\/uploads\/2024\/09\/WhatsApp-Image-2024-09-29-at-10.05.16-80x60.jpeg 80w, https:\/\/prensa.sma.gob.ar\/wp-content\/uploads\/2024\/09\/WhatsApp-Image-2024-09-29-at-10.05.16-696x522.jpeg 696w, https:\/\/prensa.sma.gob.ar\/wp-content\/uploads\/2024\/09\/WhatsApp-Image-2024-09-29-at-10.05.16-1068x801.jpeg 1068w, https:\/\/prensa.sma.gob.ar\/wp-content\/uploads\/2024\/09\/WhatsApp-Image-2024-09-29-at-10.05.16.jpeg 1280w\" sizes=\"auto, (max-width: 1024px) 100vw, 1024px\" \/><\/figure>\n<\/figure>\n\n\n\n<p>Al cabo de la jornada, el equipo Municipal de San Mart\u00edn de los Andes se qued\u00f3 con el primer puesto, seguido de Carpinteros de Villa La Angostura. Luego de ubicaron los representativos de Jun\u00edn de los Andes y de Traful (fotos).<\/p>\n\n\n\n<figure class=\"wp-block-gallery has-nested-images columns-default is-cropped wp-block-gallery-2 is-layout-flex wp-block-gallery-is-layout-flex\">\n<figure class=\"wp-block-image size-large\"><img loading=\"lazy\" decoding=\"async\" width=\"1024\" height=\"771\" data-id=\"2676\" src=\"https:\/\/prensa.sma.gob.ar\/wp-content\/uploads\/2024\/09\/WhatsApp-Image-2024-09-29-at-18.09.45-1024x771.jpeg\" alt=\"\" class=\"wp-image-2676\" srcset=\"https:\/\/prensa.sma.gob.ar\/wp-content\/uploads\/2024\/09\/WhatsApp-Image-2024-09-29-at-18.09.45-1024x771.jpeg 1024w, https:\/\/prensa.sma.gob.ar\/wp-content\/uploads\/2024\/09\/WhatsApp-Image-2024-09-29-at-18.09.45-300x226.jpeg 300w, https:\/\/prensa.sma.gob.ar\/wp-content\/uploads\/2024\/09\/WhatsApp-Image-2024-09-29-at-18.09.45-768x578.jpeg 768w, https:\/\/prensa.sma.gob.ar\/wp-content\/uploads\/2024\/09\/WhatsApp-Image-2024-09-29-at-18.09.45-1536x1156.jpeg 1536w, https:\/\/prensa.sma.gob.ar\/wp-content\/uploads\/2024\/09\/WhatsApp-Image-2024-09-29-at-18.09.45-558x420.jpeg 558w, https:\/\/prensa.sma.gob.ar\/wp-content\/uploads\/2024\/09\/WhatsApp-Image-2024-09-29-at-18.09.45-80x60.jpeg 80w, https:\/\/prensa.sma.gob.ar\/wp-content\/uploads\/2024\/09\/WhatsApp-Image-2024-09-29-at-18.09.45-696x524.jpeg 696w, https:\/\/prensa.sma.gob.ar\/wp-content\/uploads\/2024\/09\/WhatsApp-Image-2024-09-29-at-18.09.45-1068x804.jpeg 1068w, https:\/\/prensa.sma.gob.ar\/wp-content\/uploads\/2024\/09\/WhatsApp-Image-2024-09-29-at-18.09.45.jpeg 1600w\" sizes=\"auto, (max-width: 1024px) 100vw, 1024px\" \/><\/figure>\n\n\n\n<figure class=\"wp-block-image size-large\"><img loading=\"lazy\" decoding=\"async\" width=\"1024\" height=\"771\" data-id=\"2677\" src=\"https:\/\/prensa.sma.gob.ar\/wp-content\/uploads\/2024\/09\/WhatsApp-Image-2024-09-29-at-18.09.441-1024x771.jpeg\" alt=\"\" class=\"wp-image-2677\" srcset=\"https:\/\/prensa.sma.gob.ar\/wp-content\/uploads\/2024\/09\/WhatsApp-Image-2024-09-29-at-18.09.441-1024x771.jpeg 1024w, https:\/\/prensa.sma.gob.ar\/wp-content\/uploads\/2024\/09\/WhatsApp-Image-2024-09-29-at-18.09.441-300x226.jpeg 300w, https:\/\/prensa.sma.gob.ar\/wp-content\/uploads\/2024\/09\/WhatsApp-Image-2024-09-29-at-18.09.441-768x578.jpeg 768w, https:\/\/prensa.sma.gob.ar\/wp-content\/uploads\/2024\/09\/WhatsApp-Image-2024-09-29-at-18.09.441-1536x1156.jpeg 1536w, https:\/\/prensa.sma.gob.ar\/wp-content\/uploads\/2024\/09\/WhatsApp-Image-2024-09-29-at-18.09.441-558x420.jpeg 558w, https:\/\/prensa.sma.gob.ar\/wp-content\/uploads\/2024\/09\/WhatsApp-Image-2024-09-29-at-18.09.441-80x60.jpeg 80w, https:\/\/prensa.sma.gob.ar\/wp-content\/uploads\/2024\/09\/WhatsApp-Image-2024-09-29-at-18.09.441-696x524.jpeg 696w, https:\/\/prensa.sma.gob.ar\/wp-content\/uploads\/2024\/09\/WhatsApp-Image-2024-09-29-at-18.09.441-1068x804.jpeg 1068w, https:\/\/prensa.sma.gob.ar\/wp-content\/uploads\/2024\/09\/WhatsApp-Image-2024-09-29-at-18.09.441.jpeg 1600w\" sizes=\"auto, (max-width: 1024px) 100vw, 1024px\" \/><\/figure>\n\n\n\n<figure class=\"wp-block-image size-large\"><img loading=\"lazy\" decoding=\"async\" width=\"1024\" height=\"771\" data-id=\"2679\" src=\"https:\/\/prensa.sma.gob.ar\/wp-content\/uploads\/2024\/09\/WhatsApp-Image-2024-09-29-at-18.09.44-1024x771.jpeg\" alt=\"\" class=\"wp-image-2679\" srcset=\"https:\/\/prensa.sma.gob.ar\/wp-content\/uploads\/2024\/09\/WhatsApp-Image-2024-09-29-at-18.09.44-1024x771.jpeg 1024w, https:\/\/prensa.sma.gob.ar\/wp-content\/uploads\/2024\/09\/WhatsApp-Image-2024-09-29-at-18.09.44-300x226.jpeg 300w, https:\/\/prensa.sma.gob.ar\/wp-content\/uploads\/2024\/09\/WhatsApp-Image-2024-09-29-at-18.09.44-768x578.jpeg 768w, https:\/\/prensa.sma.gob.ar\/wp-content\/uploads\/2024\/09\/WhatsApp-Image-2024-09-29-at-18.09.44-1536x1156.jpeg 1536w, https:\/\/prensa.sma.gob.ar\/wp-content\/uploads\/2024\/09\/WhatsApp-Image-2024-09-29-at-18.09.44-558x420.jpeg 558w, https:\/\/prensa.sma.gob.ar\/wp-content\/uploads\/2024\/09\/WhatsApp-Image-2024-09-29-at-18.09.44-80x60.jpeg 80w, https:\/\/prensa.sma.gob.ar\/wp-content\/uploads\/2024\/09\/WhatsApp-Image-2024-09-29-at-18.09.44-696x524.jpeg 696w, https:\/\/prensa.sma.gob.ar\/wp-content\/uploads\/2024\/09\/WhatsApp-Image-2024-09-29-at-18.09.44-1068x804.jpeg 1068w, https:\/\/prensa.sma.gob.ar\/wp-content\/uploads\/2024\/09\/WhatsApp-Image-2024-09-29-at-18.09.44.jpeg 1600w\" sizes=\"auto, (max-width: 1024px) 100vw, 1024px\" \/><\/figure>\n\n\n\n<figure class=\"wp-block-image size-large\"><img loading=\"lazy\" decoding=\"async\" width=\"1024\" height=\"770\" data-id=\"2680\" src=\"https:\/\/prensa.sma.gob.ar\/wp-content\/uploads\/2024\/09\/WhatsApp-Image-2024-09-29-at-18.09.15-1024x770.jpeg\" alt=\"\" class=\"wp-image-2680\" srcset=\"https:\/\/prensa.sma.gob.ar\/wp-content\/uploads\/2024\/09\/WhatsApp-Image-2024-09-29-at-18.09.15-1024x770.jpeg 1024w, https:\/\/prensa.sma.gob.ar\/wp-content\/uploads\/2024\/09\/WhatsApp-Image-2024-09-29-at-18.09.15-300x226.jpeg 300w, https:\/\/prensa.sma.gob.ar\/wp-content\/uploads\/2024\/09\/WhatsApp-Image-2024-09-29-at-18.09.15-768x578.jpeg 768w, https:\/\/prensa.sma.gob.ar\/wp-content\/uploads\/2024\/09\/WhatsApp-Image-2024-09-29-at-18.09.15-558x420.jpeg 558w, https:\/\/prensa.sma.gob.ar\/wp-content\/uploads\/2024\/09\/WhatsApp-Image-2024-09-29-at-18.09.15-80x60.jpeg 80w, https:\/\/prensa.sma.gob.ar\/wp-content\/uploads\/2024\/09\/WhatsApp-Image-2024-09-29-at-18.09.15-696x524.jpeg 696w, https:\/\/prensa.sma.gob.ar\/wp-content\/uploads\/2024\/09\/WhatsApp-Image-2024-09-29-at-18.09.15-1068x804.jpeg 1068w, https:\/\/prensa.sma.gob.ar\/wp-content\/uploads\/2024\/09\/WhatsApp-Image-2024-09-29-at-18.09.15.jpeg 1280w\" sizes=\"auto, (max-width: 1024px) 100vw, 1024px\" \/><\/figure>\n\n\n\n<figure class=\"wp-block-image size-large\"><img loading=\"lazy\" decoding=\"async\" width=\"1024\" height=\"576\" data-id=\"2678\" src=\"https:\/\/prensa.sma.gob.ar\/wp-content\/uploads\/2024\/09\/WhatsApp-Image-2024-09-29-at-18.09.14-1024x576.jpeg\" alt=\"\" class=\"wp-image-2678\" srcset=\"https:\/\/prensa.sma.gob.ar\/wp-content\/uploads\/2024\/09\/WhatsApp-Image-2024-09-29-at-18.09.14-1024x576.jpeg 1024w, https:\/\/prensa.sma.gob.ar\/wp-content\/uploads\/2024\/09\/WhatsApp-Image-2024-09-29-at-18.09.14-300x169.jpeg 300w, https:\/\/prensa.sma.gob.ar\/wp-content\/uploads\/2024\/09\/WhatsApp-Image-2024-09-29-at-18.09.14-768x432.jpeg 768w, https:\/\/prensa.sma.gob.ar\/wp-content\/uploads\/2024\/09\/WhatsApp-Image-2024-09-29-at-18.09.14-747x420.jpeg 747w, https:\/\/prensa.sma.gob.ar\/wp-content\/uploads\/2024\/09\/WhatsApp-Image-2024-09-29-at-18.09.14-696x392.jpeg 696w, https:\/\/prensa.sma.gob.ar\/wp-content\/uploads\/2024\/09\/WhatsApp-Image-2024-09-29-at-18.09.14-1068x601.jpeg 1068w, https:\/\/prensa.sma.gob.ar\/wp-content\/uploads\/2024\/09\/WhatsApp-Image-2024-09-29-at-18.09.14.jpeg 1280w\" sizes=\"auto, (max-width: 1024px) 100vw, 1024px\" \/><\/figure>\n\n\n\n<figure class=\"wp-block-image size-large\"><img loading=\"lazy\" decoding=\"async\" width=\"1024\" height=\"770\" data-id=\"2681\" src=\"https:\/\/prensa.sma.gob.ar\/wp-content\/uploads\/2024\/09\/WhatsApp-Image-2024-09-29-at-18.09.13-1024x770.jpeg\" alt=\"\" class=\"wp-image-2681\" srcset=\"https:\/\/prensa.sma.gob.ar\/wp-content\/uploads\/2024\/09\/WhatsApp-Image-2024-09-29-at-18.09.13-1024x770.jpeg 1024w, https:\/\/prensa.sma.gob.ar\/wp-content\/uploads\/2024\/09\/WhatsApp-Image-2024-09-29-at-18.09.13-300x226.jpeg 300w, https:\/\/prensa.sma.gob.ar\/wp-content\/uploads\/2024\/09\/WhatsApp-Image-2024-09-29-at-18.09.13-768x578.jpeg 768w, https:\/\/prensa.sma.gob.ar\/wp-content\/uploads\/2024\/09\/WhatsApp-Image-2024-09-29-at-18.09.13-558x420.jpeg 558w, https:\/\/prensa.sma.gob.ar\/wp-content\/uploads\/2024\/09\/WhatsApp-Image-2024-09-29-at-18.09.13-80x60.jpeg 80w, https:\/\/prensa.sma.gob.ar\/wp-content\/uploads\/2024\/09\/WhatsApp-Image-2024-09-29-at-18.09.13-696x524.jpeg 696w, https:\/\/prensa.sma.gob.ar\/wp-content\/uploads\/2024\/09\/WhatsApp-Image-2024-09-29-at-18.09.13-1068x804.jpeg 1068w, https:\/\/prensa.sma.gob.ar\/wp-content\/uploads\/2024\/09\/WhatsApp-Image-2024-09-29-at-18.09.13.jpeg 1280w\" sizes=\"auto, (max-width: 1024px) 100vw, 1024px\" \/><\/figure>\n<\/figure>\n\n\n\n<p>El s\u00e1bado, tuvo lugar la final de Zona Sur de la categor\u00eda sub 16 de v\u00f3ley femenino que tuvo como ganadoras al combinado de Villa La Angostura, por delante de San Mart\u00edn de los Andes y de Jun\u00edn de los Andes.<\/p>\n\n\n\n<figure class=\"wp-block-gallery has-nested-images columns-default is-cropped wp-block-gallery-3 is-layout-flex wp-block-gallery-is-layout-flex\">\n<figure class=\"wp-block-image size-large\"><img loading=\"lazy\" decoding=\"async\" width=\"1024\" height=\"1024\" data-id=\"2660\" src=\"https:\/\/prensa.sma.gob.ar\/wp-content\/uploads\/2024\/09\/WhatsApp-Image-2024-09-29-at-10.34.12-1024x1024.jpeg\" alt=\"\" class=\"wp-image-2660\" srcset=\"https:\/\/prensa.sma.gob.ar\/wp-content\/uploads\/2024\/09\/WhatsApp-Image-2024-09-29-at-10.34.12-1024x1024.jpeg 1024w, https:\/\/prensa.sma.gob.ar\/wp-content\/uploads\/2024\/09\/WhatsApp-Image-2024-09-29-at-10.34.12-300x300.jpeg 300w, https:\/\/prensa.sma.gob.ar\/wp-content\/uploads\/2024\/09\/WhatsApp-Image-2024-09-29-at-10.34.12-150x150.jpeg 150w, https:\/\/prensa.sma.gob.ar\/wp-content\/uploads\/2024\/09\/WhatsApp-Image-2024-09-29-at-10.34.12-768x768.jpeg 768w, https:\/\/prensa.sma.gob.ar\/wp-content\/uploads\/2024\/09\/WhatsApp-Image-2024-09-29-at-10.34.12-420x420.jpeg 420w, https:\/\/prensa.sma.gob.ar\/wp-content\/uploads\/2024\/09\/WhatsApp-Image-2024-09-29-at-10.34.12-696x696.jpeg 696w, https:\/\/prensa.sma.gob.ar\/wp-content\/uploads\/2024\/09\/WhatsApp-Image-2024-09-29-at-10.34.12-1068x1068.jpeg 1068w, https:\/\/prensa.sma.gob.ar\/wp-content\/uploads\/2024\/09\/WhatsApp-Image-2024-09-29-at-10.34.12.jpeg 1280w\" sizes=\"auto, (max-width: 1024px) 100vw, 1024px\" \/><\/figure>\n\n\n\n<figure class=\"wp-block-image size-large\"><img loading=\"lazy\" decoding=\"async\" width=\"1024\" height=\"576\" data-id=\"2661\" src=\"https:\/\/prensa.sma.gob.ar\/wp-content\/uploads\/2024\/09\/WhatsApp-Image-2024-09-29-at-10.34.11-1024x576.jpeg\" alt=\"\" class=\"wp-image-2661\" srcset=\"https:\/\/prensa.sma.gob.ar\/wp-content\/uploads\/2024\/09\/WhatsApp-Image-2024-09-29-at-10.34.11-1024x576.jpeg 1024w, https:\/\/prensa.sma.gob.ar\/wp-content\/uploads\/2024\/09\/WhatsApp-Image-2024-09-29-at-10.34.11-300x169.jpeg 300w, https:\/\/prensa.sma.gob.ar\/wp-content\/uploads\/2024\/09\/WhatsApp-Image-2024-09-29-at-10.34.11-768x432.jpeg 768w, https:\/\/prensa.sma.gob.ar\/wp-content\/uploads\/2024\/09\/WhatsApp-Image-2024-09-29-at-10.34.11-1536x864.jpeg 1536w, https:\/\/prensa.sma.gob.ar\/wp-content\/uploads\/2024\/09\/WhatsApp-Image-2024-09-29-at-10.34.11-747x420.jpeg 747w, https:\/\/prensa.sma.gob.ar\/wp-content\/uploads\/2024\/09\/WhatsApp-Image-2024-09-29-at-10.34.11-696x391.jpeg 696w, https:\/\/prensa.sma.gob.ar\/wp-content\/uploads\/2024\/09\/WhatsApp-Image-2024-09-29-at-10.34.11-1068x600.jpeg 1068w, https:\/\/prensa.sma.gob.ar\/wp-content\/uploads\/2024\/09\/WhatsApp-Image-2024-09-29-at-10.34.11.jpeg 1599w\" sizes=\"auto, (max-width: 1024px) 100vw, 1024px\" \/><\/figure>\n\n\n\n<figure class=\"wp-block-image size-large\"><img loading=\"lazy\" decoding=\"async\" width=\"1024\" height=\"576\" data-id=\"2662\" src=\"https:\/\/prensa.sma.gob.ar\/wp-content\/uploads\/2024\/09\/WhatsApp-Image-2024-09-29-at-10.31.42-1024x576.jpeg\" alt=\"\" class=\"wp-image-2662\" srcset=\"https:\/\/prensa.sma.gob.ar\/wp-content\/uploads\/2024\/09\/WhatsApp-Image-2024-09-29-at-10.31.42-1024x576.jpeg 1024w, https:\/\/prensa.sma.gob.ar\/wp-content\/uploads\/2024\/09\/WhatsApp-Image-2024-09-29-at-10.31.42-300x169.jpeg 300w, https:\/\/prensa.sma.gob.ar\/wp-content\/uploads\/2024\/09\/WhatsApp-Image-2024-09-29-at-10.31.42-768x432.jpeg 768w, https:\/\/prensa.sma.gob.ar\/wp-content\/uploads\/2024\/09\/WhatsApp-Image-2024-09-29-at-10.31.42-1536x864.jpeg 1536w, https:\/\/prensa.sma.gob.ar\/wp-content\/uploads\/2024\/09\/WhatsApp-Image-2024-09-29-at-10.31.42-747x420.jpeg 747w, https:\/\/prensa.sma.gob.ar\/wp-content\/uploads\/2024\/09\/WhatsApp-Image-2024-09-29-at-10.31.42-696x392.jpeg 696w, https:\/\/prensa.sma.gob.ar\/wp-content\/uploads\/2024\/09\/WhatsApp-Image-2024-09-29-at-10.31.42-1068x601.jpeg 1068w, https:\/\/prensa.sma.gob.ar\/wp-content\/uploads\/2024\/09\/WhatsApp-Image-2024-09-29-at-10.31.42.jpeg 1600w\" sizes=\"auto, (max-width: 1024px) 100vw, 1024px\" \/><\/figure>\n<\/figure>\n\n\n\n<p>Villone inform\u00f3 que este fin de semana se realizaron once finales de los juegos provinciales, una de ellas en San Mart\u00edn de los Andes, y agradeci\u00f3 al intendente Saloniti y al Municipio por permitir trabajar en equipo en el desarrollo de esta etapa.<\/p>\n\n\n\n<p>El jefe comunal destac\u00f3 la importancia de los juegos como elemento de contenci\u00f3n y cuidado de la juventud y como factor de desarrollo y de competencia sana. Tambi\u00e9n agradeci\u00f3 el apoyo del gobierno de la provincia de Neuqu\u00e9n a este tipo de jornadas.<\/p>\n\n\n\n<figure class=\"wp-block-gallery has-nested-images columns-default is-cropped wp-block-gallery-4 is-layout-flex wp-block-gallery-is-layout-flex\">\n<figure class=\"wp-block-image size-large\"><img loading=\"lazy\" decoding=\"async\" width=\"768\" height=\"1024\" data-id=\"2669\" src=\"https:\/\/prensa.sma.gob.ar\/wp-content\/uploads\/2024\/09\/WhatsApp-Image-2024-09-29-at-10.05.17-768x1024.jpeg\" alt=\"\" class=\"wp-image-2669\" srcset=\"https:\/\/prensa.sma.gob.ar\/wp-content\/uploads\/2024\/09\/WhatsApp-Image-2024-09-29-at-10.05.17-768x1024.jpeg 768w, https:\/\/prensa.sma.gob.ar\/wp-content\/uploads\/2024\/09\/WhatsApp-Image-2024-09-29-at-10.05.17-225x300.jpeg 225w, https:\/\/prensa.sma.gob.ar\/wp-content\/uploads\/2024\/09\/WhatsApp-Image-2024-09-29-at-10.05.17-315x420.jpeg 315w, https:\/\/prensa.sma.gob.ar\/wp-content\/uploads\/2024\/09\/WhatsApp-Image-2024-09-29-at-10.05.17-696x928.jpeg 696w, https:\/\/prensa.sma.gob.ar\/wp-content\/uploads\/2024\/09\/WhatsApp-Image-2024-09-29-at-10.05.17.jpeg 960w\" sizes=\"auto, (max-width: 768px) 100vw, 768px\" \/><\/figure>\n\n\n\n<figure class=\"wp-block-image size-large\"><img loading=\"lazy\" decoding=\"async\" width=\"768\" height=\"1024\" data-id=\"2668\" src=\"https:\/\/prensa.sma.gob.ar\/wp-content\/uploads\/2024\/09\/WhatsApp-Image-2024-09-29-at-10.05.172-768x1024.jpeg\" alt=\"\" class=\"wp-image-2668\" srcset=\"https:\/\/prensa.sma.gob.ar\/wp-content\/uploads\/2024\/09\/WhatsApp-Image-2024-09-29-at-10.05.172-768x1024.jpeg 768w, https:\/\/prensa.sma.gob.ar\/wp-content\/uploads\/2024\/09\/WhatsApp-Image-2024-09-29-at-10.05.172-225x300.jpeg 225w, https:\/\/prensa.sma.gob.ar\/wp-content\/uploads\/2024\/09\/WhatsApp-Image-2024-09-29-at-10.05.172-315x420.jpeg 315w, https:\/\/prensa.sma.gob.ar\/wp-content\/uploads\/2024\/09\/WhatsApp-Image-2024-09-29-at-10.05.172-696x928.jpeg 696w, https:\/\/prensa.sma.gob.ar\/wp-content\/uploads\/2024\/09\/WhatsApp-Image-2024-09-29-at-10.05.172.jpeg 960w\" sizes=\"auto, (max-width: 768px) 100vw, 768px\" \/><\/figure>\n\n\n\n<figure class=\"wp-block-image size-large\"><img loading=\"lazy\" decoding=\"async\" width=\"768\" height=\"1024\" data-id=\"2671\" src=\"https:\/\/prensa.sma.gob.ar\/wp-content\/uploads\/2024\/09\/WhatsApp-Image-2024-09-29-at-10.05.15-768x1024.jpeg\" alt=\"\" class=\"wp-image-2671\" srcset=\"https:\/\/prensa.sma.gob.ar\/wp-content\/uploads\/2024\/09\/WhatsApp-Image-2024-09-29-at-10.05.15-768x1024.jpeg 768w, https:\/\/prensa.sma.gob.ar\/wp-content\/uploads\/2024\/09\/WhatsApp-Image-2024-09-29-at-10.05.15-225x300.jpeg 225w, https:\/\/prensa.sma.gob.ar\/wp-content\/uploads\/2024\/09\/WhatsApp-Image-2024-09-29-at-10.05.15-315x420.jpeg 315w, https:\/\/prensa.sma.gob.ar\/wp-content\/uploads\/2024\/09\/WhatsApp-Image-2024-09-29-at-10.05.15-696x928.jpeg 696w, https:\/\/prensa.sma.gob.ar\/wp-content\/uploads\/2024\/09\/WhatsApp-Image-2024-09-29-at-10.05.15.jpeg 960w\" sizes=\"auto, (max-width: 768px) 100vw, 768px\" \/><\/figure>\n<\/figure>\n","protected":false},"excerpt":{"rendered":"<p>La secretaria de Deportes y Juventudes de Neuqu\u00e9n, Mar\u00eda Fernanda Villone, y el intendente de San Mart\u00edn de los Andes, Carlos Saloniti, participaron este domingo de la final de la Zona Sur de la categor\u00eda sub 16 de v\u00f3ley masculino de los juegos regionales. El encuentro, que se realiz\u00f3 en el gimnasio Javier Carriqueo, reuni\u00f3 [&hellip;]<\/p>\n","protected":false},"author":2,"featured_media":2665,"comment_status":"closed","ping_status":"open","sticky":false,"template":"","format":"standard","meta":{"footnotes":""},"categories":[7,16,14],"tags":[],"class_list":{"0":"post-2659","1":"post","2":"type-post","3":"status-publish","4":"format-standard","5":"has-post-thumbnail","7":"category-deportes","8":"category-destacadas","9":"category-noticias"},"_links":{"self":[{"href":"https:\/\/prensa.sma.gob.ar\/index.php?rest_route=\/wp\/v2\/posts\/2659","targetHints":{"allow":["GET"]}}],"collection":[{"href":"https:\/\/prensa.sma.gob.ar\/index.php?rest_route=\/wp\/v2\/posts"}],"about":[{"href":"https:\/\/prensa.sma.gob.ar\/index.php?rest_route=\/wp\/v2\/types\/post"}],"author":[{"embeddable":true,"href":"https:\/\/prensa.sma.gob.ar\/index.php?rest_route=\/wp\/v2\/users\/2"}],"replies":[{"embeddable":true,"href":"https:\/\/prensa.sma.gob.ar\/index.php?rest_route=%2Fwp%2Fv2%2Fcomments&post=2659"}],"version-history":[{"count":2,"href":"https:\/\/prensa.sma.gob.ar\/index.php?rest_route=\/wp\/v2\/posts\/2659\/revisions"}],"predecessor-version":[{"id":2682,"href":"https:\/\/prensa.sma.gob.ar\/index.php?rest_route=\/wp\/v2\/posts\/2659\/revisions\/2682"}],"wp:featuredmedia":[{"embeddable":true,"href":"https:\/\/prensa.sma.gob.ar\/index.php?rest_route=\/wp\/v2\/media\/2665"}],"wp:attachment":[{"href":"https:\/\/prensa.sma.gob.ar\/index.php?rest_route=%2Fwp%2Fv2%2Fmedia&parent=2659"}],"wp:term":[{"taxonomy":"category","embeddable":true,"href":"https:\/\/prensa.sma.gob.ar\/index.php?rest_route=%2Fwp%2Fv2%2Fcategories&post=2659"},{"taxonomy":"post_tag","embeddable":true,"href":"https:\/\/prensa.sma.gob.ar\/index.php?rest_route=%2Fwp%2Fv2%2Ftags&post=2659"}],"curies":[{"name":"wp","href":"https:\/\/api.w.org\/{rel}","templated":true}]}}