{"id":2704,"date":"2024-10-01T02:58:18","date_gmt":"2024-10-01T02:58:18","guid":{"rendered":"https:\/\/prensa.sma.gob.ar\/?p=2704"},"modified":"2024-10-01T02:58:19","modified_gmt":"2024-10-01T02:58:19","slug":"el-intendente-saloniti-participo-de-la-reunion-de-la-region-sur-junto-al-gobernador-figueroa","status":"publish","type":"post","link":"https:\/\/prensa.sma.gob.ar\/?p=2704","title":{"rendered":"El intendente Saloniti particip\u00f3 de la reuni\u00f3n de la Regi\u00f3n Sur junto al gobernador Figueroa"},"content":{"rendered":"\n<p>El gobernador de Neuqu\u00e9n, Rolando Figueroa, encabez\u00f3 junto a su gabinete, una reuni\u00f3n de intendentes y concejales de la Regi\u00f3n Sur de la provincia, en la que se trabaj\u00f3 sobre el presupuesto neuquino para 2025.<\/p>\n\n\n\n<p>El intendente de San Mart\u00edn de los Andes, Carlos Saloniti, explic\u00f3 que, durante el encuentro, realizado en Villa La Angostura, se analizaron aspectos vinculados al Presupuesto del a\u00f1o pr\u00f3ximo\u201d.<\/p>\n\n\n\n<p>Se\u00f1al\u00f3 que \u201cel eje estuvo puesto en el plan de obras a partir de los recursos y los gastos provinciales previstos para 2025, dentro del Presupuesto que ser\u00e1 enviado por el Gobernador a la Legislatura en las pr\u00f3ximas semanas\u201d.<\/p>\n\n\n\n<p>Saloniti destac\u00f3 que, en la reuni\u00f3n, \u201cse discutieron ideas y se analizaron propuestas para ir construyendo y definiendo las obras para cada ciudad de la Regi\u00f3n Sur\u201d, que comprende a las localidades de San Mart\u00edn de los Andes, Jun\u00edn de los Andes, Villa La Angostura y Traful.<\/p>\n\n\n\n<p>El gobernador Figueroa estuvo acompa\u00f1ado por su jefe de Gabinete, Juan Luis Ousset; la ministra de Desarrollo Humano, Gobiernos Locales y Mujeres, Julieta Corroza; y los ministros de Econom\u00eda, Producci\u00f3n e Industria, Guillermo Koenig; y de Turismo, Gustavo Fern\u00e1ndez Capiet.<\/p>\n\n\n\n<p>Adem\u00e1s de los jefes comunales de la regi\u00f3n, tambi\u00e9n asistieron concejales. Por nuestra ciudad estuvieron Mar\u00eda Laura Da Pieve, Paula Vives, Sol Petagna, Cesar Meza, Santiago Fern\u00e1ndez, Carlos Men\u00e9ndez y Pablo Padilla.<\/p>\n\n\n\n<p>El concejal Padilla se\u00f1al\u00f3 que el encuentro \u201csirvi\u00f3 para generar un an\u00e1lisis, evaluaci\u00f3n y proyecci\u00f3n de obras a incluir en el presupuesto 2025\u201d y record\u00f3 que \u201cla Regi\u00f3n Sur tiene un eje de desarrollo marcado por el turismo y problem\u00e1ticas en com\u00fan, por lo cual trabajaremos en conjunto\u201d con los dem\u00e1s municipios.<\/p>\n\n\n\n<p>El gobierno provincial comenz\u00f3 la semana pasada una serie de reuniones con intendentes. El viernes se realizaron encuentros con jefes comunales de la Regi\u00f3n Vaca Muerta, la Regi\u00f3n Alto Neuqu\u00e9n y la Regi\u00f3n Centro Oeste.<\/p>\n\n\n\n<p>Este lunes, en Villa La Angostura, se dio continuidad al diagramado del Presupuesto 2025, teniendo en cuenta la mirada local, las prioridades y la articulaci\u00f3n a trav\u00e9s de la optimizaci\u00f3n y redistribuci\u00f3n de recursos.<\/p>\n\n\n\n<figure class=\"wp-block-image size-large\"><img loading=\"lazy\" decoding=\"async\" width=\"1024\" height=\"489\" src=\"https:\/\/prensa.sma.gob.ar\/wp-content\/uploads\/2024\/10\/WhatsApp-Image-2024-09-30-at-22.42.25-1024x489.jpeg\" alt=\"\" class=\"wp-image-2705\" srcset=\"https:\/\/prensa.sma.gob.ar\/wp-content\/uploads\/2024\/10\/WhatsApp-Image-2024-09-30-at-22.42.25-1024x489.jpeg 1024w, https:\/\/prensa.sma.gob.ar\/wp-content\/uploads\/2024\/10\/WhatsApp-Image-2024-09-30-at-22.42.25-300x143.jpeg 300w, https:\/\/prensa.sma.gob.ar\/wp-content\/uploads\/2024\/10\/WhatsApp-Image-2024-09-30-at-22.42.25-768x367.jpeg 768w, https:\/\/prensa.sma.gob.ar\/wp-content\/uploads\/2024\/10\/WhatsApp-Image-2024-09-30-at-22.42.25-880x420.jpeg 880w, https:\/\/prensa.sma.gob.ar\/wp-content\/uploads\/2024\/10\/WhatsApp-Image-2024-09-30-at-22.42.25-696x332.jpeg 696w, https:\/\/prensa.sma.gob.ar\/wp-content\/uploads\/2024\/10\/WhatsApp-Image-2024-09-30-at-22.42.25-1068x510.jpeg 1068w, https:\/\/prensa.sma.gob.ar\/wp-content\/uploads\/2024\/10\/WhatsApp-Image-2024-09-30-at-22.42.25.jpeg 1274w\" sizes=\"auto, (max-width: 1024px) 100vw, 1024px\" \/><\/figure>\n","protected":false},"excerpt":{"rendered":"<p>El gobernador de Neuqu\u00e9n, Rolando Figueroa, encabez\u00f3 junto a su gabinete, una reuni\u00f3n de intendentes y concejales de la Regi\u00f3n Sur de la provincia, en la que se trabaj\u00f3 sobre el presupuesto neuquino para 2025. El intendente de San Mart\u00edn de los Andes, Carlos Saloniti, explic\u00f3 que, durante el encuentro, realizado en Villa La Angostura, [&hellip;]<\/p>\n","protected":false},"author":2,"featured_media":2706,"comment_status":"closed","ping_status":"open","sticky":false,"template":"","format":"standard","meta":{"footnotes":""},"categories":[16,14,17],"tags":[],"class_list":{"0":"post-2704","1":"post","2":"type-post","3":"status-publish","4":"format-standard","5":"has-post-thumbnail","7":"category-destacadas","8":"category-noticias","9":"category-portada"},"_links":{"self":[{"href":"https:\/\/prensa.sma.gob.ar\/index.php?rest_route=\/wp\/v2\/posts\/2704","targetHints":{"allow":["GET"]}}],"collection":[{"href":"https:\/\/prensa.sma.gob.ar\/index.php?rest_route=\/wp\/v2\/posts"}],"about":[{"href":"https:\/\/prensa.sma.gob.ar\/index.php?rest_route=\/wp\/v2\/types\/post"}],"author":[{"embeddable":true,"href":"https:\/\/prensa.sma.gob.ar\/index.php?rest_route=\/wp\/v2\/users\/2"}],"replies":[{"embeddable":true,"href":"https:\/\/prensa.sma.gob.ar\/index.php?rest_route=%2Fwp%2Fv2%2Fcomments&post=2704"}],"version-history":[{"count":1,"href":"https:\/\/prensa.sma.gob.ar\/index.php?rest_route=\/wp\/v2\/posts\/2704\/revisions"}],"predecessor-version":[{"id":2707,"href":"https:\/\/prensa.sma.gob.ar\/index.php?rest_route=\/wp\/v2\/posts\/2704\/revisions\/2707"}],"wp:featuredmedia":[{"embeddable":true,"href":"https:\/\/prensa.sma.gob.ar\/index.php?rest_route=\/wp\/v2\/media\/2706"}],"wp:attachment":[{"href":"https:\/\/prensa.sma.gob.ar\/index.php?rest_route=%2Fwp%2Fv2%2Fmedia&parent=2704"}],"wp:term":[{"taxonomy":"category","embeddable":true,"href":"https:\/\/prensa.sma.gob.ar\/index.php?rest_route=%2Fwp%2Fv2%2Fcategories&post=2704"},{"taxonomy":"post_tag","embeddable":true,"href":"https:\/\/prensa.sma.gob.ar\/index.php?rest_route=%2Fwp%2Fv2%2Ftags&post=2704"}],"curies":[{"name":"wp","href":"https:\/\/api.w.org\/{rel}","templated":true}]}}