{"id":2709,"date":"2024-10-01T12:35:08","date_gmt":"2024-10-01T12:35:08","guid":{"rendered":"https:\/\/prensa.sma.gob.ar\/?p=2709"},"modified":"2024-10-01T12:37:53","modified_gmt":"2024-10-01T12:37:53","slug":"alihuen-bajo-presento-lista-de-aspirantes-a-la-junta-vecinal","status":"publish","type":"post","link":"https:\/\/prensa.sma.gob.ar\/?p=2709","title":{"rendered":"Alihuen Bajo present\u00f3 lista de aspirantes a la Junta Vecinal"},"content":{"rendered":"\n<p>Vencido el plazo de 15 d\u00edas para la presentaci\u00f3n de aspirantes para conformar la Comisi\u00f3n Vecinal del Barrio Alihuen Bajo, una lista conformada por 12 vecinas y vecinos de esa zona de la ciudad present\u00f3 sus candidatos\/as.<\/p>\n\n\n\n<p>La Subsecretar\u00eda de Juntas Vecinales inform\u00f3 que, a partir de ahora, se inicia el periodo de impugnaciones, seg\u00fan lo establece la ordenanza de Reglamentaci\u00f3n de Juntas Vecinales.<\/p>\n\n\n\n<p>Quienes quieran recabar m\u00e1s informaci\u00f3n se pueden presentar en la oficina de la Subsecretaria de Juntas Vecinales San Mart\u00edn de los Andes, ubicada en Drury y Fosbery, o llamar al tel\u00e9fono 427315 &#8211; int 273.<\/p>\n\n\n\n<p><\/p>\n","protected":false},"excerpt":{"rendered":"<p>Vencido el plazo de 15 d\u00edas para la presentaci\u00f3n de aspirantes para conformar la Comisi\u00f3n Vecinal del Barrio Alihuen Bajo, una lista conformada por 12 vecinas y vecinos de esa zona de la ciudad present\u00f3 sus candidatos\/as. La Subsecretar\u00eda de Juntas Vecinales inform\u00f3 que, a partir de ahora, se inicia el periodo de impugnaciones, seg\u00fan [&hellip;]<\/p>\n","protected":false},"author":1,"featured_media":2710,"comment_status":"closed","ping_status":"open","sticky":false,"template":"","format":"standard","meta":{"footnotes":""},"categories":[39,14],"tags":[],"class_list":{"0":"post-2709","1":"post","2":"type-post","3":"status-publish","4":"format-standard","5":"has-post-thumbnail","7":"category-subs-juntas-vecinales","8":"category-noticias"},"_links":{"self":[{"href":"https:\/\/prensa.sma.gob.ar\/index.php?rest_route=\/wp\/v2\/posts\/2709","targetHints":{"allow":["GET"]}}],"collection":[{"href":"https:\/\/prensa.sma.gob.ar\/index.php?rest_route=\/wp\/v2\/posts"}],"about":[{"href":"https:\/\/prensa.sma.gob.ar\/index.php?rest_route=\/wp\/v2\/types\/post"}],"author":[{"embeddable":true,"href":"https:\/\/prensa.sma.gob.ar\/index.php?rest_route=\/wp\/v2\/users\/1"}],"replies":[{"embeddable":true,"href":"https:\/\/prensa.sma.gob.ar\/index.php?rest_route=%2Fwp%2Fv2%2Fcomments&post=2709"}],"version-history":[{"count":1,"href":"https:\/\/prensa.sma.gob.ar\/index.php?rest_route=\/wp\/v2\/posts\/2709\/revisions"}],"predecessor-version":[{"id":2711,"href":"https:\/\/prensa.sma.gob.ar\/index.php?rest_route=\/wp\/v2\/posts\/2709\/revisions\/2711"}],"wp:featuredmedia":[{"embeddable":true,"href":"https:\/\/prensa.sma.gob.ar\/index.php?rest_route=\/wp\/v2\/media\/2710"}],"wp:attachment":[{"href":"https:\/\/prensa.sma.gob.ar\/index.php?rest_route=%2Fwp%2Fv2%2Fmedia&parent=2709"}],"wp:term":[{"taxonomy":"category","embeddable":true,"href":"https:\/\/prensa.sma.gob.ar\/index.php?rest_route=%2Fwp%2Fv2%2Fcategories&post=2709"},{"taxonomy":"post_tag","embeddable":true,"href":"https:\/\/prensa.sma.gob.ar\/index.php?rest_route=%2Fwp%2Fv2%2Ftags&post=2709"}],"curies":[{"name":"wp","href":"https:\/\/api.w.org\/{rel}","templated":true}]}}