{"id":2712,"date":"2024-10-01T13:47:02","date_gmt":"2024-10-01T13:47:02","guid":{"rendered":"https:\/\/prensa.sma.gob.ar\/?p=2712"},"modified":"2024-10-01T13:49:04","modified_gmt":"2024-10-01T13:49:04","slug":"rige-la-gratuidad-del-boleto-estudiantil-los-tramites-se-realizan-en-la-oficina-de-sube","status":"publish","type":"post","link":"https:\/\/prensa.sma.gob.ar\/?p=2712","title":{"rendered":"Rige la gratuidad del boleto estudiantil: los tr\u00e1mites se realizan en la oficina de SUBE"},"content":{"rendered":"\n<p>La Unidad de Gesti\u00f3n de SUBE recuerda que a partir de este martes 1 de octubre el boleto escolar ser\u00e1 gratuito para las y los estudiantes de nuestra ciudad. Para acceder, deben tramitar el descuento escolar de todos los niveles, sin fecha l\u00edmite para el tr\u00e1mite.<\/p>\n\n\n\n<p>Los tr\u00e1mites se podr\u00e1n realizar de 8 a 13.30 hs, de lunes a viernes, en la oficina de la Unidad de Gesti\u00f3n SUBE, ubicada en la terminal de \u00f3mnibus.<\/p>\n\n\n\n<p>REQUISITOS:<\/p>\n\n\n\n<p>DNI original o la versi\u00f3n de la aplicaci\u00f3n Mi Argentina<\/p>\n\n\n\n<p>Foto 4x 4 actualizada<\/p>\n\n\n\n<p>Certificado escolar con firma y sello de la instituci\u00f3n en los casos de CFP 19, EPA 10, IFES, IFED3<\/p>\n\n\n\n<p>El resto de los estudiantes son verificados en el Sistema Integral de Unidades Educativas (S.I.Un.Ed.). En caso de no estar en el listado se les pedir\u00e1 la constancia en el momento.<\/p>\n\n\n\n<p>Los mayores de 13 a\u00f1os pueden hacer su tr\u00e1mite personal pero no el de otras personas.<\/p>\n\n\n\n<p>Los mayores de 18 a\u00f1os pueden hacer el tr\u00e1mite propio y tambi\u00e9n el de otras personas.<\/p>\n\n\n\n<p><\/p>\n","protected":false},"excerpt":{"rendered":"<p>La Unidad de Gesti\u00f3n de SUBE recuerda que a partir de este martes 1 de octubre el boleto escolar ser\u00e1 gratuito para las y los estudiantes de nuestra ciudad. Para acceder, deben tramitar el descuento escolar de todos los niveles, sin fecha l\u00edmite para el tr\u00e1mite. Los tr\u00e1mites se podr\u00e1n realizar de 8 a 13.30 [&hellip;]<\/p>\n","protected":false},"author":1,"featured_media":2713,"comment_status":"closed","ping_status":"open","sticky":false,"template":"","format":"standard","meta":{"footnotes":""},"categories":[16,14,17],"tags":[],"class_list":{"0":"post-2712","1":"post","2":"type-post","3":"status-publish","4":"format-standard","5":"has-post-thumbnail","7":"category-destacadas","8":"category-noticias","9":"category-portada"},"_links":{"self":[{"href":"https:\/\/prensa.sma.gob.ar\/index.php?rest_route=\/wp\/v2\/posts\/2712","targetHints":{"allow":["GET"]}}],"collection":[{"href":"https:\/\/prensa.sma.gob.ar\/index.php?rest_route=\/wp\/v2\/posts"}],"about":[{"href":"https:\/\/prensa.sma.gob.ar\/index.php?rest_route=\/wp\/v2\/types\/post"}],"author":[{"embeddable":true,"href":"https:\/\/prensa.sma.gob.ar\/index.php?rest_route=\/wp\/v2\/users\/1"}],"replies":[{"embeddable":true,"href":"https:\/\/prensa.sma.gob.ar\/index.php?rest_route=%2Fwp%2Fv2%2Fcomments&post=2712"}],"version-history":[{"count":1,"href":"https:\/\/prensa.sma.gob.ar\/index.php?rest_route=\/wp\/v2\/posts\/2712\/revisions"}],"predecessor-version":[{"id":2714,"href":"https:\/\/prensa.sma.gob.ar\/index.php?rest_route=\/wp\/v2\/posts\/2712\/revisions\/2714"}],"wp:featuredmedia":[{"embeddable":true,"href":"https:\/\/prensa.sma.gob.ar\/index.php?rest_route=\/wp\/v2\/media\/2713"}],"wp:attachment":[{"href":"https:\/\/prensa.sma.gob.ar\/index.php?rest_route=%2Fwp%2Fv2%2Fmedia&parent=2712"}],"wp:term":[{"taxonomy":"category","embeddable":true,"href":"https:\/\/prensa.sma.gob.ar\/index.php?rest_route=%2Fwp%2Fv2%2Fcategories&post=2712"},{"taxonomy":"post_tag","embeddable":true,"href":"https:\/\/prensa.sma.gob.ar\/index.php?rest_route=%2Fwp%2Fv2%2Ftags&post=2712"}],"curies":[{"name":"wp","href":"https:\/\/api.w.org\/{rel}","templated":true}]}}