{"id":2716,"date":"2024-10-01T17:57:35","date_gmt":"2024-10-01T17:57:35","guid":{"rendered":"https:\/\/prensa.sma.gob.ar\/?p=2716"},"modified":"2024-10-01T18:11:14","modified_gmt":"2024-10-01T18:11:14","slug":"las-razones-tecnicas-por-las-cuales-se-apeo-el-alamo-de-la-costanera","status":"publish","type":"post","link":"https:\/\/prensa.sma.gob.ar\/?p=2716","title":{"rendered":"Las razones t\u00e9cnicas por las cuales se ape\u00f3 el \u00e1lamo de la costanera"},"content":{"rendered":"\n<p>La decisi\u00f3n del Municipio de podar y apear el \u00e1lamo de la costanera del lago Lacar obedeci\u00f3 a razones t\u00e9cnicas evaluadas por diferentes \u00e1reas y avaladas por un informe de especialistas de la Universidad Nacional del Comahue.<\/p>\n\n\n\n<p>La Direcci\u00f3n de Espacios Verdes inform\u00f3 que se evalu\u00f3 la situaci\u00f3n del ejemplar de Populus sp (\u00e1lamo) ubicado en la costanera, junto al cartel de San Mart\u00edn de los Andes. All\u00ed se evidenci\u00f3 el deterioro en el material constructivo de ese sector de la costanera.&nbsp;<\/p>\n\n\n\n<p>Desde el \u00e1rea de Espacios Verdes se pidi\u00f3, luego, una segunda evaluaci\u00f3n a t\u00e9cnicos de la Universidad Nacional del Comahue, con el objetivo de contemplar una consideraci\u00f3n en conjunto.<\/p>\n\n\n\n<figure class=\"wp-block-gallery has-nested-images columns-default is-cropped wp-block-gallery-1 is-layout-flex wp-block-gallery-is-layout-flex\">\n<figure class=\"wp-block-image size-large\"><img loading=\"lazy\" decoding=\"async\" width=\"436\" height=\"696\" data-id=\"2727\" src=\"https:\/\/prensa.sma.gob.ar\/wp-content\/uploads\/2024\/10\/ALAMO-4.png\" alt=\"\" class=\"wp-image-2727\" srcset=\"https:\/\/prensa.sma.gob.ar\/wp-content\/uploads\/2024\/10\/ALAMO-4.png 436w, https:\/\/prensa.sma.gob.ar\/wp-content\/uploads\/2024\/10\/ALAMO-4-188x300.png 188w, https:\/\/prensa.sma.gob.ar\/wp-content\/uploads\/2024\/10\/ALAMO-4-263x420.png 263w\" sizes=\"auto, (max-width: 436px) 100vw, 436px\" \/><\/figure>\n\n\n\n<figure class=\"wp-block-image size-large\"><img loading=\"lazy\" decoding=\"async\" width=\"434\" height=\"768\" data-id=\"2725\" src=\"https:\/\/prensa.sma.gob.ar\/wp-content\/uploads\/2024\/10\/ALAMO-1.png\" alt=\"\" class=\"wp-image-2725\" srcset=\"https:\/\/prensa.sma.gob.ar\/wp-content\/uploads\/2024\/10\/ALAMO-1.png 434w, https:\/\/prensa.sma.gob.ar\/wp-content\/uploads\/2024\/10\/ALAMO-1-170x300.png 170w, https:\/\/prensa.sma.gob.ar\/wp-content\/uploads\/2024\/10\/ALAMO-1-237x420.png 237w\" sizes=\"auto, (max-width: 434px) 100vw, 434px\" \/><\/figure>\n\n\n\n<figure class=\"wp-block-image size-large\"><img loading=\"lazy\" decoding=\"async\" width=\"434\" height=\"768\" data-id=\"2724\" src=\"https:\/\/prensa.sma.gob.ar\/wp-content\/uploads\/2024\/10\/ALAMO-2.png\" alt=\"\" class=\"wp-image-2724\" srcset=\"https:\/\/prensa.sma.gob.ar\/wp-content\/uploads\/2024\/10\/ALAMO-2.png 434w, https:\/\/prensa.sma.gob.ar\/wp-content\/uploads\/2024\/10\/ALAMO-2-170x300.png 170w, https:\/\/prensa.sma.gob.ar\/wp-content\/uploads\/2024\/10\/ALAMO-2-237x420.png 237w\" sizes=\"auto, (max-width: 434px) 100vw, 434px\" \/><\/figure>\n<\/figure>\n\n\n\n<p>Una recorrida por el sector permiti\u00f3 observar el levantamiento de adoquines y secciones que presentaban quebraduras o rajaduras. Vinculado al ejemplar, se observaban secciones con deterioro en su estructura, as\u00ed como posible pudrici\u00f3n, hecho que se constat\u00f3 cuando se produjo el apeo.<\/p>\n\n\n\n<p>El Municipio considera importante contar con evaluaciones de t\u00e9cnicos externos al Ejecutivo, a fin de que la informaci\u00f3n que se obtenga colabore con los especialistas propios en obtener conclusiones que contribuyan a mejorar la calidad del arbolado urbano de nuestra ciudad.<\/p>\n\n\n\n<p>Finalmente, la Direcci\u00f3n de Espacios Verdes inform\u00f3 que propuso la reforestaci\u00f3n con ejemplares nativos, una iniciativa que est\u00e1 siendo evaluada por otras \u00e1reas del Municipio.<\/p>\n\n\n\n<figure class=\"wp-block-gallery has-nested-images columns-default is-cropped wp-block-gallery-2 is-layout-flex wp-block-gallery-is-layout-flex\">\n<figure class=\"wp-block-image size-large\"><img loading=\"lazy\" decoding=\"async\" width=\"436\" height=\"768\" data-id=\"2726\" src=\"https:\/\/prensa.sma.gob.ar\/wp-content\/uploads\/2024\/10\/ALAMO-3.png\" alt=\"\" class=\"wp-image-2726\" srcset=\"https:\/\/prensa.sma.gob.ar\/wp-content\/uploads\/2024\/10\/ALAMO-3.png 436w, https:\/\/prensa.sma.gob.ar\/wp-content\/uploads\/2024\/10\/ALAMO-3-170x300.png 170w, https:\/\/prensa.sma.gob.ar\/wp-content\/uploads\/2024\/10\/ALAMO-3-238x420.png 238w\" sizes=\"auto, (max-width: 436px) 100vw, 436px\" \/><\/figure>\n\n\n\n<figure class=\"wp-block-image size-large\"><img loading=\"lazy\" decoding=\"async\" width=\"768\" height=\"1024\" data-id=\"2719\" src=\"https:\/\/prensa.sma.gob.ar\/wp-content\/uploads\/2024\/10\/WhatsApp-Image-2024-10-01-at-13.02.371-768x1024.jpeg\" alt=\"\" class=\"wp-image-2719\" srcset=\"https:\/\/prensa.sma.gob.ar\/wp-content\/uploads\/2024\/10\/WhatsApp-Image-2024-10-01-at-13.02.371-768x1024.jpeg 768w, https:\/\/prensa.sma.gob.ar\/wp-content\/uploads\/2024\/10\/WhatsApp-Image-2024-10-01-at-13.02.371-225x300.jpeg 225w, https:\/\/prensa.sma.gob.ar\/wp-content\/uploads\/2024\/10\/WhatsApp-Image-2024-10-01-at-13.02.371-1152x1536.jpeg 1152w, https:\/\/prensa.sma.gob.ar\/wp-content\/uploads\/2024\/10\/WhatsApp-Image-2024-10-01-at-13.02.371-315x420.jpeg 315w, https:\/\/prensa.sma.gob.ar\/wp-content\/uploads\/2024\/10\/WhatsApp-Image-2024-10-01-at-13.02.371-696x928.jpeg 696w, https:\/\/prensa.sma.gob.ar\/wp-content\/uploads\/2024\/10\/WhatsApp-Image-2024-10-01-at-13.02.371-1068x1424.jpeg 1068w, https:\/\/prensa.sma.gob.ar\/wp-content\/uploads\/2024\/10\/WhatsApp-Image-2024-10-01-at-13.02.371.jpeg 1200w\" sizes=\"auto, (max-width: 768px) 100vw, 768px\" \/><\/figure>\n\n\n\n<figure class=\"wp-block-image size-large\"><img loading=\"lazy\" decoding=\"async\" width=\"768\" height=\"1024\" data-id=\"2723\" src=\"https:\/\/prensa.sma.gob.ar\/wp-content\/uploads\/2024\/10\/WhatsApp-Image-2024-10-01-at-09.07.54-768x1024.jpeg\" alt=\"\" class=\"wp-image-2723\" srcset=\"https:\/\/prensa.sma.gob.ar\/wp-content\/uploads\/2024\/10\/WhatsApp-Image-2024-10-01-at-09.07.54-768x1024.jpeg 768w, https:\/\/prensa.sma.gob.ar\/wp-content\/uploads\/2024\/10\/WhatsApp-Image-2024-10-01-at-09.07.54-225x300.jpeg 225w, https:\/\/prensa.sma.gob.ar\/wp-content\/uploads\/2024\/10\/WhatsApp-Image-2024-10-01-at-09.07.54-315x420.jpeg 315w, https:\/\/prensa.sma.gob.ar\/wp-content\/uploads\/2024\/10\/WhatsApp-Image-2024-10-01-at-09.07.54-696x928.jpeg 696w, https:\/\/prensa.sma.gob.ar\/wp-content\/uploads\/2024\/10\/WhatsApp-Image-2024-10-01-at-09.07.54.jpeg 960w\" sizes=\"auto, (max-width: 768px) 100vw, 768px\" \/><\/figure>\n<\/figure>\n\n\n\n<figure class=\"wp-block-gallery has-nested-images columns-default is-cropped wp-block-gallery-3 is-layout-flex wp-block-gallery-is-layout-flex\">\n<figure class=\"wp-block-image size-large\"><img loading=\"lazy\" decoding=\"async\" width=\"1024\" height=\"768\" data-id=\"2722\" src=\"https:\/\/prensa.sma.gob.ar\/wp-content\/uploads\/2024\/10\/WhatsApp-Image-2024-10-01-at-09.07.57-1024x768.jpeg\" alt=\"\" class=\"wp-image-2722\" srcset=\"https:\/\/prensa.sma.gob.ar\/wp-content\/uploads\/2024\/10\/WhatsApp-Image-2024-10-01-at-09.07.57-1024x768.jpeg 1024w, https:\/\/prensa.sma.gob.ar\/wp-content\/uploads\/2024\/10\/WhatsApp-Image-2024-10-01-at-09.07.57-300x225.jpeg 300w, https:\/\/prensa.sma.gob.ar\/wp-content\/uploads\/2024\/10\/WhatsApp-Image-2024-10-01-at-09.07.57-768x576.jpeg 768w, https:\/\/prensa.sma.gob.ar\/wp-content\/uploads\/2024\/10\/WhatsApp-Image-2024-10-01-at-09.07.57-560x420.jpeg 560w, https:\/\/prensa.sma.gob.ar\/wp-content\/uploads\/2024\/10\/WhatsApp-Image-2024-10-01-at-09.07.57-80x60.jpeg 80w, https:\/\/prensa.sma.gob.ar\/wp-content\/uploads\/2024\/10\/WhatsApp-Image-2024-10-01-at-09.07.57-696x522.jpeg 696w, https:\/\/prensa.sma.gob.ar\/wp-content\/uploads\/2024\/10\/WhatsApp-Image-2024-10-01-at-09.07.57-1068x801.jpeg 1068w, https:\/\/prensa.sma.gob.ar\/wp-content\/uploads\/2024\/10\/WhatsApp-Image-2024-10-01-at-09.07.57.jpeg 1280w\" sizes=\"auto, (max-width: 1024px) 100vw, 1024px\" \/><\/figure>\n\n\n\n<figure class=\"wp-block-image size-large\"><img loading=\"lazy\" decoding=\"async\" width=\"1024\" height=\"768\" data-id=\"2720\" src=\"https:\/\/prensa.sma.gob.ar\/wp-content\/uploads\/2024\/10\/WhatsApp-Image-2024-10-01-at-13.02.37-1024x768.jpeg\" alt=\"\" class=\"wp-image-2720\" srcset=\"https:\/\/prensa.sma.gob.ar\/wp-content\/uploads\/2024\/10\/WhatsApp-Image-2024-10-01-at-13.02.37-1024x768.jpeg 1024w, https:\/\/prensa.sma.gob.ar\/wp-content\/uploads\/2024\/10\/WhatsApp-Image-2024-10-01-at-13.02.37-300x225.jpeg 300w, https:\/\/prensa.sma.gob.ar\/wp-content\/uploads\/2024\/10\/WhatsApp-Image-2024-10-01-at-13.02.37-768x576.jpeg 768w, https:\/\/prensa.sma.gob.ar\/wp-content\/uploads\/2024\/10\/WhatsApp-Image-2024-10-01-at-13.02.37-1536x1152.jpeg 1536w, https:\/\/prensa.sma.gob.ar\/wp-content\/uploads\/2024\/10\/WhatsApp-Image-2024-10-01-at-13.02.37-560x420.jpeg 560w, https:\/\/prensa.sma.gob.ar\/wp-content\/uploads\/2024\/10\/WhatsApp-Image-2024-10-01-at-13.02.37-80x60.jpeg 80w, https:\/\/prensa.sma.gob.ar\/wp-content\/uploads\/2024\/10\/WhatsApp-Image-2024-10-01-at-13.02.37-696x522.jpeg 696w, https:\/\/prensa.sma.gob.ar\/wp-content\/uploads\/2024\/10\/WhatsApp-Image-2024-10-01-at-13.02.37-1068x801.jpeg 1068w, https:\/\/prensa.sma.gob.ar\/wp-content\/uploads\/2024\/10\/WhatsApp-Image-2024-10-01-at-13.02.37.jpeg 1600w\" sizes=\"auto, (max-width: 1024px) 100vw, 1024px\" \/><\/figure>\n\n\n\n<figure class=\"wp-block-image size-large\"><img loading=\"lazy\" decoding=\"async\" width=\"1024\" height=\"768\" data-id=\"2718\" src=\"https:\/\/prensa.sma.gob.ar\/wp-content\/uploads\/2024\/10\/WhatsApp-Image-2024-10-01-at-13.02.372-1024x768.jpeg\" alt=\"\" class=\"wp-image-2718\" srcset=\"https:\/\/prensa.sma.gob.ar\/wp-content\/uploads\/2024\/10\/WhatsApp-Image-2024-10-01-at-13.02.372-1024x768.jpeg 1024w, https:\/\/prensa.sma.gob.ar\/wp-content\/uploads\/2024\/10\/WhatsApp-Image-2024-10-01-at-13.02.372-300x225.jpeg 300w, https:\/\/prensa.sma.gob.ar\/wp-content\/uploads\/2024\/10\/WhatsApp-Image-2024-10-01-at-13.02.372-768x576.jpeg 768w, https:\/\/prensa.sma.gob.ar\/wp-content\/uploads\/2024\/10\/WhatsApp-Image-2024-10-01-at-13.02.372-1536x1152.jpeg 1536w, https:\/\/prensa.sma.gob.ar\/wp-content\/uploads\/2024\/10\/WhatsApp-Image-2024-10-01-at-13.02.372-560x420.jpeg 560w, https:\/\/prensa.sma.gob.ar\/wp-content\/uploads\/2024\/10\/WhatsApp-Image-2024-10-01-at-13.02.372-80x60.jpeg 80w, https:\/\/prensa.sma.gob.ar\/wp-content\/uploads\/2024\/10\/WhatsApp-Image-2024-10-01-at-13.02.372-696x522.jpeg 696w, https:\/\/prensa.sma.gob.ar\/wp-content\/uploads\/2024\/10\/WhatsApp-Image-2024-10-01-at-13.02.372-1068x801.jpeg 1068w, https:\/\/prensa.sma.gob.ar\/wp-content\/uploads\/2024\/10\/WhatsApp-Image-2024-10-01-at-13.02.372.jpeg 1600w\" sizes=\"auto, (max-width: 1024px) 100vw, 1024px\" \/><\/figure>\n<\/figure>\n","protected":false},"excerpt":{"rendered":"<p>La decisi\u00f3n del Municipio de podar y apear el \u00e1lamo de la costanera del lago Lacar obedeci\u00f3 a razones t\u00e9cnicas evaluadas por diferentes \u00e1reas y avaladas por un informe de especialistas de la Universidad Nacional del Comahue. La Direcci\u00f3n de Espacios Verdes inform\u00f3 que se evalu\u00f3 la situaci\u00f3n del ejemplar de Populus sp (\u00e1lamo) ubicado [&hellip;]<\/p>\n","protected":false},"author":2,"featured_media":2729,"comment_status":"closed","ping_status":"open","sticky":false,"template":"","format":"standard","meta":{"footnotes":""},"categories":[16,14],"tags":[],"class_list":{"0":"post-2716","1":"post","2":"type-post","3":"status-publish","4":"format-standard","5":"has-post-thumbnail","7":"category-destacadas","8":"category-noticias"},"_links":{"self":[{"href":"https:\/\/prensa.sma.gob.ar\/index.php?rest_route=\/wp\/v2\/posts\/2716","targetHints":{"allow":["GET"]}}],"collection":[{"href":"https:\/\/prensa.sma.gob.ar\/index.php?rest_route=\/wp\/v2\/posts"}],"about":[{"href":"https:\/\/prensa.sma.gob.ar\/index.php?rest_route=\/wp\/v2\/types\/post"}],"author":[{"embeddable":true,"href":"https:\/\/prensa.sma.gob.ar\/index.php?rest_route=\/wp\/v2\/users\/2"}],"replies":[{"embeddable":true,"href":"https:\/\/prensa.sma.gob.ar\/index.php?rest_route=%2Fwp%2Fv2%2Fcomments&post=2716"}],"version-history":[{"count":3,"href":"https:\/\/prensa.sma.gob.ar\/index.php?rest_route=\/wp\/v2\/posts\/2716\/revisions"}],"predecessor-version":[{"id":2732,"href":"https:\/\/prensa.sma.gob.ar\/index.php?rest_route=\/wp\/v2\/posts\/2716\/revisions\/2732"}],"wp:featuredmedia":[{"embeddable":true,"href":"https:\/\/prensa.sma.gob.ar\/index.php?rest_route=\/wp\/v2\/media\/2729"}],"wp:attachment":[{"href":"https:\/\/prensa.sma.gob.ar\/index.php?rest_route=%2Fwp%2Fv2%2Fmedia&parent=2716"}],"wp:term":[{"taxonomy":"category","embeddable":true,"href":"https:\/\/prensa.sma.gob.ar\/index.php?rest_route=%2Fwp%2Fv2%2Fcategories&post=2716"},{"taxonomy":"post_tag","embeddable":true,"href":"https:\/\/prensa.sma.gob.ar\/index.php?rest_route=%2Fwp%2Fv2%2Ftags&post=2716"}],"curies":[{"name":"wp","href":"https:\/\/api.w.org\/{rel}","templated":true}]}}