{"id":2738,"date":"2024-10-02T23:40:30","date_gmt":"2024-10-02T23:40:30","guid":{"rendered":"https:\/\/prensa.sma.gob.ar\/?p=2738"},"modified":"2024-10-02T23:40:31","modified_gmt":"2024-10-02T23:40:31","slug":"se-realizaran-este-mes-las-jornadas-de-seguridad-vial-en-escuelas","status":"publish","type":"post","link":"https:\/\/prensa.sma.gob.ar\/?p=2738","title":{"rendered":"Se realizar\u00e1n este mes las jornadas de Seguridad Vial en escuelas"},"content":{"rendered":"\n<p>Los d\u00edas 29, 30 y 31 de octubre se realizar\u00e1 en nuestra ciudad el programa de Seguridad Vial en las escuelas, que permitir\u00e1 que chicas y chicos de nuestra ciudad tengan acceso a las herramientas m\u00e1s importantes sobre este tema que genera una problem\u00e1tica a nivel mundial.<\/p>\n\n\n\n<p>La Direcci\u00f3n General de Educaci\u00f3n del Municipio trabaja en el cronograma en base a las escuelas que se inscriben para ser parte de las jornadas. Las instituciones interesadas podr\u00e1n comunicarse de 8 a 14, al 427315 interno 363, o al correo <a href=\"mailto:educaci\u00f3n.sma2023@gmail.com\"><strong>educaci\u00f3n.sma2023@gmail.com<\/strong><\/a><\/p>\n\n\n\n<p>Las jornadas, organizadas por el Municipio y por Empexa y Vial Control, estar\u00e1n a cargo de Fernando Rojas, responsable del \u00e1rea de Educaci\u00f3n Vial de esta \u00faltima empresa. Tendr\u00e1n una duraci\u00f3n de aproximadamente 40 minutos, ser\u00e1n realizadas en las escuelas y en lo posible se solicitar\u00e1 a las instituciones contar con proyector y pantalla, para poder desarrollar la charla de una manera m\u00e1s gr\u00e1fica.<\/p>\n\n\n\n<p>A final de cada jornada se pondr\u00e1 en conocimiento de las y los docentes las pautas y sugerencias para seguir adelante con el programa y continuar abordando la seguridad vial en los distintos niveles educativos de manera efectiva y continua.<\/p>\n\n\n\n<p>En las jornadas, los capacitadores invitar\u00e1n a los ni\u00f1os y ni\u00f1as a reconocer las se\u00f1ales b\u00e1sicas de tr\u00e1nsito y conceptos como el estar atentos en la v\u00eda p\u00fablica y al cruzar la calle, viajes seguros en veh\u00edculos, uso de la bicicleta y transporte p\u00fablico y la importancia del uso de los elementos de seguridad.<\/p>\n\n\n\n<p>Seg\u00fan datos de la Organizaci\u00f3n Mundial de la Salud, cerca de 1,25 millones de personas fallecen cada a\u00f1o en las rutas y caminos del mundo. Entre veinte y cincuenta millones de personas sufren heridas o discapacidades cada a\u00f1o. Los ni\u00f1os, los peatones, los ciclistas y los ancianos son los usuarios m\u00e1s vulnerables de la v\u00eda p\u00fablica.<\/p>\n\n\n\n<p>El 90% de las muertes por siniestros viales se produce en pa\u00edses de ingresos bajos y medios que, como la Rep\u00fablica Argentina, s\u00f3lo cuentan con el 54% de veh\u00edculos matriculados. Estos siniestros de tr\u00e1nsito le cuestan al pa\u00eds entre el 1 y 3% de su PBI.<\/p>\n\n\n\n<p>La Direcci\u00f3n General de Educaci\u00f3n se\u00f1al\u00f3 que, si bien el abordaje del tema de la Seguridad Vial en Argentina, es obligatorio desde 1986 en todos los niveles educativos, operativamente no se realiza en el 100% del territorio nacional.<\/p>\n\n\n\n<p>Por esta raz\u00f3n, se busca mediante el juego y actividades l\u00fadicas llegar a los ni\u00f1os y ni\u00f1as de escuelas primarias con una propuesta de participaci\u00f3n y juego que abarca la Seguridad Vial principalmente. La convicci\u00f3n es que las infancias y j\u00f3venes son el pilar fundamental para generar un cambio de conciencia y encaminarse hacia una nueva Cultura Vial.<\/p>\n\n\n<div class=\"wp-block-image\">\n<figure class=\"aligncenter size-large is-resized\"><img loading=\"lazy\" decoding=\"async\" width=\"723\" height=\"1024\" src=\"https:\/\/prensa.sma.gob.ar\/wp-content\/uploads\/2024\/10\/WhatsApp-Image-2024-10-02-at-10.29.06-723x1024.jpeg\" alt=\"\" class=\"wp-image-2739\" style=\"width:474px;height:auto\" srcset=\"https:\/\/prensa.sma.gob.ar\/wp-content\/uploads\/2024\/10\/WhatsApp-Image-2024-10-02-at-10.29.06-723x1024.jpeg 723w, https:\/\/prensa.sma.gob.ar\/wp-content\/uploads\/2024\/10\/WhatsApp-Image-2024-10-02-at-10.29.06-212x300.jpeg 212w, https:\/\/prensa.sma.gob.ar\/wp-content\/uploads\/2024\/10\/WhatsApp-Image-2024-10-02-at-10.29.06-768x1087.jpeg 768w, https:\/\/prensa.sma.gob.ar\/wp-content\/uploads\/2024\/10\/WhatsApp-Image-2024-10-02-at-10.29.06-297x420.jpeg 297w, https:\/\/prensa.sma.gob.ar\/wp-content\/uploads\/2024\/10\/WhatsApp-Image-2024-10-02-at-10.29.06-696x985.jpeg 696w, https:\/\/prensa.sma.gob.ar\/wp-content\/uploads\/2024\/10\/WhatsApp-Image-2024-10-02-at-10.29.06.jpeg 904w\" sizes=\"auto, (max-width: 723px) 100vw, 723px\" \/><\/figure>\n<\/div>\n\n\n<p>Las escuelas interesadas en participar tienen tiempo desde hasta el 11 de octubre inclusive. Pueden comunicarse de lunes a viernes de 8 a 14 hs: Tel\u00e9fono: 47315 interno 363<\/p>\n\n\n\n<p>Mail: <a href=\"mailto:educaci\u00f3n.sma.2023@gmail.com\">educaci\u00f3n.sma.2023@gmail.com<\/a><\/p>\n","protected":false},"excerpt":{"rendered":"<p>Los d\u00edas 29, 30 y 31 de octubre se realizar\u00e1 en nuestra ciudad el programa de Seguridad Vial en las escuelas, que permitir\u00e1 que chicas y chicos de nuestra ciudad tengan acceso a las herramientas m\u00e1s importantes sobre este tema que genera una problem\u00e1tica a nivel mundial. La Direcci\u00f3n General de Educaci\u00f3n del Municipio trabaja [&hellip;]<\/p>\n","protected":false},"author":2,"featured_media":2740,"comment_status":"closed","ping_status":"open","sticky":false,"template":"","format":"standard","meta":{"footnotes":""},"categories":[16,9,14],"tags":[],"class_list":{"0":"post-2738","1":"post","2":"type-post","3":"status-publish","4":"format-standard","5":"has-post-thumbnail","7":"category-destacadas","8":"category-educacion","9":"category-noticias"},"_links":{"self":[{"href":"https:\/\/prensa.sma.gob.ar\/index.php?rest_route=\/wp\/v2\/posts\/2738","targetHints":{"allow":["GET"]}}],"collection":[{"href":"https:\/\/prensa.sma.gob.ar\/index.php?rest_route=\/wp\/v2\/posts"}],"about":[{"href":"https:\/\/prensa.sma.gob.ar\/index.php?rest_route=\/wp\/v2\/types\/post"}],"author":[{"embeddable":true,"href":"https:\/\/prensa.sma.gob.ar\/index.php?rest_route=\/wp\/v2\/users\/2"}],"replies":[{"embeddable":true,"href":"https:\/\/prensa.sma.gob.ar\/index.php?rest_route=%2Fwp%2Fv2%2Fcomments&post=2738"}],"version-history":[{"count":1,"href":"https:\/\/prensa.sma.gob.ar\/index.php?rest_route=\/wp\/v2\/posts\/2738\/revisions"}],"predecessor-version":[{"id":2741,"href":"https:\/\/prensa.sma.gob.ar\/index.php?rest_route=\/wp\/v2\/posts\/2738\/revisions\/2741"}],"wp:featuredmedia":[{"embeddable":true,"href":"https:\/\/prensa.sma.gob.ar\/index.php?rest_route=\/wp\/v2\/media\/2740"}],"wp:attachment":[{"href":"https:\/\/prensa.sma.gob.ar\/index.php?rest_route=%2Fwp%2Fv2%2Fmedia&parent=2738"}],"wp:term":[{"taxonomy":"category","embeddable":true,"href":"https:\/\/prensa.sma.gob.ar\/index.php?rest_route=%2Fwp%2Fv2%2Fcategories&post=2738"},{"taxonomy":"post_tag","embeddable":true,"href":"https:\/\/prensa.sma.gob.ar\/index.php?rest_route=%2Fwp%2Fv2%2Ftags&post=2738"}],"curies":[{"name":"wp","href":"https:\/\/api.w.org\/{rel}","templated":true}]}}