{"id":2751,"date":"2024-10-03T16:36:42","date_gmt":"2024-10-03T16:36:42","guid":{"rendered":"https:\/\/prensa.sma.gob.ar\/?p=2751"},"modified":"2024-10-03T16:36:44","modified_gmt":"2024-10-03T16:36:44","slug":"se-reanudan-las-obras-para-la-terminacion-de-las-38-viviendas-de-chacra-32","status":"publish","type":"post","link":"https:\/\/prensa.sma.gob.ar\/?p=2751","title":{"rendered":"Se reanudan las obras para la terminaci\u00f3n de las 38 viviendas de Chacra 32"},"content":{"rendered":"\n<p>Tras la firma del acuerdo entre la provincia de Neuqu\u00e9n y la empresa Okume S.A, la terminaci\u00f3n de las 38 viviendas de Chacra 32 entra en su etapa final, luego de decisi\u00f3n del Gobierno nacional de cortar la financiaci\u00f3n de la obra.<\/p>\n\n\n\n<p>La renegociaci\u00f3n con la empresa se alcanz\u00f3 luego de que el Estado nacional oficializara su decisi\u00f3n de ceder a la provincia de Neuqu\u00e9n la obra, que se encontraba en un 85,36% en diciembre pasado.<\/p>\n\n\n\n<p>Las unidades habitacionales fueron visitadas este jueves por el intendente Carlos Saloniti y por autoridades provinciales y locales del IPVU\u2013ADUS (Instituto Provincial de Vivienda y Urbanismo &#8211; Agencia de Desarrollo Urbano Sustentable).<\/p>\n\n\n\n<figure class=\"wp-block-gallery has-nested-images columns-default is-cropped wp-block-gallery-1 is-layout-flex wp-block-gallery-is-layout-flex\">\n<figure class=\"wp-block-image size-large\"><img loading=\"lazy\" decoding=\"async\" width=\"1024\" height=\"629\" data-id=\"2764\" src=\"https:\/\/prensa.sma.gob.ar\/wp-content\/uploads\/2024\/10\/WhatsApp-Image-2024-10-03-at-11.27.331-1024x629.jpeg\" alt=\"\" class=\"wp-image-2764\" srcset=\"https:\/\/prensa.sma.gob.ar\/wp-content\/uploads\/2024\/10\/WhatsApp-Image-2024-10-03-at-11.27.331-1024x629.jpeg 1024w, https:\/\/prensa.sma.gob.ar\/wp-content\/uploads\/2024\/10\/WhatsApp-Image-2024-10-03-at-11.27.331-300x184.jpeg 300w, https:\/\/prensa.sma.gob.ar\/wp-content\/uploads\/2024\/10\/WhatsApp-Image-2024-10-03-at-11.27.331-768x472.jpeg 768w, https:\/\/prensa.sma.gob.ar\/wp-content\/uploads\/2024\/10\/WhatsApp-Image-2024-10-03-at-11.27.331-1536x944.jpeg 1536w, https:\/\/prensa.sma.gob.ar\/wp-content\/uploads\/2024\/10\/WhatsApp-Image-2024-10-03-at-11.27.331-684x420.jpeg 684w, https:\/\/prensa.sma.gob.ar\/wp-content\/uploads\/2024\/10\/WhatsApp-Image-2024-10-03-at-11.27.331-696x428.jpeg 696w, https:\/\/prensa.sma.gob.ar\/wp-content\/uploads\/2024\/10\/WhatsApp-Image-2024-10-03-at-11.27.331-1068x656.jpeg 1068w, https:\/\/prensa.sma.gob.ar\/wp-content\/uploads\/2024\/10\/WhatsApp-Image-2024-10-03-at-11.27.331.jpeg 1600w\" sizes=\"auto, (max-width: 1024px) 100vw, 1024px\" \/><\/figure>\n\n\n\n<figure class=\"wp-block-image size-large\"><img loading=\"lazy\" decoding=\"async\" width=\"1024\" height=\"576\" data-id=\"2766\" src=\"https:\/\/prensa.sma.gob.ar\/wp-content\/uploads\/2024\/10\/WhatsApp-Image-2024-10-03-at-11.27.32-1024x576.jpeg\" alt=\"\" class=\"wp-image-2766\" srcset=\"https:\/\/prensa.sma.gob.ar\/wp-content\/uploads\/2024\/10\/WhatsApp-Image-2024-10-03-at-11.27.32-1024x576.jpeg 1024w, https:\/\/prensa.sma.gob.ar\/wp-content\/uploads\/2024\/10\/WhatsApp-Image-2024-10-03-at-11.27.32-300x169.jpeg 300w, https:\/\/prensa.sma.gob.ar\/wp-content\/uploads\/2024\/10\/WhatsApp-Image-2024-10-03-at-11.27.32-768x432.jpeg 768w, https:\/\/prensa.sma.gob.ar\/wp-content\/uploads\/2024\/10\/WhatsApp-Image-2024-10-03-at-11.27.32-1536x864.jpeg 1536w, https:\/\/prensa.sma.gob.ar\/wp-content\/uploads\/2024\/10\/WhatsApp-Image-2024-10-03-at-11.27.32-747x420.jpeg 747w, https:\/\/prensa.sma.gob.ar\/wp-content\/uploads\/2024\/10\/WhatsApp-Image-2024-10-03-at-11.27.32-696x392.jpeg 696w, https:\/\/prensa.sma.gob.ar\/wp-content\/uploads\/2024\/10\/WhatsApp-Image-2024-10-03-at-11.27.32-1068x601.jpeg 1068w, https:\/\/prensa.sma.gob.ar\/wp-content\/uploads\/2024\/10\/WhatsApp-Image-2024-10-03-at-11.27.32.jpeg 1600w\" sizes=\"auto, (max-width: 1024px) 100vw, 1024px\" \/><\/figure>\n\n\n\n<figure class=\"wp-block-image size-large\"><img loading=\"lazy\" decoding=\"async\" width=\"1024\" height=\"576\" data-id=\"2755\" src=\"https:\/\/prensa.sma.gob.ar\/wp-content\/uploads\/2024\/10\/WhatsApp-Image-2024-10-03-at-11.27.46-1024x576.jpeg\" alt=\"\" class=\"wp-image-2755\" srcset=\"https:\/\/prensa.sma.gob.ar\/wp-content\/uploads\/2024\/10\/WhatsApp-Image-2024-10-03-at-11.27.46-1024x576.jpeg 1024w, https:\/\/prensa.sma.gob.ar\/wp-content\/uploads\/2024\/10\/WhatsApp-Image-2024-10-03-at-11.27.46-300x169.jpeg 300w, https:\/\/prensa.sma.gob.ar\/wp-content\/uploads\/2024\/10\/WhatsApp-Image-2024-10-03-at-11.27.46-768x432.jpeg 768w, https:\/\/prensa.sma.gob.ar\/wp-content\/uploads\/2024\/10\/WhatsApp-Image-2024-10-03-at-11.27.46-1536x864.jpeg 1536w, https:\/\/prensa.sma.gob.ar\/wp-content\/uploads\/2024\/10\/WhatsApp-Image-2024-10-03-at-11.27.46-747x420.jpeg 747w, https:\/\/prensa.sma.gob.ar\/wp-content\/uploads\/2024\/10\/WhatsApp-Image-2024-10-03-at-11.27.46-696x392.jpeg 696w, https:\/\/prensa.sma.gob.ar\/wp-content\/uploads\/2024\/10\/WhatsApp-Image-2024-10-03-at-11.27.46-1068x601.jpeg 1068w, https:\/\/prensa.sma.gob.ar\/wp-content\/uploads\/2024\/10\/WhatsApp-Image-2024-10-03-at-11.27.46.jpeg 1600w\" sizes=\"auto, (max-width: 1024px) 100vw, 1024px\" \/><\/figure>\n<\/figure>\n\n\n\n<p>Luego de la recorrida, el presidente de ADUS-IPVU, Pablo Dietrich, anunci\u00f3 \u201cla reanudaci\u00f3n de la obra de las 38 viviendas con financiamiento exclusivamente provincial\u201d y asegur\u00f3 que se trata de \u201cun esfuerzo enorme que encomend\u00f3 el gobernador Rolando Figueroa y que se concreta ahora, luego de conseguir el financiamiento\u201d.<\/p>\n\n\n\n<p>Dietrich record\u00f3 que \u201cestas obras eran financiadas ciento por ciento con fondos nacionales\u201d y que, con el cambio de administraci\u00f3n, \u201cel gobierno nacional dej\u00f3 de financiar\u201d. A partir de entonces, se abri\u00f3 el largo proceso con Naci\u00f3n para que formalizara legalmente su decisi\u00f3n.<\/p>\n\n\n\n<p>\u201cEsta negociaci\u00f3n con Naci\u00f3n nos llev\u00f3 mucho tiempo porque, aunque se mantuvo la decisi\u00f3n de no financiarlas, hubo cambio de interlocutores\u201d, afirm\u00f3. Una vez resuelto este aspecto, se reanud\u00f3 la negociaci\u00f3n contractual con la empresa Okume, que tiene a su cargo la construcci\u00f3n.<\/p>\n\n\n\n<figure class=\"wp-block-gallery has-nested-images columns-default is-cropped wp-block-gallery-2 is-layout-flex wp-block-gallery-is-layout-flex\">\n<figure class=\"wp-block-image size-large\"><img loading=\"lazy\" decoding=\"async\" width=\"1024\" height=\"576\" data-id=\"2769\" src=\"https:\/\/prensa.sma.gob.ar\/wp-content\/uploads\/2024\/10\/WhatsApp-Image-2024-10-03-at-11.27.07-1024x576.jpeg\" alt=\"\" class=\"wp-image-2769\" srcset=\"https:\/\/prensa.sma.gob.ar\/wp-content\/uploads\/2024\/10\/WhatsApp-Image-2024-10-03-at-11.27.07-1024x576.jpeg 1024w, https:\/\/prensa.sma.gob.ar\/wp-content\/uploads\/2024\/10\/WhatsApp-Image-2024-10-03-at-11.27.07-300x169.jpeg 300w, https:\/\/prensa.sma.gob.ar\/wp-content\/uploads\/2024\/10\/WhatsApp-Image-2024-10-03-at-11.27.07-768x432.jpeg 768w, https:\/\/prensa.sma.gob.ar\/wp-content\/uploads\/2024\/10\/WhatsApp-Image-2024-10-03-at-11.27.07-1536x864.jpeg 1536w, https:\/\/prensa.sma.gob.ar\/wp-content\/uploads\/2024\/10\/WhatsApp-Image-2024-10-03-at-11.27.07-747x420.jpeg 747w, https:\/\/prensa.sma.gob.ar\/wp-content\/uploads\/2024\/10\/WhatsApp-Image-2024-10-03-at-11.27.07-696x392.jpeg 696w, https:\/\/prensa.sma.gob.ar\/wp-content\/uploads\/2024\/10\/WhatsApp-Image-2024-10-03-at-11.27.07-1068x601.jpeg 1068w, https:\/\/prensa.sma.gob.ar\/wp-content\/uploads\/2024\/10\/WhatsApp-Image-2024-10-03-at-11.27.07.jpeg 1600w\" sizes=\"auto, (max-width: 1024px) 100vw, 1024px\" \/><\/figure>\n\n\n\n<figure class=\"wp-block-image size-large\"><img loading=\"lazy\" decoding=\"async\" width=\"1024\" height=\"576\" data-id=\"2767\" src=\"https:\/\/prensa.sma.gob.ar\/wp-content\/uploads\/2024\/10\/WhatsApp-Image-2024-10-03-at-11.27.31-1024x576.jpeg\" alt=\"\" class=\"wp-image-2767\" srcset=\"https:\/\/prensa.sma.gob.ar\/wp-content\/uploads\/2024\/10\/WhatsApp-Image-2024-10-03-at-11.27.31-1024x576.jpeg 1024w, https:\/\/prensa.sma.gob.ar\/wp-content\/uploads\/2024\/10\/WhatsApp-Image-2024-10-03-at-11.27.31-300x169.jpeg 300w, https:\/\/prensa.sma.gob.ar\/wp-content\/uploads\/2024\/10\/WhatsApp-Image-2024-10-03-at-11.27.31-768x432.jpeg 768w, https:\/\/prensa.sma.gob.ar\/wp-content\/uploads\/2024\/10\/WhatsApp-Image-2024-10-03-at-11.27.31-1536x864.jpeg 1536w, https:\/\/prensa.sma.gob.ar\/wp-content\/uploads\/2024\/10\/WhatsApp-Image-2024-10-03-at-11.27.31-747x420.jpeg 747w, https:\/\/prensa.sma.gob.ar\/wp-content\/uploads\/2024\/10\/WhatsApp-Image-2024-10-03-at-11.27.31-696x392.jpeg 696w, https:\/\/prensa.sma.gob.ar\/wp-content\/uploads\/2024\/10\/WhatsApp-Image-2024-10-03-at-11.27.31-1068x601.jpeg 1068w, https:\/\/prensa.sma.gob.ar\/wp-content\/uploads\/2024\/10\/WhatsApp-Image-2024-10-03-at-11.27.31.jpeg 1600w\" sizes=\"auto, (max-width: 1024px) 100vw, 1024px\" \/><\/figure>\n\n\n\n<figure class=\"wp-block-image size-large\"><img loading=\"lazy\" decoding=\"async\" width=\"1024\" height=\"576\" data-id=\"2756\" src=\"https:\/\/prensa.sma.gob.ar\/wp-content\/uploads\/2024\/10\/WhatsApp-Image-2024-10-03-at-11.27.451-1024x576.jpeg\" alt=\"\" class=\"wp-image-2756\" srcset=\"https:\/\/prensa.sma.gob.ar\/wp-content\/uploads\/2024\/10\/WhatsApp-Image-2024-10-03-at-11.27.451-1024x576.jpeg 1024w, https:\/\/prensa.sma.gob.ar\/wp-content\/uploads\/2024\/10\/WhatsApp-Image-2024-10-03-at-11.27.451-300x169.jpeg 300w, https:\/\/prensa.sma.gob.ar\/wp-content\/uploads\/2024\/10\/WhatsApp-Image-2024-10-03-at-11.27.451-768x432.jpeg 768w, https:\/\/prensa.sma.gob.ar\/wp-content\/uploads\/2024\/10\/WhatsApp-Image-2024-10-03-at-11.27.451-1536x864.jpeg 1536w, https:\/\/prensa.sma.gob.ar\/wp-content\/uploads\/2024\/10\/WhatsApp-Image-2024-10-03-at-11.27.451-747x420.jpeg 747w, https:\/\/prensa.sma.gob.ar\/wp-content\/uploads\/2024\/10\/WhatsApp-Image-2024-10-03-at-11.27.451-696x392.jpeg 696w, https:\/\/prensa.sma.gob.ar\/wp-content\/uploads\/2024\/10\/WhatsApp-Image-2024-10-03-at-11.27.451-1068x601.jpeg 1068w, https:\/\/prensa.sma.gob.ar\/wp-content\/uploads\/2024\/10\/WhatsApp-Image-2024-10-03-at-11.27.451.jpeg 1600w\" sizes=\"auto, (max-width: 1024px) 100vw, 1024px\" \/><\/figure>\n<\/figure>\n\n\n\n<p>El intendente Saloniti anunci\u00f3 que \u201csepan las 38 familias que hoy se reanudan las obras\u201d y agradeci\u00f3 la decisi\u00f3n tomada por el gobernador Rolando Figueroa de \u201cfinalizar algo que Naci\u00f3n no har\u00e1 m\u00e1s, por eso es una decisi\u00f3n pol\u00edtica muy importante que la gente tiene que conocer\u201d.<\/p>\n\n\n\n<p>El jefe comunal agradeci\u00f3 al IPVU-ADUS, \u201ctanto a nivel provincial como en el \u00e1mbito de San Mart\u00edn de los Andes\u201d, porque \u201cno es f\u00e1cil sostener gestiones ante estas indefiniciones nacionales\u201d.<\/p>\n\n\n\n<p>Saloniti afirm\u00f3 que \u201cla buena fe tiene que reinar siempre, mucho m\u00e1s en momentos como estos, donde el hecho in\u00e9dito es que el Gobierno nacional abandone las pol\u00edticas habitaciones\u201d.<\/p>\n\n\n\n<figure class=\"wp-block-gallery has-nested-images columns-default is-cropped wp-block-gallery-3 is-layout-flex wp-block-gallery-is-layout-flex\">\n<figure class=\"wp-block-image size-large\"><img loading=\"lazy\" decoding=\"async\" width=\"1024\" height=\"550\" data-id=\"2765\" src=\"https:\/\/prensa.sma.gob.ar\/wp-content\/uploads\/2024\/10\/WhatsApp-Image-2024-10-03-at-11.27.33-1024x550.jpeg\" alt=\"\" class=\"wp-image-2765\" srcset=\"https:\/\/prensa.sma.gob.ar\/wp-content\/uploads\/2024\/10\/WhatsApp-Image-2024-10-03-at-11.27.33-1024x550.jpeg 1024w, https:\/\/prensa.sma.gob.ar\/wp-content\/uploads\/2024\/10\/WhatsApp-Image-2024-10-03-at-11.27.33-300x161.jpeg 300w, https:\/\/prensa.sma.gob.ar\/wp-content\/uploads\/2024\/10\/WhatsApp-Image-2024-10-03-at-11.27.33-768x413.jpeg 768w, https:\/\/prensa.sma.gob.ar\/wp-content\/uploads\/2024\/10\/WhatsApp-Image-2024-10-03-at-11.27.33-1536x826.jpeg 1536w, https:\/\/prensa.sma.gob.ar\/wp-content\/uploads\/2024\/10\/WhatsApp-Image-2024-10-03-at-11.27.33-781x420.jpeg 781w, https:\/\/prensa.sma.gob.ar\/wp-content\/uploads\/2024\/10\/WhatsApp-Image-2024-10-03-at-11.27.33-696x374.jpeg 696w, https:\/\/prensa.sma.gob.ar\/wp-content\/uploads\/2024\/10\/WhatsApp-Image-2024-10-03-at-11.27.33-1068x574.jpeg 1068w, https:\/\/prensa.sma.gob.ar\/wp-content\/uploads\/2024\/10\/WhatsApp-Image-2024-10-03-at-11.27.33.jpeg 1600w\" sizes=\"auto, (max-width: 1024px) 100vw, 1024px\" \/><\/figure>\n\n\n\n<figure class=\"wp-block-image size-large\"><img loading=\"lazy\" decoding=\"async\" width=\"1024\" height=\"576\" data-id=\"2762\" src=\"https:\/\/prensa.sma.gob.ar\/wp-content\/uploads\/2024\/10\/WhatsApp-Image-2024-10-03-at-11.27.36-1024x576.jpeg\" alt=\"\" class=\"wp-image-2762\" srcset=\"https:\/\/prensa.sma.gob.ar\/wp-content\/uploads\/2024\/10\/WhatsApp-Image-2024-10-03-at-11.27.36-1024x576.jpeg 1024w, https:\/\/prensa.sma.gob.ar\/wp-content\/uploads\/2024\/10\/WhatsApp-Image-2024-10-03-at-11.27.36-300x169.jpeg 300w, https:\/\/prensa.sma.gob.ar\/wp-content\/uploads\/2024\/10\/WhatsApp-Image-2024-10-03-at-11.27.36-768x432.jpeg 768w, https:\/\/prensa.sma.gob.ar\/wp-content\/uploads\/2024\/10\/WhatsApp-Image-2024-10-03-at-11.27.36-1536x864.jpeg 1536w, https:\/\/prensa.sma.gob.ar\/wp-content\/uploads\/2024\/10\/WhatsApp-Image-2024-10-03-at-11.27.36-747x420.jpeg 747w, https:\/\/prensa.sma.gob.ar\/wp-content\/uploads\/2024\/10\/WhatsApp-Image-2024-10-03-at-11.27.36-696x392.jpeg 696w, https:\/\/prensa.sma.gob.ar\/wp-content\/uploads\/2024\/10\/WhatsApp-Image-2024-10-03-at-11.27.36-1068x601.jpeg 1068w, https:\/\/prensa.sma.gob.ar\/wp-content\/uploads\/2024\/10\/WhatsApp-Image-2024-10-03-at-11.27.36.jpeg 1600w\" sizes=\"auto, (max-width: 1024px) 100vw, 1024px\" \/><\/figure>\n\n\n\n<figure class=\"wp-block-image size-large\"><img loading=\"lazy\" decoding=\"async\" width=\"1024\" height=\"589\" data-id=\"2758\" src=\"https:\/\/prensa.sma.gob.ar\/wp-content\/uploads\/2024\/10\/WhatsApp-Image-2024-10-03-at-11.27.441-1024x589.jpeg\" alt=\"\" class=\"wp-image-2758\" srcset=\"https:\/\/prensa.sma.gob.ar\/wp-content\/uploads\/2024\/10\/WhatsApp-Image-2024-10-03-at-11.27.441-1024x589.jpeg 1024w, https:\/\/prensa.sma.gob.ar\/wp-content\/uploads\/2024\/10\/WhatsApp-Image-2024-10-03-at-11.27.441-300x173.jpeg 300w, https:\/\/prensa.sma.gob.ar\/wp-content\/uploads\/2024\/10\/WhatsApp-Image-2024-10-03-at-11.27.441-768x442.jpeg 768w, https:\/\/prensa.sma.gob.ar\/wp-content\/uploads\/2024\/10\/WhatsApp-Image-2024-10-03-at-11.27.441-1536x883.jpeg 1536w, https:\/\/prensa.sma.gob.ar\/wp-content\/uploads\/2024\/10\/WhatsApp-Image-2024-10-03-at-11.27.441-730x420.jpeg 730w, https:\/\/prensa.sma.gob.ar\/wp-content\/uploads\/2024\/10\/WhatsApp-Image-2024-10-03-at-11.27.441-696x400.jpeg 696w, https:\/\/prensa.sma.gob.ar\/wp-content\/uploads\/2024\/10\/WhatsApp-Image-2024-10-03-at-11.27.441-1068x614.jpeg 1068w, https:\/\/prensa.sma.gob.ar\/wp-content\/uploads\/2024\/10\/WhatsApp-Image-2024-10-03-at-11.27.441.jpeg 1600w\" sizes=\"auto, (max-width: 1024px) 100vw, 1024px\" \/><\/figure>\n<\/figure>\n\n\n\n<p>En el mismo sentido, tambi\u00e9n agradeci\u00f3 al presidente de la empresa Okume, Carlos Verta, \u201cporque banc\u00f3 esta situaci\u00f3n y no abandon\u00f3 la obra\u201d y porque \u201csi se iba, nos dejaba un problema mayor porque habr\u00eda que haber reiniciado todo lo que estaba paralizado\u201d.<\/p>\n\n\n\n<p>Finalmente, el intendente asegur\u00f3 que \u201ca partir de este acuerdo, esta obra se va a terminar\u201d y \u00a0anunci\u00f3 que \u201cseguimos trabajando con el agua y con la electricidad, con la ansiedad de poder decirle muy pronto a los vecinos que tendremos una fecha para que las familias puedan habitar la casa que tanto so\u00f1aron\u201d.<\/p>\n\n\n\n<p>Junto a Dietrich y Saloniti participaron de la recorrida la delegada del gobierno neuquino para la Regi\u00f3n Sur, Eliana Rivera; la directora del Instituto Municipal de Vivienda y H\u00e1bitat, Carolina Amaya; la delegada local de IPVU-ADUS, Natalia Bruno; el empresario Carlos Verta y el jefe de obra, Gast\u00f3n Bravo; y Mario Mieville y Roc\u00edo Torres, del IPVU-ADUS provincial y local, respectivamente.<\/p>\n\n\n\n<figure class=\"wp-block-gallery has-nested-images columns-default is-cropped wp-block-gallery-4 is-layout-flex wp-block-gallery-is-layout-flex\">\n<figure class=\"wp-block-image size-large\"><img loading=\"lazy\" decoding=\"async\" width=\"1024\" height=\"576\" data-id=\"2753\" src=\"https:\/\/prensa.sma.gob.ar\/wp-content\/uploads\/2024\/10\/WhatsApp-Image-2024-10-03-at-11.27.47-1024x576.jpeg\" alt=\"\" class=\"wp-image-2753\" srcset=\"https:\/\/prensa.sma.gob.ar\/wp-content\/uploads\/2024\/10\/WhatsApp-Image-2024-10-03-at-11.27.47-1024x576.jpeg 1024w, https:\/\/prensa.sma.gob.ar\/wp-content\/uploads\/2024\/10\/WhatsApp-Image-2024-10-03-at-11.27.47-300x169.jpeg 300w, https:\/\/prensa.sma.gob.ar\/wp-content\/uploads\/2024\/10\/WhatsApp-Image-2024-10-03-at-11.27.47-768x432.jpeg 768w, https:\/\/prensa.sma.gob.ar\/wp-content\/uploads\/2024\/10\/WhatsApp-Image-2024-10-03-at-11.27.47-1536x864.jpeg 1536w, https:\/\/prensa.sma.gob.ar\/wp-content\/uploads\/2024\/10\/WhatsApp-Image-2024-10-03-at-11.27.47-747x420.jpeg 747w, https:\/\/prensa.sma.gob.ar\/wp-content\/uploads\/2024\/10\/WhatsApp-Image-2024-10-03-at-11.27.47-696x392.jpeg 696w, https:\/\/prensa.sma.gob.ar\/wp-content\/uploads\/2024\/10\/WhatsApp-Image-2024-10-03-at-11.27.47-1068x601.jpeg 1068w, https:\/\/prensa.sma.gob.ar\/wp-content\/uploads\/2024\/10\/WhatsApp-Image-2024-10-03-at-11.27.47.jpeg 1600w\" sizes=\"auto, (max-width: 1024px) 100vw, 1024px\" \/><\/figure>\n\n\n\n<figure class=\"wp-block-image size-large\"><img loading=\"lazy\" decoding=\"async\" width=\"1024\" height=\"618\" data-id=\"2768\" src=\"https:\/\/prensa.sma.gob.ar\/wp-content\/uploads\/2024\/10\/WhatsApp-Image-2024-10-03-at-11.27.22-1024x618.jpeg\" alt=\"\" class=\"wp-image-2768\" srcset=\"https:\/\/prensa.sma.gob.ar\/wp-content\/uploads\/2024\/10\/WhatsApp-Image-2024-10-03-at-11.27.22-1024x618.jpeg 1024w, https:\/\/prensa.sma.gob.ar\/wp-content\/uploads\/2024\/10\/WhatsApp-Image-2024-10-03-at-11.27.22-300x181.jpeg 300w, https:\/\/prensa.sma.gob.ar\/wp-content\/uploads\/2024\/10\/WhatsApp-Image-2024-10-03-at-11.27.22-768x463.jpeg 768w, https:\/\/prensa.sma.gob.ar\/wp-content\/uploads\/2024\/10\/WhatsApp-Image-2024-10-03-at-11.27.22-1536x926.jpeg 1536w, https:\/\/prensa.sma.gob.ar\/wp-content\/uploads\/2024\/10\/WhatsApp-Image-2024-10-03-at-11.27.22-696x420.jpeg 696w, https:\/\/prensa.sma.gob.ar\/wp-content\/uploads\/2024\/10\/WhatsApp-Image-2024-10-03-at-11.27.22-1068x644.jpeg 1068w, https:\/\/prensa.sma.gob.ar\/wp-content\/uploads\/2024\/10\/WhatsApp-Image-2024-10-03-at-11.27.22.jpeg 1600w\" sizes=\"auto, (max-width: 1024px) 100vw, 1024px\" \/><\/figure>\n\n\n\n<figure class=\"wp-block-image size-large\"><img loading=\"lazy\" decoding=\"async\" width=\"1024\" height=\"576\" data-id=\"2759\" src=\"https:\/\/prensa.sma.gob.ar\/wp-content\/uploads\/2024\/10\/WhatsApp-Image-2024-10-03-at-11.27.44-1024x576.jpeg\" alt=\"\" class=\"wp-image-2759\" srcset=\"https:\/\/prensa.sma.gob.ar\/wp-content\/uploads\/2024\/10\/WhatsApp-Image-2024-10-03-at-11.27.44-1024x576.jpeg 1024w, https:\/\/prensa.sma.gob.ar\/wp-content\/uploads\/2024\/10\/WhatsApp-Image-2024-10-03-at-11.27.44-300x169.jpeg 300w, https:\/\/prensa.sma.gob.ar\/wp-content\/uploads\/2024\/10\/WhatsApp-Image-2024-10-03-at-11.27.44-768x432.jpeg 768w, https:\/\/prensa.sma.gob.ar\/wp-content\/uploads\/2024\/10\/WhatsApp-Image-2024-10-03-at-11.27.44-1536x864.jpeg 1536w, https:\/\/prensa.sma.gob.ar\/wp-content\/uploads\/2024\/10\/WhatsApp-Image-2024-10-03-at-11.27.44-747x420.jpeg 747w, https:\/\/prensa.sma.gob.ar\/wp-content\/uploads\/2024\/10\/WhatsApp-Image-2024-10-03-at-11.27.44-696x392.jpeg 696w, https:\/\/prensa.sma.gob.ar\/wp-content\/uploads\/2024\/10\/WhatsApp-Image-2024-10-03-at-11.27.44-1068x601.jpeg 1068w, https:\/\/prensa.sma.gob.ar\/wp-content\/uploads\/2024\/10\/WhatsApp-Image-2024-10-03-at-11.27.44.jpeg 1600w\" sizes=\"auto, (max-width: 1024px) 100vw, 1024px\" \/><\/figure>\n<\/figure>\n\n\n\n<p>Seg\u00fan el acuerdo original, Naci\u00f3n financiar\u00eda las viviendas, de 66 metros cuadrados cada una, mientras que el gobierno provincial aportar\u00eda los fondos necesarios para la ejecuci\u00f3n de las obras complementarias: limpieza, relleno y compactaci\u00f3n de los lotes y las instalaciones para los servicios domiciliarios. El Municipio financiar\u00eda las obras de electricidad.<\/p>\n\n\n\n<p>En julio pasado, el Municipio de San Mart\u00edn de los Andes y el Gobierno de la provincia de Neuqu\u00e9n, a trav\u00e9s de la empresa de Energ\u00eda (Epen), firmaron el comienzo de las obras de electricidad a las 38 viviendas, obra que est\u00e1 en las \u00faltimas semanas de ejecuci\u00f3n.<\/p>\n\n\n\n<p><\/p>\n","protected":false},"excerpt":{"rendered":"<p>Tras la firma del acuerdo entre la provincia de Neuqu\u00e9n y la empresa Okume S.A, la terminaci\u00f3n de las 38 viviendas de Chacra 32 entra en su etapa final, luego de decisi\u00f3n del Gobierno nacional de cortar la financiaci\u00f3n de la obra. La renegociaci\u00f3n con la empresa se alcanz\u00f3 luego de que el Estado nacional [&hellip;]<\/p>\n","protected":false},"author":2,"featured_media":2754,"comment_status":"closed","ping_status":"open","sticky":false,"template":"","format":"standard","meta":{"footnotes":""},"categories":[16,14,17,37],"tags":[],"class_list":{"0":"post-2751","1":"post","2":"type-post","3":"status-publish","4":"format-standard","5":"has-post-thumbnail","7":"category-destacadas","8":"category-noticias","9":"category-portada","10":"category-vivienda"},"_links":{"self":[{"href":"https:\/\/prensa.sma.gob.ar\/index.php?rest_route=\/wp\/v2\/posts\/2751","targetHints":{"allow":["GET"]}}],"collection":[{"href":"https:\/\/prensa.sma.gob.ar\/index.php?rest_route=\/wp\/v2\/posts"}],"about":[{"href":"https:\/\/prensa.sma.gob.ar\/index.php?rest_route=\/wp\/v2\/types\/post"}],"author":[{"embeddable":true,"href":"https:\/\/prensa.sma.gob.ar\/index.php?rest_route=\/wp\/v2\/users\/2"}],"replies":[{"embeddable":true,"href":"https:\/\/prensa.sma.gob.ar\/index.php?rest_route=%2Fwp%2Fv2%2Fcomments&post=2751"}],"version-history":[{"count":1,"href":"https:\/\/prensa.sma.gob.ar\/index.php?rest_route=\/wp\/v2\/posts\/2751\/revisions"}],"predecessor-version":[{"id":2770,"href":"https:\/\/prensa.sma.gob.ar\/index.php?rest_route=\/wp\/v2\/posts\/2751\/revisions\/2770"}],"wp:featuredmedia":[{"embeddable":true,"href":"https:\/\/prensa.sma.gob.ar\/index.php?rest_route=\/wp\/v2\/media\/2754"}],"wp:attachment":[{"href":"https:\/\/prensa.sma.gob.ar\/index.php?rest_route=%2Fwp%2Fv2%2Fmedia&parent=2751"}],"wp:term":[{"taxonomy":"category","embeddable":true,"href":"https:\/\/prensa.sma.gob.ar\/index.php?rest_route=%2Fwp%2Fv2%2Fcategories&post=2751"},{"taxonomy":"post_tag","embeddable":true,"href":"https:\/\/prensa.sma.gob.ar\/index.php?rest_route=%2Fwp%2Fv2%2Ftags&post=2751"}],"curies":[{"name":"wp","href":"https:\/\/api.w.org\/{rel}","templated":true}]}}