{"id":2773,"date":"2024-10-06T03:42:14","date_gmt":"2024-10-06T03:42:14","guid":{"rendered":"https:\/\/prensa.sma.gob.ar\/?p=2773"},"modified":"2024-10-06T03:42:15","modified_gmt":"2024-10-06T03:42:15","slug":"sumar-experiencias-para-pensar-los-nuevos-lotes-de-chacra-30","status":"publish","type":"post","link":"https:\/\/prensa.sma.gob.ar\/?p=2773","title":{"rendered":"Sumar experiencias para pensar los nuevos lotes de Chacra 30"},"content":{"rendered":"\n<p>Vecinas y vecinos de los 200 nuevos lotes de Chacra 30 recorrieron el Barrio Intercultural para conocer la experiencia del trabajo comunitario y las diferentes etapas por las que atraviesa la concreci\u00f3n de un sue\u00f1o urbano.<\/p>\n\n\n\n<p>Durante la visita, las familias se interiorizaron de las diferentes etapas por las que atraviesa una urbanizaci\u00f3n, desde las primeras demarcaciones hasta la mensura, la apertura de caminos, el acceso a los servicios, la consolidaci\u00f3n de calles, y la construcci\u00f3n de viviendas.<\/p>\n\n\n\n<p>La jornada, organizada por el Municipio, a trav\u00e9s del Instituto de Vivienda y H\u00e1bitat; y por Vecinos sin Techo, consisti\u00f3 en la visita dividida en cuatro grupos que recorrieron el Lote 27 durante la ma\u00f1ana y la tarde del s\u00e1bado.<\/p>\n\n\n\n<figure class=\"wp-block-gallery has-nested-images columns-default is-cropped wp-block-gallery-1 is-layout-flex wp-block-gallery-is-layout-flex\">\n<figure class=\"wp-block-image size-large\"><img loading=\"lazy\" decoding=\"async\" width=\"1024\" height=\"771\" data-id=\"2775\" src=\"https:\/\/prensa.sma.gob.ar\/wp-content\/uploads\/2024\/10\/WhatsApp-Image-2024-10-05-at-14.08.01-1024x771.jpeg\" alt=\"\" class=\"wp-image-2775\" srcset=\"https:\/\/prensa.sma.gob.ar\/wp-content\/uploads\/2024\/10\/WhatsApp-Image-2024-10-05-at-14.08.01-1024x771.jpeg 1024w, https:\/\/prensa.sma.gob.ar\/wp-content\/uploads\/2024\/10\/WhatsApp-Image-2024-10-05-at-14.08.01-300x226.jpeg 300w, https:\/\/prensa.sma.gob.ar\/wp-content\/uploads\/2024\/10\/WhatsApp-Image-2024-10-05-at-14.08.01-768x578.jpeg 768w, https:\/\/prensa.sma.gob.ar\/wp-content\/uploads\/2024\/10\/WhatsApp-Image-2024-10-05-at-14.08.01-1536x1156.jpeg 1536w, https:\/\/prensa.sma.gob.ar\/wp-content\/uploads\/2024\/10\/WhatsApp-Image-2024-10-05-at-14.08.01-558x420.jpeg 558w, https:\/\/prensa.sma.gob.ar\/wp-content\/uploads\/2024\/10\/WhatsApp-Image-2024-10-05-at-14.08.01-80x60.jpeg 80w, https:\/\/prensa.sma.gob.ar\/wp-content\/uploads\/2024\/10\/WhatsApp-Image-2024-10-05-at-14.08.01-696x524.jpeg 696w, https:\/\/prensa.sma.gob.ar\/wp-content\/uploads\/2024\/10\/WhatsApp-Image-2024-10-05-at-14.08.01-1068x804.jpeg 1068w, https:\/\/prensa.sma.gob.ar\/wp-content\/uploads\/2024\/10\/WhatsApp-Image-2024-10-05-at-14.08.01.jpeg 1600w\" sizes=\"auto, (max-width: 1024px) 100vw, 1024px\" \/><\/figure>\n\n\n\n<figure class=\"wp-block-image size-large\"><img loading=\"lazy\" decoding=\"async\" width=\"1024\" height=\"771\" data-id=\"2777\" src=\"https:\/\/prensa.sma.gob.ar\/wp-content\/uploads\/2024\/10\/WhatsApp-Image-2024-10-05-at-14.08.001-1024x771.jpeg\" alt=\"\" class=\"wp-image-2777\" srcset=\"https:\/\/prensa.sma.gob.ar\/wp-content\/uploads\/2024\/10\/WhatsApp-Image-2024-10-05-at-14.08.001-1024x771.jpeg 1024w, https:\/\/prensa.sma.gob.ar\/wp-content\/uploads\/2024\/10\/WhatsApp-Image-2024-10-05-at-14.08.001-300x226.jpeg 300w, https:\/\/prensa.sma.gob.ar\/wp-content\/uploads\/2024\/10\/WhatsApp-Image-2024-10-05-at-14.08.001-768x578.jpeg 768w, https:\/\/prensa.sma.gob.ar\/wp-content\/uploads\/2024\/10\/WhatsApp-Image-2024-10-05-at-14.08.001-1536x1156.jpeg 1536w, https:\/\/prensa.sma.gob.ar\/wp-content\/uploads\/2024\/10\/WhatsApp-Image-2024-10-05-at-14.08.001-558x420.jpeg 558w, https:\/\/prensa.sma.gob.ar\/wp-content\/uploads\/2024\/10\/WhatsApp-Image-2024-10-05-at-14.08.001-80x60.jpeg 80w, https:\/\/prensa.sma.gob.ar\/wp-content\/uploads\/2024\/10\/WhatsApp-Image-2024-10-05-at-14.08.001-696x524.jpeg 696w, https:\/\/prensa.sma.gob.ar\/wp-content\/uploads\/2024\/10\/WhatsApp-Image-2024-10-05-at-14.08.001-1068x804.jpeg 1068w, https:\/\/prensa.sma.gob.ar\/wp-content\/uploads\/2024\/10\/WhatsApp-Image-2024-10-05-at-14.08.001.jpeg 1600w\" sizes=\"auto, (max-width: 1024px) 100vw, 1024px\" \/><\/figure>\n\n\n\n<figure class=\"wp-block-image size-large\"><img loading=\"lazy\" decoding=\"async\" width=\"1024\" height=\"771\" data-id=\"2780\" src=\"https:\/\/prensa.sma.gob.ar\/wp-content\/uploads\/2024\/10\/WhatsApp-Image-2024-10-05-at-14.07.59-1024x771.jpeg\" alt=\"\" class=\"wp-image-2780\" srcset=\"https:\/\/prensa.sma.gob.ar\/wp-content\/uploads\/2024\/10\/WhatsApp-Image-2024-10-05-at-14.07.59-1024x771.jpeg 1024w, https:\/\/prensa.sma.gob.ar\/wp-content\/uploads\/2024\/10\/WhatsApp-Image-2024-10-05-at-14.07.59-300x226.jpeg 300w, https:\/\/prensa.sma.gob.ar\/wp-content\/uploads\/2024\/10\/WhatsApp-Image-2024-10-05-at-14.07.59-768x578.jpeg 768w, https:\/\/prensa.sma.gob.ar\/wp-content\/uploads\/2024\/10\/WhatsApp-Image-2024-10-05-at-14.07.59-1536x1156.jpeg 1536w, https:\/\/prensa.sma.gob.ar\/wp-content\/uploads\/2024\/10\/WhatsApp-Image-2024-10-05-at-14.07.59-558x420.jpeg 558w, https:\/\/prensa.sma.gob.ar\/wp-content\/uploads\/2024\/10\/WhatsApp-Image-2024-10-05-at-14.07.59-80x60.jpeg 80w, https:\/\/prensa.sma.gob.ar\/wp-content\/uploads\/2024\/10\/WhatsApp-Image-2024-10-05-at-14.07.59-696x524.jpeg 696w, https:\/\/prensa.sma.gob.ar\/wp-content\/uploads\/2024\/10\/WhatsApp-Image-2024-10-05-at-14.07.59-1068x804.jpeg 1068w, https:\/\/prensa.sma.gob.ar\/wp-content\/uploads\/2024\/10\/WhatsApp-Image-2024-10-05-at-14.07.59.jpeg 1600w\" sizes=\"auto, (max-width: 1024px) 100vw, 1024px\" \/><\/figure>\n<\/figure>\n\n\n\n<p>Representantes del Consejo Asesor de la Vivienda, de Vecinos sin Techo y del Instituto de Vivienda, explicaron detalles de las diferentes etapas, el acceso al agua, la extensi\u00f3n de la red el\u00e9ctrica, dentro de las caracter\u00edsticas particulares del Intercultural y de las organizaciones que trabajan en \u00e9l.<\/p>\n\n\n\n<p>As\u00ed como este s\u00e1bado la recorrida se realiz\u00f3 en el Intercultural, en pr\u00f3ximas convocatorias, las y los vecinos de los nuevos lotes de Chacra 30, recorrer\u00e1n tambi\u00e9n experiencias de otros barrios para luego andar su propio camino, a trav\u00e9s de la acci\u00f3n colectiva y con apoyo del Municipio y de la provincia de Neuqu\u00e9n.<\/p>\n\n\n\n<p>El lema sigue siendo \u201cDe la tierra al barrio\u201d, el mismo que acompa\u00f1\u00f3 la primera convocatoria, en septiembre, realizada en el Cpem 57, en formato de presentaci\u00f3n, encuentro comunitario y talleres para las familias adjudicatarias de los lotes.<\/p>\n\n\n\n<figure class=\"wp-block-gallery has-nested-images columns-default is-cropped wp-block-gallery-2 is-layout-flex wp-block-gallery-is-layout-flex\">\n<figure class=\"wp-block-image size-large\"><img loading=\"lazy\" decoding=\"async\" width=\"1024\" height=\"771\" data-id=\"2796\" src=\"https:\/\/prensa.sma.gob.ar\/wp-content\/uploads\/2024\/10\/WhatsApp-Image-2024-10-05-at-14.07.49-1024x771.jpeg\" alt=\"\" class=\"wp-image-2796\" srcset=\"https:\/\/prensa.sma.gob.ar\/wp-content\/uploads\/2024\/10\/WhatsApp-Image-2024-10-05-at-14.07.49-1024x771.jpeg 1024w, https:\/\/prensa.sma.gob.ar\/wp-content\/uploads\/2024\/10\/WhatsApp-Image-2024-10-05-at-14.07.49-300x226.jpeg 300w, https:\/\/prensa.sma.gob.ar\/wp-content\/uploads\/2024\/10\/WhatsApp-Image-2024-10-05-at-14.07.49-768x578.jpeg 768w, https:\/\/prensa.sma.gob.ar\/wp-content\/uploads\/2024\/10\/WhatsApp-Image-2024-10-05-at-14.07.49-1536x1156.jpeg 1536w, https:\/\/prensa.sma.gob.ar\/wp-content\/uploads\/2024\/10\/WhatsApp-Image-2024-10-05-at-14.07.49-558x420.jpeg 558w, https:\/\/prensa.sma.gob.ar\/wp-content\/uploads\/2024\/10\/WhatsApp-Image-2024-10-05-at-14.07.49-80x60.jpeg 80w, https:\/\/prensa.sma.gob.ar\/wp-content\/uploads\/2024\/10\/WhatsApp-Image-2024-10-05-at-14.07.49-696x524.jpeg 696w, https:\/\/prensa.sma.gob.ar\/wp-content\/uploads\/2024\/10\/WhatsApp-Image-2024-10-05-at-14.07.49-1068x804.jpeg 1068w, https:\/\/prensa.sma.gob.ar\/wp-content\/uploads\/2024\/10\/WhatsApp-Image-2024-10-05-at-14.07.49.jpeg 1600w\" sizes=\"auto, (max-width: 1024px) 100vw, 1024px\" \/><\/figure>\n\n\n\n<figure class=\"wp-block-image size-large\"><img loading=\"lazy\" decoding=\"async\" width=\"1024\" height=\"771\" data-id=\"2794\" src=\"https:\/\/prensa.sma.gob.ar\/wp-content\/uploads\/2024\/10\/WhatsApp-Image-2024-10-05-at-14.07.51-1024x771.jpeg\" alt=\"\" class=\"wp-image-2794\" srcset=\"https:\/\/prensa.sma.gob.ar\/wp-content\/uploads\/2024\/10\/WhatsApp-Image-2024-10-05-at-14.07.51-1024x771.jpeg 1024w, https:\/\/prensa.sma.gob.ar\/wp-content\/uploads\/2024\/10\/WhatsApp-Image-2024-10-05-at-14.07.51-300x226.jpeg 300w, https:\/\/prensa.sma.gob.ar\/wp-content\/uploads\/2024\/10\/WhatsApp-Image-2024-10-05-at-14.07.51-768x578.jpeg 768w, https:\/\/prensa.sma.gob.ar\/wp-content\/uploads\/2024\/10\/WhatsApp-Image-2024-10-05-at-14.07.51-1536x1156.jpeg 1536w, https:\/\/prensa.sma.gob.ar\/wp-content\/uploads\/2024\/10\/WhatsApp-Image-2024-10-05-at-14.07.51-558x420.jpeg 558w, https:\/\/prensa.sma.gob.ar\/wp-content\/uploads\/2024\/10\/WhatsApp-Image-2024-10-05-at-14.07.51-80x60.jpeg 80w, https:\/\/prensa.sma.gob.ar\/wp-content\/uploads\/2024\/10\/WhatsApp-Image-2024-10-05-at-14.07.51-696x524.jpeg 696w, https:\/\/prensa.sma.gob.ar\/wp-content\/uploads\/2024\/10\/WhatsApp-Image-2024-10-05-at-14.07.51-1068x804.jpeg 1068w, https:\/\/prensa.sma.gob.ar\/wp-content\/uploads\/2024\/10\/WhatsApp-Image-2024-10-05-at-14.07.51.jpeg 1600w\" sizes=\"auto, (max-width: 1024px) 100vw, 1024px\" \/><\/figure>\n\n\n\n<figure class=\"wp-block-image size-large\"><img loading=\"lazy\" decoding=\"async\" width=\"1024\" height=\"771\" data-id=\"2795\" src=\"https:\/\/prensa.sma.gob.ar\/wp-content\/uploads\/2024\/10\/WhatsApp-Image-2024-10-05-at-14.07.50-1024x771.jpeg\" alt=\"\" class=\"wp-image-2795\" srcset=\"https:\/\/prensa.sma.gob.ar\/wp-content\/uploads\/2024\/10\/WhatsApp-Image-2024-10-05-at-14.07.50-1024x771.jpeg 1024w, https:\/\/prensa.sma.gob.ar\/wp-content\/uploads\/2024\/10\/WhatsApp-Image-2024-10-05-at-14.07.50-300x226.jpeg 300w, https:\/\/prensa.sma.gob.ar\/wp-content\/uploads\/2024\/10\/WhatsApp-Image-2024-10-05-at-14.07.50-768x578.jpeg 768w, https:\/\/prensa.sma.gob.ar\/wp-content\/uploads\/2024\/10\/WhatsApp-Image-2024-10-05-at-14.07.50-1536x1156.jpeg 1536w, https:\/\/prensa.sma.gob.ar\/wp-content\/uploads\/2024\/10\/WhatsApp-Image-2024-10-05-at-14.07.50-558x420.jpeg 558w, https:\/\/prensa.sma.gob.ar\/wp-content\/uploads\/2024\/10\/WhatsApp-Image-2024-10-05-at-14.07.50-80x60.jpeg 80w, https:\/\/prensa.sma.gob.ar\/wp-content\/uploads\/2024\/10\/WhatsApp-Image-2024-10-05-at-14.07.50-696x524.jpeg 696w, https:\/\/prensa.sma.gob.ar\/wp-content\/uploads\/2024\/10\/WhatsApp-Image-2024-10-05-at-14.07.50-1068x804.jpeg 1068w, https:\/\/prensa.sma.gob.ar\/wp-content\/uploads\/2024\/10\/WhatsApp-Image-2024-10-05-at-14.07.50.jpeg 1600w\" sizes=\"auto, (max-width: 1024px) 100vw, 1024px\" \/><\/figure>\n<\/figure>\n\n\n\n<p>La directora de Vivienda y H\u00e1bitat, Carolina Amaya, explic\u00f3 que se trata de \u201cvisitas de interaprendizaje para entender qu\u00e9 significa urbanizar, c\u00f3mo es tomar posesi\u00f3n, entender las infraestructuras, las caminer\u00edas, las mensuras y todo lo que hace a ese proyecto colectivo\u201d.<\/p>\n\n\n\n<p>Ignacio Ferrer\u00eda, de Vecinos sin Techo, particip\u00f3 de la recorrida y respondi\u00f3 preguntas de los visitantes, al igual que otros integrantes de la organizaci\u00f3n. El objetivo -dijo- \u201ces acompa\u00f1ar a estas familias que reci\u00e9n ahora se comienzan a conocer\u201d.<\/p>\n\n\n\n<p>\u201cComo organizaci\u00f3n, nosotros proponemos llevar adelante, junto con el Estado, un proceso planificado donde todas las partes involucradas, incluyendo a las propias familias y distintas reparticiones del Estado, podamos llevar adelante un plan donde se pueda ordenar la ejecuci\u00f3n y la gesti\u00f3n de la obra\u201d, agreg\u00f3.<\/p>\n\n\n\n<p>Ferrer\u00eda puso como ejemplo que \u201cpara pensar en servicios, primero hay que tener la mensura; hay un orden que debe seguirse, de manera transparente y colectiva\u201d. Agreg\u00f3 que \u201cnuestra experiencia muestra lo bueno de la organizaci\u00f3n y tambi\u00e9n las cosas donde hicimos agua, no todo fue virtuoso y de eso tambi\u00e9n aprendimos y lo comentamos\u201d.<\/p>\n\n\n\n<p>Sobre los pr\u00f3ximos pasos en este proyecto de las 200 soluciones habitacionales de Chacra 30, Carolina Amaya explic\u00f3 que \u201cla idea es captar experiencias tambi\u00e9n de los barrios que tenemos en cordones y de otros barrios; cada urbanizaci\u00f3n encierra una forma diferente de hacer barrios\u201d.<\/p>\n\n\n\n<p>Finalmente, la directora del Instituto de Vivienda agradeci\u00f3 \u201ca la comunidad y a Vecinos sin Techo por darnos la posibilidad de acceder al territorio y que las vecinas y vecinos conozcan experiencias; que puedan comprender las dificultades y ver qu\u00e9 barrio queremos para nuestras 12 hect\u00e1reas y media de Chacra 30\u201d.<\/p>\n\n\n\n<figure class=\"wp-block-embed is-type-video is-provider-youtube wp-block-embed-youtube wp-embed-aspect-16-9 wp-has-aspect-ratio\"><div class=\"wp-block-embed__wrapper\">\n<iframe loading=\"lazy\" title=\"Sumar experiencias para pensar los nuevos lotes de Chacra 30\" width=\"696\" height=\"392\" src=\"https:\/\/www.youtube.com\/embed\/2s9_-PC7nNo?feature=oembed\" frameborder=\"0\" allow=\"accelerometer; autoplay; clipboard-write; encrypted-media; gyroscope; picture-in-picture; web-share\" referrerpolicy=\"strict-origin-when-cross-origin\" allowfullscreen><\/iframe>\n<\/div><\/figure>\n","protected":false},"excerpt":{"rendered":"<p>Vecinas y vecinos de los 200 nuevos lotes de Chacra 30 recorrieron el Barrio Intercultural para conocer la experiencia del trabajo comunitario y las diferentes etapas por las que atraviesa la concreci\u00f3n de un sue\u00f1o urbano. Durante la visita, las familias se interiorizaron de las diferentes etapas por las que atraviesa una urbanizaci\u00f3n, desde las [&hellip;]<\/p>\n","protected":false},"author":2,"featured_media":2778,"comment_status":"closed","ping_status":"open","sticky":false,"template":"","format":"standard","meta":{"footnotes":""},"categories":[16,14,17,37],"tags":[],"class_list":{"0":"post-2773","1":"post","2":"type-post","3":"status-publish","4":"format-standard","5":"has-post-thumbnail","7":"category-destacadas","8":"category-noticias","9":"category-portada","10":"category-vivienda"},"_links":{"self":[{"href":"https:\/\/prensa.sma.gob.ar\/index.php?rest_route=\/wp\/v2\/posts\/2773","targetHints":{"allow":["GET"]}}],"collection":[{"href":"https:\/\/prensa.sma.gob.ar\/index.php?rest_route=\/wp\/v2\/posts"}],"about":[{"href":"https:\/\/prensa.sma.gob.ar\/index.php?rest_route=\/wp\/v2\/types\/post"}],"author":[{"embeddable":true,"href":"https:\/\/prensa.sma.gob.ar\/index.php?rest_route=\/wp\/v2\/users\/2"}],"replies":[{"embeddable":true,"href":"https:\/\/prensa.sma.gob.ar\/index.php?rest_route=%2Fwp%2Fv2%2Fcomments&post=2773"}],"version-history":[{"count":1,"href":"https:\/\/prensa.sma.gob.ar\/index.php?rest_route=\/wp\/v2\/posts\/2773\/revisions"}],"predecessor-version":[{"id":2797,"href":"https:\/\/prensa.sma.gob.ar\/index.php?rest_route=\/wp\/v2\/posts\/2773\/revisions\/2797"}],"wp:featuredmedia":[{"embeddable":true,"href":"https:\/\/prensa.sma.gob.ar\/index.php?rest_route=\/wp\/v2\/media\/2778"}],"wp:attachment":[{"href":"https:\/\/prensa.sma.gob.ar\/index.php?rest_route=%2Fwp%2Fv2%2Fmedia&parent=2773"}],"wp:term":[{"taxonomy":"category","embeddable":true,"href":"https:\/\/prensa.sma.gob.ar\/index.php?rest_route=%2Fwp%2Fv2%2Fcategories&post=2773"},{"taxonomy":"post_tag","embeddable":true,"href":"https:\/\/prensa.sma.gob.ar\/index.php?rest_route=%2Fwp%2Fv2%2Ftags&post=2773"}],"curies":[{"name":"wp","href":"https:\/\/api.w.org\/{rel}","templated":true}]}}