{"id":2801,"date":"2024-10-06T03:40:33","date_gmt":"2024-10-06T03:40:33","guid":{"rendered":"https:\/\/prensa.sma.gob.ar\/?p=2801"},"modified":"2024-10-06T03:58:59","modified_gmt":"2024-10-06T03:58:59","slug":"continua-la-encuesta-provincial-de-inquilinos","status":"publish","type":"post","link":"https:\/\/prensa.sma.gob.ar\/?p=2801","title":{"rendered":"Contin\u00faa la Encuesta Provincial de Inquilinos"},"content":{"rendered":"\n<p>El Observatorio de Alquileres de San Mart\u00edn de los Andes y El monitor de Alquileres de la provincia de Neuqu\u00e9n trabajan en la construcci\u00f3n de datos para la conformaci\u00f3n de pol\u00edticas p\u00fablicas que atiendan la problem\u00e1tica de viviendas en alquiler, vista como una soluci\u00f3n habitacional, siempre y cuando sea accesible y justa.<\/p>\n\n\n\n<p>En este contexto, se lleva a cabo la Encuesta Provincial de Inquilinos, con el fin de recopilar informaci\u00f3n detallada sobre la situaci\u00f3n de los alquileres en la Provincia del Neuqu\u00e9n, para generar un sistema integrado de datos que permita el desarrollo de herramientas y acciones para un mejor acceso a la vivienda por contrato de alquiler.<\/p>\n\n\n\n<p><strong>Enlace para responder la Encuesta Provincial de Inquilinos:<\/strong><\/p>\n\n\n\n<p><a href=\"https:\/\/encuestainquilinos.neuquen.gov.ar\"><strong>https:\/\/encuestainquilinos.neuquen.gov.ar<\/strong><\/a><\/p>\n\n\n\n<p><\/p>\n","protected":false},"excerpt":{"rendered":"<p>El Observatorio de Alquileres de San Mart\u00edn de los Andes y El monitor de Alquileres de la provincia de Neuqu\u00e9n trabajan en la construcci\u00f3n de datos para la conformaci\u00f3n de pol\u00edticas p\u00fablicas que atiendan la problem\u00e1tica de viviendas en alquiler, vista como una soluci\u00f3n habitacional, siempre y cuando sea accesible y justa. En este contexto, [&hellip;]<\/p>\n","protected":false},"author":2,"featured_media":2802,"comment_status":"closed","ping_status":"open","sticky":false,"template":"","format":"standard","meta":{"footnotes":""},"categories":[16,14,37],"tags":[],"class_list":{"0":"post-2801","1":"post","2":"type-post","3":"status-publish","4":"format-standard","5":"has-post-thumbnail","7":"category-destacadas","8":"category-noticias","9":"category-vivienda"},"_links":{"self":[{"href":"https:\/\/prensa.sma.gob.ar\/index.php?rest_route=\/wp\/v2\/posts\/2801","targetHints":{"allow":["GET"]}}],"collection":[{"href":"https:\/\/prensa.sma.gob.ar\/index.php?rest_route=\/wp\/v2\/posts"}],"about":[{"href":"https:\/\/prensa.sma.gob.ar\/index.php?rest_route=\/wp\/v2\/types\/post"}],"author":[{"embeddable":true,"href":"https:\/\/prensa.sma.gob.ar\/index.php?rest_route=\/wp\/v2\/users\/2"}],"replies":[{"embeddable":true,"href":"https:\/\/prensa.sma.gob.ar\/index.php?rest_route=%2Fwp%2Fv2%2Fcomments&post=2801"}],"version-history":[{"count":1,"href":"https:\/\/prensa.sma.gob.ar\/index.php?rest_route=\/wp\/v2\/posts\/2801\/revisions"}],"predecessor-version":[{"id":2803,"href":"https:\/\/prensa.sma.gob.ar\/index.php?rest_route=\/wp\/v2\/posts\/2801\/revisions\/2803"}],"wp:featuredmedia":[{"embeddable":true,"href":"https:\/\/prensa.sma.gob.ar\/index.php?rest_route=\/wp\/v2\/media\/2802"}],"wp:attachment":[{"href":"https:\/\/prensa.sma.gob.ar\/index.php?rest_route=%2Fwp%2Fv2%2Fmedia&parent=2801"}],"wp:term":[{"taxonomy":"category","embeddable":true,"href":"https:\/\/prensa.sma.gob.ar\/index.php?rest_route=%2Fwp%2Fv2%2Fcategories&post=2801"},{"taxonomy":"post_tag","embeddable":true,"href":"https:\/\/prensa.sma.gob.ar\/index.php?rest_route=%2Fwp%2Fv2%2Ftags&post=2801"}],"curies":[{"name":"wp","href":"https:\/\/api.w.org\/{rel}","templated":true}]}}