{"id":2804,"date":"2024-10-06T03:41:22","date_gmt":"2024-10-06T03:41:22","guid":{"rendered":"https:\/\/prensa.sma.gob.ar\/?p=2804"},"modified":"2024-10-06T04:32:09","modified_gmt":"2024-10-06T04:32:09","slug":"cientos-de-vecinos-participaron-del-festival-septiembre-conecta","status":"publish","type":"post","link":"https:\/\/prensa.sma.gob.ar\/?p=2804","title":{"rendered":"Cientos de vecinos participaron del festival Septiembre Conecta"},"content":{"rendered":"\n<p>El encuentro comunitario en el play\u00f3n del barrio El Arenal cont\u00f3 con la participaci\u00f3n de feria de productores, shows musicales, cascada de chocolate, espacios literarios, y otras expresiones de nuestra ciudad.<\/p>\n\n\n\n<p>Las actividades comenzaron a las 16 y se extendieron hasta pasada la 1 de la madrugada, con un cierre musical y baile para coronar este gran festival comunitario. A lo largo de todo el festival, cientos de vecinos se acercaron para darle vida a este encuentro barrial y comunitario.<\/p>\n\n\n\n<p>La primera edici\u00f3n, que promete un nuevo encuentro el a\u00f1o que viene, cont\u00f3 con la organizaci\u00f3n de la subsecretar\u00eda de juntas vecinales y de la subsecretar\u00eda de producci\u00f3n, empleo y juventud, adem\u00e1s de la participaci\u00f3n de otras \u00e1reas del municipio y de instituciones provinciales y nacionales.<\/p>\n\n\n\n<figure class=\"wp-block-gallery has-nested-images columns-default is-cropped wp-block-gallery-1 is-layout-flex wp-block-gallery-is-layout-flex\">\n<figure class=\"wp-block-image size-large\"><img loading=\"lazy\" decoding=\"async\" width=\"720\" height=\"960\" data-id=\"2825\" src=\"https:\/\/prensa.sma.gob.ar\/wp-content\/uploads\/2024\/10\/462257747_962581565897335_8924802643144548542_n.jpg\" alt=\"\" class=\"wp-image-2825\" srcset=\"https:\/\/prensa.sma.gob.ar\/wp-content\/uploads\/2024\/10\/462257747_962581565897335_8924802643144548542_n.jpg 720w, https:\/\/prensa.sma.gob.ar\/wp-content\/uploads\/2024\/10\/462257747_962581565897335_8924802643144548542_n-225x300.jpg 225w, https:\/\/prensa.sma.gob.ar\/wp-content\/uploads\/2024\/10\/462257747_962581565897335_8924802643144548542_n-315x420.jpg 315w, https:\/\/prensa.sma.gob.ar\/wp-content\/uploads\/2024\/10\/462257747_962581565897335_8924802643144548542_n-696x928.jpg 696w\" sizes=\"auto, (max-width: 720px) 100vw, 720px\" \/><\/figure>\n\n\n\n<figure class=\"wp-block-image size-large\"><img loading=\"lazy\" decoding=\"async\" width=\"768\" height=\"1024\" data-id=\"2824\" src=\"https:\/\/prensa.sma.gob.ar\/wp-content\/uploads\/2024\/10\/462242515_863065176002063_6349553089918290611_n-768x1024.jpg\" alt=\"\" class=\"wp-image-2824\" srcset=\"https:\/\/prensa.sma.gob.ar\/wp-content\/uploads\/2024\/10\/462242515_863065176002063_6349553089918290611_n-768x1024.jpg 768w, https:\/\/prensa.sma.gob.ar\/wp-content\/uploads\/2024\/10\/462242515_863065176002063_6349553089918290611_n-225x300.jpg 225w, https:\/\/prensa.sma.gob.ar\/wp-content\/uploads\/2024\/10\/462242515_863065176002063_6349553089918290611_n-1152x1536.jpg 1152w, https:\/\/prensa.sma.gob.ar\/wp-content\/uploads\/2024\/10\/462242515_863065176002063_6349553089918290611_n-315x420.jpg 315w, https:\/\/prensa.sma.gob.ar\/wp-content\/uploads\/2024\/10\/462242515_863065176002063_6349553089918290611_n-696x928.jpg 696w, https:\/\/prensa.sma.gob.ar\/wp-content\/uploads\/2024\/10\/462242515_863065176002063_6349553089918290611_n-1068x1424.jpg 1068w, https:\/\/prensa.sma.gob.ar\/wp-content\/uploads\/2024\/10\/462242515_863065176002063_6349553089918290611_n.jpg 1536w\" sizes=\"auto, (max-width: 768px) 100vw, 768px\" \/><\/figure>\n\n\n\n<figure class=\"wp-block-image size-large\"><img loading=\"lazy\" decoding=\"async\" width=\"720\" height=\"960\" data-id=\"2823\" src=\"https:\/\/prensa.sma.gob.ar\/wp-content\/uploads\/2024\/10\/462210271_962581422564016_3727525591835813769_n.jpg\" alt=\"\" class=\"wp-image-2823\" srcset=\"https:\/\/prensa.sma.gob.ar\/wp-content\/uploads\/2024\/10\/462210271_962581422564016_3727525591835813769_n.jpg 720w, https:\/\/prensa.sma.gob.ar\/wp-content\/uploads\/2024\/10\/462210271_962581422564016_3727525591835813769_n-225x300.jpg 225w, https:\/\/prensa.sma.gob.ar\/wp-content\/uploads\/2024\/10\/462210271_962581422564016_3727525591835813769_n-315x420.jpg 315w, https:\/\/prensa.sma.gob.ar\/wp-content\/uploads\/2024\/10\/462210271_962581422564016_3727525591835813769_n-696x928.jpg 696w\" sizes=\"auto, (max-width: 720px) 100vw, 720px\" \/><\/figure>\n\n\n\n<figure class=\"wp-block-image size-large\"><img loading=\"lazy\" decoding=\"async\" width=\"720\" height=\"960\" data-id=\"2821\" src=\"https:\/\/prensa.sma.gob.ar\/wp-content\/uploads\/2024\/10\/462193552_962581479230677_3159925264817873850_n.jpg\" alt=\"\" class=\"wp-image-2821\" srcset=\"https:\/\/prensa.sma.gob.ar\/wp-content\/uploads\/2024\/10\/462193552_962581479230677_3159925264817873850_n.jpg 720w, https:\/\/prensa.sma.gob.ar\/wp-content\/uploads\/2024\/10\/462193552_962581479230677_3159925264817873850_n-225x300.jpg 225w, https:\/\/prensa.sma.gob.ar\/wp-content\/uploads\/2024\/10\/462193552_962581479230677_3159925264817873850_n-315x420.jpg 315w, https:\/\/prensa.sma.gob.ar\/wp-content\/uploads\/2024\/10\/462193552_962581479230677_3159925264817873850_n-696x928.jpg 696w\" sizes=\"auto, (max-width: 720px) 100vw, 720px\" \/><\/figure>\n\n\n\n<figure class=\"wp-block-image size-large\"><img loading=\"lazy\" decoding=\"async\" width=\"768\" height=\"1024\" data-id=\"2820\" src=\"https:\/\/prensa.sma.gob.ar\/wp-content\/uploads\/2024\/10\/462193539_863065212668726_3258711155424311599_n-768x1024.jpg\" alt=\"\" class=\"wp-image-2820\" srcset=\"https:\/\/prensa.sma.gob.ar\/wp-content\/uploads\/2024\/10\/462193539_863065212668726_3258711155424311599_n-768x1024.jpg 768w, https:\/\/prensa.sma.gob.ar\/wp-content\/uploads\/2024\/10\/462193539_863065212668726_3258711155424311599_n-225x300.jpg 225w, https:\/\/prensa.sma.gob.ar\/wp-content\/uploads\/2024\/10\/462193539_863065212668726_3258711155424311599_n-1152x1536.jpg 1152w, https:\/\/prensa.sma.gob.ar\/wp-content\/uploads\/2024\/10\/462193539_863065212668726_3258711155424311599_n-315x420.jpg 315w, https:\/\/prensa.sma.gob.ar\/wp-content\/uploads\/2024\/10\/462193539_863065212668726_3258711155424311599_n-696x928.jpg 696w, https:\/\/prensa.sma.gob.ar\/wp-content\/uploads\/2024\/10\/462193539_863065212668726_3258711155424311599_n-1068x1424.jpg 1068w, https:\/\/prensa.sma.gob.ar\/wp-content\/uploads\/2024\/10\/462193539_863065212668726_3258711155424311599_n.jpg 1536w\" sizes=\"auto, (max-width: 768px) 100vw, 768px\" \/><\/figure>\n\n\n\n<figure class=\"wp-block-image size-large\"><img loading=\"lazy\" decoding=\"async\" width=\"720\" height=\"960\" data-id=\"2819\" src=\"https:\/\/prensa.sma.gob.ar\/wp-content\/uploads\/2024\/10\/462192717_962581569230668_2636728519610084532_n.jpg\" alt=\"\" class=\"wp-image-2819\" srcset=\"https:\/\/prensa.sma.gob.ar\/wp-content\/uploads\/2024\/10\/462192717_962581569230668_2636728519610084532_n.jpg 720w, https:\/\/prensa.sma.gob.ar\/wp-content\/uploads\/2024\/10\/462192717_962581569230668_2636728519610084532_n-225x300.jpg 225w, https:\/\/prensa.sma.gob.ar\/wp-content\/uploads\/2024\/10\/462192717_962581569230668_2636728519610084532_n-315x420.jpg 315w, https:\/\/prensa.sma.gob.ar\/wp-content\/uploads\/2024\/10\/462192717_962581569230668_2636728519610084532_n-696x928.jpg 696w\" sizes=\"auto, (max-width: 720px) 100vw, 720px\" \/><\/figure>\n<\/figure>\n\n\n\n<p>Septiembre Conecta -que se realiz\u00f3 este viernes 4 de octubre por la postergaci\u00f3n por cuestiones clim\u00e1ticas- fue declarado de Inter\u00e9s Legislativo por la C\u00e1mara de Diputados de Neuqu\u00e9n y por el Concejo Deliberante de nuestra ciudad.<\/p>\n\n\n\n<p>Este encuentro, que cont\u00f3 con una organizaci\u00f3n que demand\u00f3 dos meses de trabajos- estuvo dise\u00f1ado para conmemorar tres fechas importantes: el D\u00eda Nacional del Buen Vecino (28 de septiembre), el mes de la Juventud y el D\u00eda del Estudiante (21 de septiembre)\u201d.<\/p>\n\n\n\n<figure class=\"wp-block-gallery has-nested-images columns-default is-cropped wp-block-gallery-2 is-layout-flex wp-block-gallery-is-layout-flex\">\n<figure class=\"wp-block-image size-large\"><img loading=\"lazy\" decoding=\"async\" width=\"768\" height=\"1024\" data-id=\"2805\" src=\"https:\/\/prensa.sma.gob.ar\/wp-content\/uploads\/2024\/10\/462003076_863065276002053_7864538052578782156_n-768x1024.jpg\" alt=\"\" class=\"wp-image-2805\" srcset=\"https:\/\/prensa.sma.gob.ar\/wp-content\/uploads\/2024\/10\/462003076_863065276002053_7864538052578782156_n-768x1024.jpg 768w, https:\/\/prensa.sma.gob.ar\/wp-content\/uploads\/2024\/10\/462003076_863065276002053_7864538052578782156_n-225x300.jpg 225w, https:\/\/prensa.sma.gob.ar\/wp-content\/uploads\/2024\/10\/462003076_863065276002053_7864538052578782156_n-1152x1536.jpg 1152w, https:\/\/prensa.sma.gob.ar\/wp-content\/uploads\/2024\/10\/462003076_863065276002053_7864538052578782156_n-315x420.jpg 315w, https:\/\/prensa.sma.gob.ar\/wp-content\/uploads\/2024\/10\/462003076_863065276002053_7864538052578782156_n-696x928.jpg 696w, https:\/\/prensa.sma.gob.ar\/wp-content\/uploads\/2024\/10\/462003076_863065276002053_7864538052578782156_n-1068x1424.jpg 1068w, https:\/\/prensa.sma.gob.ar\/wp-content\/uploads\/2024\/10\/462003076_863065276002053_7864538052578782156_n.jpg 1536w\" sizes=\"auto, (max-width: 768px) 100vw, 768px\" \/><\/figure>\n\n\n\n<figure class=\"wp-block-image size-large\"><img loading=\"lazy\" decoding=\"async\" width=\"720\" height=\"960\" data-id=\"2806\" src=\"https:\/\/prensa.sma.gob.ar\/wp-content\/uploads\/2024\/10\/462006185_962581629230662_6577904270220083964_n.jpg\" alt=\"\" class=\"wp-image-2806\" srcset=\"https:\/\/prensa.sma.gob.ar\/wp-content\/uploads\/2024\/10\/462006185_962581629230662_6577904270220083964_n.jpg 720w, https:\/\/prensa.sma.gob.ar\/wp-content\/uploads\/2024\/10\/462006185_962581629230662_6577904270220083964_n-225x300.jpg 225w, https:\/\/prensa.sma.gob.ar\/wp-content\/uploads\/2024\/10\/462006185_962581629230662_6577904270220083964_n-315x420.jpg 315w, https:\/\/prensa.sma.gob.ar\/wp-content\/uploads\/2024\/10\/462006185_962581629230662_6577904270220083964_n-696x928.jpg 696w\" sizes=\"auto, (max-width: 720px) 100vw, 720px\" \/><\/figure>\n\n\n\n<figure class=\"wp-block-image size-large\"><img loading=\"lazy\" decoding=\"async\" width=\"768\" height=\"1024\" data-id=\"2807\" src=\"https:\/\/prensa.sma.gob.ar\/wp-content\/uploads\/2024\/10\/462057664_863258869316027_7235370921117397185_n-768x1024.jpg\" alt=\"\" class=\"wp-image-2807\" srcset=\"https:\/\/prensa.sma.gob.ar\/wp-content\/uploads\/2024\/10\/462057664_863258869316027_7235370921117397185_n-768x1024.jpg 768w, https:\/\/prensa.sma.gob.ar\/wp-content\/uploads\/2024\/10\/462057664_863258869316027_7235370921117397185_n-225x300.jpg 225w, https:\/\/prensa.sma.gob.ar\/wp-content\/uploads\/2024\/10\/462057664_863258869316027_7235370921117397185_n-315x420.jpg 315w, https:\/\/prensa.sma.gob.ar\/wp-content\/uploads\/2024\/10\/462057664_863258869316027_7235370921117397185_n-696x928.jpg 696w, https:\/\/prensa.sma.gob.ar\/wp-content\/uploads\/2024\/10\/462057664_863258869316027_7235370921117397185_n.jpg 960w\" sizes=\"auto, (max-width: 768px) 100vw, 768px\" \/><\/figure>\n\n\n\n<figure class=\"wp-block-image size-large\"><img loading=\"lazy\" decoding=\"async\" width=\"768\" height=\"1024\" data-id=\"2809\" src=\"https:\/\/prensa.sma.gob.ar\/wp-content\/uploads\/2024\/10\/462093561_863065099335404_1605589331219565258_n-768x1024.jpg\" alt=\"\" class=\"wp-image-2809\" srcset=\"https:\/\/prensa.sma.gob.ar\/wp-content\/uploads\/2024\/10\/462093561_863065099335404_1605589331219565258_n-768x1024.jpg 768w, https:\/\/prensa.sma.gob.ar\/wp-content\/uploads\/2024\/10\/462093561_863065099335404_1605589331219565258_n-225x300.jpg 225w, https:\/\/prensa.sma.gob.ar\/wp-content\/uploads\/2024\/10\/462093561_863065099335404_1605589331219565258_n-1152x1536.jpg 1152w, https:\/\/prensa.sma.gob.ar\/wp-content\/uploads\/2024\/10\/462093561_863065099335404_1605589331219565258_n-315x420.jpg 315w, https:\/\/prensa.sma.gob.ar\/wp-content\/uploads\/2024\/10\/462093561_863065099335404_1605589331219565258_n-696x928.jpg 696w, https:\/\/prensa.sma.gob.ar\/wp-content\/uploads\/2024\/10\/462093561_863065099335404_1605589331219565258_n-1068x1424.jpg 1068w, https:\/\/prensa.sma.gob.ar\/wp-content\/uploads\/2024\/10\/462093561_863065099335404_1605589331219565258_n.jpg 1536w\" sizes=\"auto, (max-width: 768px) 100vw, 768px\" \/><\/figure>\n\n\n\n<figure class=\"wp-block-image size-large\"><img loading=\"lazy\" decoding=\"async\" width=\"768\" height=\"1024\" data-id=\"2810\" src=\"https:\/\/prensa.sma.gob.ar\/wp-content\/uploads\/2024\/10\/462107806_863065072668740_4193489460847432669_n-768x1024.jpg\" alt=\"\" class=\"wp-image-2810\" srcset=\"https:\/\/prensa.sma.gob.ar\/wp-content\/uploads\/2024\/10\/462107806_863065072668740_4193489460847432669_n-768x1024.jpg 768w, https:\/\/prensa.sma.gob.ar\/wp-content\/uploads\/2024\/10\/462107806_863065072668740_4193489460847432669_n-225x300.jpg 225w, https:\/\/prensa.sma.gob.ar\/wp-content\/uploads\/2024\/10\/462107806_863065072668740_4193489460847432669_n-1152x1536.jpg 1152w, https:\/\/prensa.sma.gob.ar\/wp-content\/uploads\/2024\/10\/462107806_863065072668740_4193489460847432669_n-315x420.jpg 315w, https:\/\/prensa.sma.gob.ar\/wp-content\/uploads\/2024\/10\/462107806_863065072668740_4193489460847432669_n-696x928.jpg 696w, https:\/\/prensa.sma.gob.ar\/wp-content\/uploads\/2024\/10\/462107806_863065072668740_4193489460847432669_n-1068x1424.jpg 1068w, https:\/\/prensa.sma.gob.ar\/wp-content\/uploads\/2024\/10\/462107806_863065072668740_4193489460847432669_n.jpg 1536w\" sizes=\"auto, (max-width: 768px) 100vw, 768px\" \/><\/figure>\n\n\n\n<figure class=\"wp-block-image size-large\"><img loading=\"lazy\" decoding=\"async\" width=\"768\" height=\"1024\" data-id=\"2811\" src=\"https:\/\/prensa.sma.gob.ar\/wp-content\/uploads\/2024\/10\/462110971_863064916002089_3907191823398423978_n-768x1024.jpg\" alt=\"\" class=\"wp-image-2811\" srcset=\"https:\/\/prensa.sma.gob.ar\/wp-content\/uploads\/2024\/10\/462110971_863064916002089_3907191823398423978_n-768x1024.jpg 768w, https:\/\/prensa.sma.gob.ar\/wp-content\/uploads\/2024\/10\/462110971_863064916002089_3907191823398423978_n-225x300.jpg 225w, https:\/\/prensa.sma.gob.ar\/wp-content\/uploads\/2024\/10\/462110971_863064916002089_3907191823398423978_n-1152x1536.jpg 1152w, https:\/\/prensa.sma.gob.ar\/wp-content\/uploads\/2024\/10\/462110971_863064916002089_3907191823398423978_n-315x420.jpg 315w, https:\/\/prensa.sma.gob.ar\/wp-content\/uploads\/2024\/10\/462110971_863064916002089_3907191823398423978_n-696x928.jpg 696w, https:\/\/prensa.sma.gob.ar\/wp-content\/uploads\/2024\/10\/462110971_863064916002089_3907191823398423978_n-1068x1424.jpg 1068w, https:\/\/prensa.sma.gob.ar\/wp-content\/uploads\/2024\/10\/462110971_863064916002089_3907191823398423978_n.jpg 1536w\" sizes=\"auto, (max-width: 768px) 100vw, 768px\" \/><\/figure>\n<\/figure>\n\n\n\n<figure class=\"wp-block-gallery has-nested-images columns-default is-cropped wp-block-gallery-3 is-layout-flex wp-block-gallery-is-layout-flex\">\n<figure class=\"wp-block-image size-large\"><img loading=\"lazy\" decoding=\"async\" width=\"1024\" height=\"768\" data-id=\"2822\" src=\"https:\/\/prensa.sma.gob.ar\/wp-content\/uploads\/2024\/10\/462204649_863258845982696_5073039179021820326_n-1024x768.jpg\" alt=\"\" class=\"wp-image-2822\" srcset=\"https:\/\/prensa.sma.gob.ar\/wp-content\/uploads\/2024\/10\/462204649_863258845982696_5073039179021820326_n-1024x768.jpg 1024w, https:\/\/prensa.sma.gob.ar\/wp-content\/uploads\/2024\/10\/462204649_863258845982696_5073039179021820326_n-300x225.jpg 300w, https:\/\/prensa.sma.gob.ar\/wp-content\/uploads\/2024\/10\/462204649_863258845982696_5073039179021820326_n-768x576.jpg 768w, https:\/\/prensa.sma.gob.ar\/wp-content\/uploads\/2024\/10\/462204649_863258845982696_5073039179021820326_n-560x420.jpg 560w, https:\/\/prensa.sma.gob.ar\/wp-content\/uploads\/2024\/10\/462204649_863258845982696_5073039179021820326_n-80x60.jpg 80w, https:\/\/prensa.sma.gob.ar\/wp-content\/uploads\/2024\/10\/462204649_863258845982696_5073039179021820326_n-696x522.jpg 696w, https:\/\/prensa.sma.gob.ar\/wp-content\/uploads\/2024\/10\/462204649_863258845982696_5073039179021820326_n-1068x801.jpg 1068w, https:\/\/prensa.sma.gob.ar\/wp-content\/uploads\/2024\/10\/462204649_863258845982696_5073039179021820326_n.jpg 1280w\" sizes=\"auto, (max-width: 1024px) 100vw, 1024px\" \/><\/figure>\n\n\n\n<figure class=\"wp-block-image size-large\"><img loading=\"lazy\" decoding=\"async\" width=\"768\" height=\"1024\" data-id=\"2816\" src=\"https:\/\/prensa.sma.gob.ar\/wp-content\/uploads\/2024\/10\/462167299_863065342668713_6941981355377409955_n-768x1024.jpg\" alt=\"\" class=\"wp-image-2816\" srcset=\"https:\/\/prensa.sma.gob.ar\/wp-content\/uploads\/2024\/10\/462167299_863065342668713_6941981355377409955_n-768x1024.jpg 768w, https:\/\/prensa.sma.gob.ar\/wp-content\/uploads\/2024\/10\/462167299_863065342668713_6941981355377409955_n-225x300.jpg 225w, https:\/\/prensa.sma.gob.ar\/wp-content\/uploads\/2024\/10\/462167299_863065342668713_6941981355377409955_n-1152x1536.jpg 1152w, https:\/\/prensa.sma.gob.ar\/wp-content\/uploads\/2024\/10\/462167299_863065342668713_6941981355377409955_n-315x420.jpg 315w, https:\/\/prensa.sma.gob.ar\/wp-content\/uploads\/2024\/10\/462167299_863065342668713_6941981355377409955_n-696x928.jpg 696w, https:\/\/prensa.sma.gob.ar\/wp-content\/uploads\/2024\/10\/462167299_863065342668713_6941981355377409955_n-1068x1424.jpg 1068w, https:\/\/prensa.sma.gob.ar\/wp-content\/uploads\/2024\/10\/462167299_863065342668713_6941981355377409955_n.jpg 1536w\" sizes=\"auto, (max-width: 768px) 100vw, 768px\" \/><\/figure>\n\n\n\n<figure class=\"wp-block-image size-large\"><img loading=\"lazy\" decoding=\"async\" width=\"720\" height=\"960\" data-id=\"2814\" src=\"https:\/\/prensa.sma.gob.ar\/wp-content\/uploads\/2024\/10\/462139794_962581592563999_1067314069209632038_n.jpg\" alt=\"\" class=\"wp-image-2814\" srcset=\"https:\/\/prensa.sma.gob.ar\/wp-content\/uploads\/2024\/10\/462139794_962581592563999_1067314069209632038_n.jpg 720w, https:\/\/prensa.sma.gob.ar\/wp-content\/uploads\/2024\/10\/462139794_962581592563999_1067314069209632038_n-225x300.jpg 225w, https:\/\/prensa.sma.gob.ar\/wp-content\/uploads\/2024\/10\/462139794_962581592563999_1067314069209632038_n-315x420.jpg 315w, https:\/\/prensa.sma.gob.ar\/wp-content\/uploads\/2024\/10\/462139794_962581592563999_1067314069209632038_n-696x928.jpg 696w\" sizes=\"auto, (max-width: 720px) 100vw, 720px\" \/><\/figure>\n<\/figure>\n","protected":false},"excerpt":{"rendered":"<p>El encuentro comunitario en el play\u00f3n del barrio El Arenal cont\u00f3 con la participaci\u00f3n de feria de productores, shows musicales, cascada de chocolate, espacios literarios, y otras expresiones de nuestra ciudad. Las actividades comenzaron a las 16 y se extendieron hasta pasada la 1 de la madrugada, con un cierre musical y baile para coronar [&hellip;]<\/p>\n","protected":false},"author":2,"featured_media":2817,"comment_status":"closed","ping_status":"open","sticky":false,"template":"","format":"standard","meta":{"footnotes":""},"categories":[16,39,14,38],"tags":[],"class_list":{"0":"post-2804","1":"post","2":"type-post","3":"status-publish","4":"format-standard","5":"has-post-thumbnail","7":"category-destacadas","8":"category-subs-juntas-vecinales","9":"category-noticias","10":"category-subsecretaria-produccion-empleo-y-juventud"},"_links":{"self":[{"href":"https:\/\/prensa.sma.gob.ar\/index.php?rest_route=\/wp\/v2\/posts\/2804","targetHints":{"allow":["GET"]}}],"collection":[{"href":"https:\/\/prensa.sma.gob.ar\/index.php?rest_route=\/wp\/v2\/posts"}],"about":[{"href":"https:\/\/prensa.sma.gob.ar\/index.php?rest_route=\/wp\/v2\/types\/post"}],"author":[{"embeddable":true,"href":"https:\/\/prensa.sma.gob.ar\/index.php?rest_route=\/wp\/v2\/users\/2"}],"replies":[{"embeddable":true,"href":"https:\/\/prensa.sma.gob.ar\/index.php?rest_route=%2Fwp%2Fv2%2Fcomments&post=2804"}],"version-history":[{"count":2,"href":"https:\/\/prensa.sma.gob.ar\/index.php?rest_route=\/wp\/v2\/posts\/2804\/revisions"}],"predecessor-version":[{"id":2829,"href":"https:\/\/prensa.sma.gob.ar\/index.php?rest_route=\/wp\/v2\/posts\/2804\/revisions\/2829"}],"wp:featuredmedia":[{"embeddable":true,"href":"https:\/\/prensa.sma.gob.ar\/index.php?rest_route=\/wp\/v2\/media\/2817"}],"wp:attachment":[{"href":"https:\/\/prensa.sma.gob.ar\/index.php?rest_route=%2Fwp%2Fv2%2Fmedia&parent=2804"}],"wp:term":[{"taxonomy":"category","embeddable":true,"href":"https:\/\/prensa.sma.gob.ar\/index.php?rest_route=%2Fwp%2Fv2%2Fcategories&post=2804"},{"taxonomy":"post_tag","embeddable":true,"href":"https:\/\/prensa.sma.gob.ar\/index.php?rest_route=%2Fwp%2Fv2%2Ftags&post=2804"}],"curies":[{"name":"wp","href":"https:\/\/api.w.org\/{rel}","templated":true}]}}