{"id":2830,"date":"2024-10-04T17:43:35","date_gmt":"2024-10-04T17:43:35","guid":{"rendered":"https:\/\/prensa.sma.gob.ar\/?p=2830"},"modified":"2024-10-06T17:45:23","modified_gmt":"2024-10-06T17:45:23","slug":"declaran-a-la-escuela-n-86-patrimonio-historico-de-la-provincia-de-neuquen","status":"publish","type":"post","link":"https:\/\/prensa.sma.gob.ar\/?p=2830","title":{"rendered":"Declaran a la Escuela N\u00b0 86 Patrimonio Hist\u00f3rico de la Provincia de Neuqu\u00e9n"},"content":{"rendered":"\n<p>El edificio hist\u00f3rico de la Escuela N\u00b086 \u00abBatalla de Maip\u00fa\u00bb qued\u00f3 declarado Patrimonio Hist\u00f3rico Provincial, mediante la Ley N\u00ba 3469, a partir de un proyecto presentado por la diputada sanmartinense Mercedes Tuli\u00e1n.<\/p>\n\n\n\n<p>El edificio est\u00e1 ubicado en la chacra 22 del barrio Vega Maip\u00fa. Durante muchos a\u00f1os fue un importante polo social y cultural de la Vega Maip\u00fa, donde se desarrollaban actividades agr\u00edcolas y ganaderas, a 10 kil\u00f3metros del centro. Fue sede de una biblioteca popular, un taller de cer\u00e1mica y de numerosos eventos tradicionalistas. Desde 1927, a\u00f1o de su inauguraci\u00f3n, hasta hoy, funciona all\u00ed la Escuela N\u00b086 \u00abBatalla de Maip\u00fa\u00bb, aunque actualmente el edificio antiguo no est\u00e1 habilitado.<\/p>\n\n\n\n<p>Al momento de la presentaci\u00f3n del proyecto, la diputada Tuli\u00e1n indic\u00f3 que \u00abel edificio forma parte del Patrimonio Cultural de San Mart\u00edn de los Andes y necesita una restauraci\u00f3n. En ese marco, declararlo patrimonio hist\u00f3rico provincial facilitar\u00e1 su revalorizaci\u00f3n a casi cien a\u00f1os de su fundaci\u00f3n\u00bb.<\/p>\n\n\n<div class=\"wp-block-image\">\n<figure class=\"aligncenter size-large is-resized\"><img loading=\"lazy\" decoding=\"async\" width=\"1024\" height=\"678\" src=\"https:\/\/prensa.sma.gob.ar\/wp-content\/uploads\/2024\/10\/461830283_961388092683349_839261714192062700_n-1024x678.jpg\" alt=\"\" class=\"wp-image-2832\" style=\"width:557px;height:auto\" srcset=\"https:\/\/prensa.sma.gob.ar\/wp-content\/uploads\/2024\/10\/461830283_961388092683349_839261714192062700_n-1024x678.jpg 1024w, https:\/\/prensa.sma.gob.ar\/wp-content\/uploads\/2024\/10\/461830283_961388092683349_839261714192062700_n-300x199.jpg 300w, https:\/\/prensa.sma.gob.ar\/wp-content\/uploads\/2024\/10\/461830283_961388092683349_839261714192062700_n-768x509.jpg 768w, https:\/\/prensa.sma.gob.ar\/wp-content\/uploads\/2024\/10\/461830283_961388092683349_839261714192062700_n-1536x1017.jpg 1536w, https:\/\/prensa.sma.gob.ar\/wp-content\/uploads\/2024\/10\/461830283_961388092683349_839261714192062700_n-634x420.jpg 634w, https:\/\/prensa.sma.gob.ar\/wp-content\/uploads\/2024\/10\/461830283_961388092683349_839261714192062700_n-696x461.jpg 696w, https:\/\/prensa.sma.gob.ar\/wp-content\/uploads\/2024\/10\/461830283_961388092683349_839261714192062700_n-1068x707.jpg 1068w, https:\/\/prensa.sma.gob.ar\/wp-content\/uploads\/2024\/10\/461830283_961388092683349_839261714192062700_n-1920x1271.jpg 1920w, https:\/\/prensa.sma.gob.ar\/wp-content\/uploads\/2024\/10\/461830283_961388092683349_839261714192062700_n.jpg 2048w\" sizes=\"auto, (max-width: 1024px) 100vw, 1024px\" \/><\/figure>\n<\/div>\n\n\n<p>(Informaci\u00f3n compartida por el Museo Primeros Pobladores y por la Secretar\u00eda de Cultura Sma del Municipio)<\/p>\n\n\n\n<p><\/p>\n","protected":false},"excerpt":{"rendered":"<p>El edificio hist\u00f3rico de la Escuela N\u00b086 \u00abBatalla de Maip\u00fa\u00bb qued\u00f3 declarado Patrimonio Hist\u00f3rico Provincial, mediante la Ley N\u00ba 3469, a partir de un proyecto presentado por la diputada sanmartinense Mercedes Tuli\u00e1n. El edificio est\u00e1 ubicado en la chacra 22 del barrio Vega Maip\u00fa. Durante muchos a\u00f1os fue un importante polo social y cultural de [&hellip;]<\/p>\n","protected":false},"author":2,"featured_media":2831,"comment_status":"closed","ping_status":"open","sticky":false,"template":"","format":"standard","meta":{"footnotes":""},"categories":[16,9,14],"tags":[41],"class_list":{"0":"post-2830","1":"post","2":"type-post","3":"status-publish","4":"format-standard","5":"has-post-thumbnail","7":"category-destacadas","8":"category-educacion","9":"category-noticias","10":"tag-patrimonio"},"_links":{"self":[{"href":"https:\/\/prensa.sma.gob.ar\/index.php?rest_route=\/wp\/v2\/posts\/2830","targetHints":{"allow":["GET"]}}],"collection":[{"href":"https:\/\/prensa.sma.gob.ar\/index.php?rest_route=\/wp\/v2\/posts"}],"about":[{"href":"https:\/\/prensa.sma.gob.ar\/index.php?rest_route=\/wp\/v2\/types\/post"}],"author":[{"embeddable":true,"href":"https:\/\/prensa.sma.gob.ar\/index.php?rest_route=\/wp\/v2\/users\/2"}],"replies":[{"embeddable":true,"href":"https:\/\/prensa.sma.gob.ar\/index.php?rest_route=%2Fwp%2Fv2%2Fcomments&post=2830"}],"version-history":[{"count":1,"href":"https:\/\/prensa.sma.gob.ar\/index.php?rest_route=\/wp\/v2\/posts\/2830\/revisions"}],"predecessor-version":[{"id":2833,"href":"https:\/\/prensa.sma.gob.ar\/index.php?rest_route=\/wp\/v2\/posts\/2830\/revisions\/2833"}],"wp:featuredmedia":[{"embeddable":true,"href":"https:\/\/prensa.sma.gob.ar\/index.php?rest_route=\/wp\/v2\/media\/2831"}],"wp:attachment":[{"href":"https:\/\/prensa.sma.gob.ar\/index.php?rest_route=%2Fwp%2Fv2%2Fmedia&parent=2830"}],"wp:term":[{"taxonomy":"category","embeddable":true,"href":"https:\/\/prensa.sma.gob.ar\/index.php?rest_route=%2Fwp%2Fv2%2Fcategories&post=2830"},{"taxonomy":"post_tag","embeddable":true,"href":"https:\/\/prensa.sma.gob.ar\/index.php?rest_route=%2Fwp%2Fv2%2Ftags&post=2830"}],"curies":[{"name":"wp","href":"https:\/\/api.w.org\/{rel}","templated":true}]}}