{"id":2867,"date":"2024-10-08T00:51:56","date_gmt":"2024-10-08T00:51:56","guid":{"rendered":"https:\/\/prensa.sma.gob.ar\/?p=2867"},"modified":"2024-10-08T11:56:26","modified_gmt":"2024-10-08T11:56:26","slug":"el-municipio-firmo-con-la-provincia-la-linea-de-creditos-para-la-renovacion-de-taxis","status":"publish","type":"post","link":"https:\/\/prensa.sma.gob.ar\/?p=2867","title":{"rendered":"El Municipio firm\u00f3 con la Provincia la l\u00ednea de cr\u00e9ditos para la renovaci\u00f3n de taxis"},"content":{"rendered":"\n<p>El intendente de San Mart\u00edn de los Andes, Carlos Saloniti, firm\u00f3 con el gobernador de Neuqu\u00e9n, Rolando Figuera, el convenio mediante el cual la provincia otorgar\u00e1 cr\u00e9ditos para la renovaci\u00f3n de la flota de taxis de varios municipios neuquinos.<\/p>\n\n\n\n<p>Los fondos, que inyectar\u00e1n 4.600 millones de pesos a la econom\u00eda neuquina, podr\u00e1n destinarse al reemplazo y\/o renovaci\u00f3n de veh\u00edculos destinados a la prestaci\u00f3n de este servicio que est\u00e9n pr\u00f3ximos a alcanzar el l\u00edmite de antig\u00fcedad, seg\u00fan lo estipulado por las ordenanzas vigentes en cada localidad.<\/p>\n\n\n\n<p>Se financiar\u00e1 el 70 por ciento del valor final de la unidad, considerando que debe estar en condiciones de circular. Esto incluye tanto el valor de la unidad como los gastos de patentamiento y los costos de gestiones necesarias. Se prev\u00e9 un per\u00edodo de gracia parcial de tres meses y un plazo de amortizaci\u00f3n de 57 meses.<\/p>\n\n\n\n<p>Los cr\u00e9ditos fueron presentados este lunes por el gobernador Figueroa durante un acto que se realiz\u00f3 en el Centro de Convenciones Domuyo, que cont\u00f3 con la presencia de funcionarios de su gabinete y varios intendentes, entre ellos Saloniti, adem\u00e1s de la participaci\u00f3n de los interesados.<\/p>\n\n\n\n<p>Figueroa expres\u00f3 que esta pol\u00edtica que se implementa es parte del \u201cbuen manejo de los recursos, que tambi\u00e9n nos est\u00e1 permitiendo generar -en el trascurrir de este a\u00f1o- un ahorro de 851 millones de d\u00f3lares. Eran gastos superfluos que ten\u00eda el Estado, y que hoy nos permiten trabajar de otra manera e ir poniendo los recursos donde verdaderamente tienen que ir\u201d.<\/p>\n\n\n\n<p>El mandatario neuquino comprometi\u00f3 ante los propietarios de taxis y remises \u201cla decisi\u00f3n pol\u00edtica\u201d de continuar trabajando para que \u201ctodos los a\u00f1os podamos sacar a esta altura esta l\u00ednea de cr\u00e9dito, para que ustedes permanentemente vayan renovando las unidades\u201d.<\/p>\n\n\n\n<p>El objetivo del convenio es \u201cpaliar el efecto del envejecimiento del parque automotor, garantizando un servicio de mayor calidad a la poblaci\u00f3n\u201d, seg\u00fan el acuerdo firmado por Figueroa, Saloniti y otros jefes comunales en la denominada \u201cL\u00ednea de Cr\u00e9ditos para la renovaci\u00f3n de la flota de taxis y remises en los municipios de la provincia de Neuqu\u00e9n\u201d.<\/p>\n\n\n\n<p>El Municipio se compromete a suministrar informaci\u00f3n a la Provincia para que el Estado neuquino pueda disponer la l\u00ednea de cr\u00e9dito mencionada, para lograr \u201cun servicio m\u00e1s seguro, eficiente y confortable para los usuarios\u201d.<\/p>\n\n\n\n<p>La Provincia dispuso un cupo de 4.600 millones de pesos para la renovaci\u00f3n de la flota de taxis, de manera de atender la preocupaci\u00f3n de los propietarios de licencias debido a los valores actuales que tienen los veh\u00edculos.<\/p>\n\n\n<div class=\"wp-block-image\">\n<figure class=\"aligncenter size-full is-resized\"><img loading=\"lazy\" decoding=\"async\" width=\"998\" height=\"630\" src=\"https:\/\/prensa.sma.gob.ar\/wp-content\/uploads\/2024\/10\/WhatsApp-Image-2024-10-07-at-17.37.37.jpeg\" alt=\"\" class=\"wp-image-2869\" style=\"width:472px;height:auto\" srcset=\"https:\/\/prensa.sma.gob.ar\/wp-content\/uploads\/2024\/10\/WhatsApp-Image-2024-10-07-at-17.37.37.jpeg 998w, https:\/\/prensa.sma.gob.ar\/wp-content\/uploads\/2024\/10\/WhatsApp-Image-2024-10-07-at-17.37.37-300x189.jpeg 300w, https:\/\/prensa.sma.gob.ar\/wp-content\/uploads\/2024\/10\/WhatsApp-Image-2024-10-07-at-17.37.37-768x485.jpeg 768w, https:\/\/prensa.sma.gob.ar\/wp-content\/uploads\/2024\/10\/WhatsApp-Image-2024-10-07-at-17.37.37-665x420.jpeg 665w, https:\/\/prensa.sma.gob.ar\/wp-content\/uploads\/2024\/10\/WhatsApp-Image-2024-10-07-at-17.37.37-696x439.jpeg 696w\" sizes=\"auto, (max-width: 998px) 100vw, 998px\" \/><\/figure>\n<\/div>\n\n\n<p><strong>Requisitos para acceder a estos cr\u00e9ditos<\/strong><\/p>\n\n\n\n<p>El Gobierno provincial inform\u00f3 que las personas beneficiarias ser\u00e1n todos aquellos propietarios de licencia de taxis y remises cuyos municipios hayan firmado un convenio con la provincia, como es el caso de San Mart\u00edn de los Andes. Para acceder se debe ser propietario de una licencia de taxis, ser monotributista categor\u00eda C o superior, o ser responsable inscripto y estar en una situaci\u00f3n normal en el Banco Central.<\/p>\n\n\n\n<p>El monto a financiar es de 17,5 millones de pesos o el 70% del valor del veh\u00edculo, con un tope de 17,5 millones. Tiene un periodo de gracia de tres meses y se devuelve en cinco a\u00f1os.&nbsp; La tasa de esta l\u00ednea es de promoci\u00f3n y es del 50% de una tasa de referencia que publica el Banco Naci\u00f3n a diario m\u00e1s dos puntos. Hoy en d\u00eda esa tasa est\u00e1 en un 47%, entonces al ser la mitad m\u00e1s dos puntos, esta tasa quedar\u00eda en un 25% anual y es variable.<\/p>\n\n\n\n<p>El agente financiero de la l\u00ednea ser\u00e1 el Banco Provincia del Neuqu\u00e9n (BPN) y el Instituto Aut\u00e1rquico de Desarrollo Productivo (IADEP) ser\u00e1 el organismo evaluador de los proyectos. Esta l\u00ednea se gestiona de manera virtual en la p\u00e1gina del programa M\u00e1s Pyme, M\u00e1s Futuro que tiene el Centro Pyme, que es <a href=\"http:\/\/bid.adeneu.com.ar\" target=\"_blank\" rel=\"noreferrer noopener\"><strong>bid.adeneu.com.ar<\/strong><\/a>.<\/p>\n\n\n\n<p>La convocatoria se divide en dos. Hasta el 31 de octubre se podr\u00e1n inscribir todos aquellos propietarios de licencia de taxis y remises cuya licencia se vence el 31 de diciembre de este a\u00f1o. A partir del 1 de noviembre se podr\u00e1n inscribir todos los conductores, taxistas y remiseros que tengan licencia y que quieran renovar su veh\u00edculo.<\/p>\n","protected":false},"excerpt":{"rendered":"<p>El intendente de San Mart\u00edn de los Andes, Carlos Saloniti, firm\u00f3 con el gobernador de Neuqu\u00e9n, Rolando Figuera, el convenio mediante el cual la provincia otorgar\u00e1 cr\u00e9ditos para la renovaci\u00f3n de la flota de taxis de varios municipios neuquinos. Los fondos, que inyectar\u00e1n 4.600 millones de pesos a la econom\u00eda neuquina, podr\u00e1n destinarse al reemplazo [&hellip;]<\/p>\n","protected":false},"author":2,"featured_media":2868,"comment_status":"closed","ping_status":"open","sticky":false,"template":"","format":"standard","meta":{"footnotes":""},"categories":[16,14,17],"tags":[],"class_list":{"0":"post-2867","1":"post","2":"type-post","3":"status-publish","4":"format-standard","5":"has-post-thumbnail","7":"category-destacadas","8":"category-noticias","9":"category-portada"},"_links":{"self":[{"href":"https:\/\/prensa.sma.gob.ar\/index.php?rest_route=\/wp\/v2\/posts\/2867","targetHints":{"allow":["GET"]}}],"collection":[{"href":"https:\/\/prensa.sma.gob.ar\/index.php?rest_route=\/wp\/v2\/posts"}],"about":[{"href":"https:\/\/prensa.sma.gob.ar\/index.php?rest_route=\/wp\/v2\/types\/post"}],"author":[{"embeddable":true,"href":"https:\/\/prensa.sma.gob.ar\/index.php?rest_route=\/wp\/v2\/users\/2"}],"replies":[{"embeddable":true,"href":"https:\/\/prensa.sma.gob.ar\/index.php?rest_route=%2Fwp%2Fv2%2Fcomments&post=2867"}],"version-history":[{"count":1,"href":"https:\/\/prensa.sma.gob.ar\/index.php?rest_route=\/wp\/v2\/posts\/2867\/revisions"}],"predecessor-version":[{"id":2870,"href":"https:\/\/prensa.sma.gob.ar\/index.php?rest_route=\/wp\/v2\/posts\/2867\/revisions\/2870"}],"wp:featuredmedia":[{"embeddable":true,"href":"https:\/\/prensa.sma.gob.ar\/index.php?rest_route=\/wp\/v2\/media\/2868"}],"wp:attachment":[{"href":"https:\/\/prensa.sma.gob.ar\/index.php?rest_route=%2Fwp%2Fv2%2Fmedia&parent=2867"}],"wp:term":[{"taxonomy":"category","embeddable":true,"href":"https:\/\/prensa.sma.gob.ar\/index.php?rest_route=%2Fwp%2Fv2%2Fcategories&post=2867"},{"taxonomy":"post_tag","embeddable":true,"href":"https:\/\/prensa.sma.gob.ar\/index.php?rest_route=%2Fwp%2Fv2%2Ftags&post=2867"}],"curies":[{"name":"wp","href":"https:\/\/api.w.org\/{rel}","templated":true}]}}