{"id":2890,"date":"2024-10-08T15:38:39","date_gmt":"2024-10-08T15:38:39","guid":{"rendered":"https:\/\/prensa.sma.gob.ar\/?p=2890"},"modified":"2024-10-08T15:38:40","modified_gmt":"2024-10-08T15:38:40","slug":"se-realizo-la-jornada-de-capacitacion-sobre-prevencion-de-danos-por-monoxido-de-carbono","status":"publish","type":"post","link":"https:\/\/prensa.sma.gob.ar\/?p=2890","title":{"rendered":"Se realiz\u00f3 la jornada de capacitaci\u00f3n sobre prevenci\u00f3n de da\u00f1os por mon\u00f3xido de carbono"},"content":{"rendered":"\n<p>Se realiz\u00f3 este martes la Jornada de Capacitaci\u00f3n dentro del Plan de Prevenci\u00f3n de Da\u00f1os (PPD), Mon\u00f3xido de carbono y Plan de Atenci\u00f3n a Emergencia (PAE), organizada por la Municipalidad de San Mart\u00edn de los Andes, conjuntamente con Protecci\u00f3n Civil y la empresa Camuzzi Gas del Sur.<br>La capacitaci\u00f3n estuvo a cargo de la coordinadora regional de Seguridad &amp; Medio Ambiente de la Unidad de Negocios Los Lagos de Camuzzi, Lic. Mar\u00eda Bel\u00e9n Bonifati; el Jefe de Obras&nbsp;&amp; Proyectos&nbsp;de la empresa,&nbsp;Quen Garro; el Gerente de Unidad de Negocio Los Lagos, Sergio Berreaute; y el Jefe de la Sucursal de esta localidad Sr. N\u00e9stor Bante.<br>La jornada se realiz\u00f3 en el Sal\u00f3n Municipal y cont\u00f3 con la presencia de la presidenta del Concejo Deliberante, Natalia Vita, a cargo del Ejecutivo municipal; y del Secretario de Gobierno del Municipio, Federico Vita.<\/p>\n\n\n\n<figure class=\"wp-block-image size-large\"><img loading=\"lazy\" decoding=\"async\" width=\"1024\" height=\"576\" src=\"https:\/\/prensa.sma.gob.ar\/wp-content\/uploads\/2024\/10\/CAMUSSI-1-1024x576.jpg\" alt=\"\" class=\"wp-image-2892\" srcset=\"https:\/\/prensa.sma.gob.ar\/wp-content\/uploads\/2024\/10\/CAMUSSI-1-1024x576.jpg 1024w, https:\/\/prensa.sma.gob.ar\/wp-content\/uploads\/2024\/10\/CAMUSSI-1-300x169.jpg 300w, https:\/\/prensa.sma.gob.ar\/wp-content\/uploads\/2024\/10\/CAMUSSI-1-768x432.jpg 768w, https:\/\/prensa.sma.gob.ar\/wp-content\/uploads\/2024\/10\/CAMUSSI-1-1536x864.jpg 1536w, https:\/\/prensa.sma.gob.ar\/wp-content\/uploads\/2024\/10\/CAMUSSI-1-747x420.jpg 747w, https:\/\/prensa.sma.gob.ar\/wp-content\/uploads\/2024\/10\/CAMUSSI-1-696x392.jpg 696w, https:\/\/prensa.sma.gob.ar\/wp-content\/uploads\/2024\/10\/CAMUSSI-1-1068x601.jpg 1068w, https:\/\/prensa.sma.gob.ar\/wp-content\/uploads\/2024\/10\/CAMUSSI-1.jpg 1600w\" sizes=\"auto, (max-width: 1024px) 100vw, 1024px\" \/><\/figure>\n\n\n\n<p>Durante la capacitaci\u00f3n, que se extendi\u00f3 por dos horas y media, los capacitadores y el p\u00fablico asistente hablaron sobre mon\u00f3xido de carbono;&nbsp;plan de prevenci\u00f3n de da\u00f1os, y plan de atenci\u00f3n de emergencias, tanto en los hogares como en \u00e1mbitos laborales..<\/p>\n\n\n\n<figure class=\"wp-block-image size-large\"><img loading=\"lazy\" decoding=\"async\" width=\"1024\" height=\"591\" src=\"https:\/\/prensa.sma.gob.ar\/wp-content\/uploads\/2024\/10\/CAMUSSI-2-1024x591.jpg\" alt=\"\" class=\"wp-image-2893\" srcset=\"https:\/\/prensa.sma.gob.ar\/wp-content\/uploads\/2024\/10\/CAMUSSI-2-1024x591.jpg 1024w, https:\/\/prensa.sma.gob.ar\/wp-content\/uploads\/2024\/10\/CAMUSSI-2-300x173.jpg 300w, https:\/\/prensa.sma.gob.ar\/wp-content\/uploads\/2024\/10\/CAMUSSI-2-768x444.jpg 768w, https:\/\/prensa.sma.gob.ar\/wp-content\/uploads\/2024\/10\/CAMUSSI-2-1536x887.jpg 1536w, https:\/\/prensa.sma.gob.ar\/wp-content\/uploads\/2024\/10\/CAMUSSI-2-727x420.jpg 727w, https:\/\/prensa.sma.gob.ar\/wp-content\/uploads\/2024\/10\/CAMUSSI-2-696x402.jpg 696w, https:\/\/prensa.sma.gob.ar\/wp-content\/uploads\/2024\/10\/CAMUSSI-2-1068x617.jpg 1068w, https:\/\/prensa.sma.gob.ar\/wp-content\/uploads\/2024\/10\/CAMUSSI-2.jpg 1600w\" sizes=\"auto, (max-width: 1024px) 100vw, 1024px\" \/><\/figure>\n\n\n\n<p>Si bien esta capacitaci\u00f3n estaba programada desde hace diez d\u00edas, los hechos tr\u00e1gicos ocurridos en nuestra ciudad el \u00faltimo viernes obligaron a autoridades y responsables de Camuzzi a reforzar la convocatoria a la comunidad en general.<\/p>\n\n\n\n<figure class=\"wp-block-image size-large\"><img loading=\"lazy\" decoding=\"async\" width=\"1024\" height=\"532\" src=\"https:\/\/prensa.sma.gob.ar\/wp-content\/uploads\/2024\/10\/CAMUSSI-3-1024x532.jpeg\" alt=\"\" class=\"wp-image-2894\" srcset=\"https:\/\/prensa.sma.gob.ar\/wp-content\/uploads\/2024\/10\/CAMUSSI-3-1024x532.jpeg 1024w, https:\/\/prensa.sma.gob.ar\/wp-content\/uploads\/2024\/10\/CAMUSSI-3-300x156.jpeg 300w, https:\/\/prensa.sma.gob.ar\/wp-content\/uploads\/2024\/10\/CAMUSSI-3-768x399.jpeg 768w, https:\/\/prensa.sma.gob.ar\/wp-content\/uploads\/2024\/10\/CAMUSSI-3-1536x799.jpeg 1536w, https:\/\/prensa.sma.gob.ar\/wp-content\/uploads\/2024\/10\/CAMUSSI-3-808x420.jpeg 808w, https:\/\/prensa.sma.gob.ar\/wp-content\/uploads\/2024\/10\/CAMUSSI-3-696x362.jpeg 696w, https:\/\/prensa.sma.gob.ar\/wp-content\/uploads\/2024\/10\/CAMUSSI-3-1068x555.jpeg 1068w, https:\/\/prensa.sma.gob.ar\/wp-content\/uploads\/2024\/10\/CAMUSSI-3.jpeg 1600w\" sizes=\"auto, (max-width: 1024px) 100vw, 1024px\" \/><\/figure>\n\n\n\n<p><\/p>\n","protected":false},"excerpt":{"rendered":"<p>Se realiz\u00f3 este martes la Jornada de Capacitaci\u00f3n dentro del Plan de Prevenci\u00f3n de Da\u00f1os (PPD), Mon\u00f3xido de carbono y Plan de Atenci\u00f3n a Emergencia (PAE), organizada por la Municipalidad de San Mart\u00edn de los Andes, conjuntamente con Protecci\u00f3n Civil y la empresa Camuzzi Gas del Sur.La capacitaci\u00f3n estuvo a cargo de la coordinadora regional [&hellip;]<\/p>\n","protected":false},"author":1,"featured_media":2891,"comment_status":"closed","ping_status":"open","sticky":false,"template":"","format":"standard","meta":{"footnotes":""},"categories":[16,14,32],"tags":[],"class_list":{"0":"post-2890","1":"post","2":"type-post","3":"status-publish","4":"format-standard","5":"has-post-thumbnail","7":"category-destacadas","8":"category-noticias","9":"category-proteccion-civil"},"_links":{"self":[{"href":"https:\/\/prensa.sma.gob.ar\/index.php?rest_route=\/wp\/v2\/posts\/2890","targetHints":{"allow":["GET"]}}],"collection":[{"href":"https:\/\/prensa.sma.gob.ar\/index.php?rest_route=\/wp\/v2\/posts"}],"about":[{"href":"https:\/\/prensa.sma.gob.ar\/index.php?rest_route=\/wp\/v2\/types\/post"}],"author":[{"embeddable":true,"href":"https:\/\/prensa.sma.gob.ar\/index.php?rest_route=\/wp\/v2\/users\/1"}],"replies":[{"embeddable":true,"href":"https:\/\/prensa.sma.gob.ar\/index.php?rest_route=%2Fwp%2Fv2%2Fcomments&post=2890"}],"version-history":[{"count":1,"href":"https:\/\/prensa.sma.gob.ar\/index.php?rest_route=\/wp\/v2\/posts\/2890\/revisions"}],"predecessor-version":[{"id":2895,"href":"https:\/\/prensa.sma.gob.ar\/index.php?rest_route=\/wp\/v2\/posts\/2890\/revisions\/2895"}],"wp:featuredmedia":[{"embeddable":true,"href":"https:\/\/prensa.sma.gob.ar\/index.php?rest_route=\/wp\/v2\/media\/2891"}],"wp:attachment":[{"href":"https:\/\/prensa.sma.gob.ar\/index.php?rest_route=%2Fwp%2Fv2%2Fmedia&parent=2890"}],"wp:term":[{"taxonomy":"category","embeddable":true,"href":"https:\/\/prensa.sma.gob.ar\/index.php?rest_route=%2Fwp%2Fv2%2Fcategories&post=2890"},{"taxonomy":"post_tag","embeddable":true,"href":"https:\/\/prensa.sma.gob.ar\/index.php?rest_route=%2Fwp%2Fv2%2Ftags&post=2890"}],"curies":[{"name":"wp","href":"https:\/\/api.w.org\/{rel}","templated":true}]}}