{"id":2913,"date":"2024-10-10T00:12:09","date_gmt":"2024-10-10T00:12:09","guid":{"rendered":"https:\/\/prensa.sma.gob.ar\/?p=2913"},"modified":"2024-10-10T00:12:11","modified_gmt":"2024-10-10T00:12:11","slug":"el-intendente-saloniti-y-la-camara-de-comercio-se-reunieron-con-vialidad-provincial","status":"publish","type":"post","link":"https:\/\/prensa.sma.gob.ar\/?p=2913","title":{"rendered":"El intendente Saloniti y la C\u00e1mara de Comercio se reunieron con Vialidad Provincial"},"content":{"rendered":"\n<p>El encuentro se llev\u00f3 a cabo este mi\u00e9rcoles en el despacho del jefe comunal y se enmarc\u00f3 en las gestiones que el jefe comunal lleva adelante para el mejoramiento de las rutas que atraviesan el ejido urbano de San Mart\u00edn de los Andes.<\/p>\n\n\n\n<p>El encuentro tambi\u00e9n fue parte del compromiso asumido por el Ejecutivo y por los representantes de la C\u00e1mara de Comercio, Industria y Turismo de nuestra ciudad, durante la reuni\u00f3n realizada en agosto pasado, para avanzar juntos en la b\u00fasqueda de soluciones por el estado de los caminos.<\/p>\n\n\n\n<p>Como parte de ese compromiso conjunto, el Municipio y la C\u00e1mara tienen en agenda una pr\u00f3xima reuni\u00f3n con los representantes de Vialidad Nacional para abordar espec\u00edficamente el mejoramiento del tramo urbano de la Ruta Nacional 40.<\/p>\n\n\n\n<p>Adem\u00e1s del intendente Saloniti, participaron de la reuni\u00f3n de este mi\u00e9rcoles el presidente de la Direcci\u00f3n Provincial de Vialidad, Jos\u00e9 Federico Dutsch, y parte del directorio de la empresa estatal; y por Mario L\u00f3pez y Sebasti\u00e1n Vicent\u00edn, integrantes de la Comisi\u00f3n Directiva de la C\u00e1mara de Comercio.<\/p>\n\n\n\n<figure class=\"wp-block-gallery has-nested-images columns-default is-cropped wp-block-gallery-1 is-layout-flex wp-block-gallery-is-layout-flex\">\n<figure class=\"wp-block-image size-large\"><img loading=\"lazy\" decoding=\"async\" width=\"1024\" height=\"576\" data-id=\"2917\" src=\"https:\/\/prensa.sma.gob.ar\/wp-content\/uploads\/2024\/10\/WhatsApp-Image-2024-10-09-at-10.57.17-1024x576.jpeg\" alt=\"\" class=\"wp-image-2917\" srcset=\"https:\/\/prensa.sma.gob.ar\/wp-content\/uploads\/2024\/10\/WhatsApp-Image-2024-10-09-at-10.57.17-1024x576.jpeg 1024w, https:\/\/prensa.sma.gob.ar\/wp-content\/uploads\/2024\/10\/WhatsApp-Image-2024-10-09-at-10.57.17-300x169.jpeg 300w, https:\/\/prensa.sma.gob.ar\/wp-content\/uploads\/2024\/10\/WhatsApp-Image-2024-10-09-at-10.57.17-768x432.jpeg 768w, https:\/\/prensa.sma.gob.ar\/wp-content\/uploads\/2024\/10\/WhatsApp-Image-2024-10-09-at-10.57.17-1536x864.jpeg 1536w, https:\/\/prensa.sma.gob.ar\/wp-content\/uploads\/2024\/10\/WhatsApp-Image-2024-10-09-at-10.57.17-747x420.jpeg 747w, https:\/\/prensa.sma.gob.ar\/wp-content\/uploads\/2024\/10\/WhatsApp-Image-2024-10-09-at-10.57.17-696x392.jpeg 696w, https:\/\/prensa.sma.gob.ar\/wp-content\/uploads\/2024\/10\/WhatsApp-Image-2024-10-09-at-10.57.17-1068x601.jpeg 1068w, https:\/\/prensa.sma.gob.ar\/wp-content\/uploads\/2024\/10\/WhatsApp-Image-2024-10-09-at-10.57.17.jpeg 1600w\" sizes=\"auto, (max-width: 1024px) 100vw, 1024px\" \/><\/figure>\n\n\n\n<figure class=\"wp-block-image size-large\"><img loading=\"lazy\" decoding=\"async\" width=\"1024\" height=\"576\" data-id=\"2914\" src=\"https:\/\/prensa.sma.gob.ar\/wp-content\/uploads\/2024\/10\/WhatsApp-Image-2024-10-09-at-10.57.14-1024x576.jpeg\" alt=\"\" class=\"wp-image-2914\" srcset=\"https:\/\/prensa.sma.gob.ar\/wp-content\/uploads\/2024\/10\/WhatsApp-Image-2024-10-09-at-10.57.14-1024x576.jpeg 1024w, https:\/\/prensa.sma.gob.ar\/wp-content\/uploads\/2024\/10\/WhatsApp-Image-2024-10-09-at-10.57.14-300x169.jpeg 300w, https:\/\/prensa.sma.gob.ar\/wp-content\/uploads\/2024\/10\/WhatsApp-Image-2024-10-09-at-10.57.14-768x432.jpeg 768w, https:\/\/prensa.sma.gob.ar\/wp-content\/uploads\/2024\/10\/WhatsApp-Image-2024-10-09-at-10.57.14-1536x864.jpeg 1536w, https:\/\/prensa.sma.gob.ar\/wp-content\/uploads\/2024\/10\/WhatsApp-Image-2024-10-09-at-10.57.14-747x420.jpeg 747w, https:\/\/prensa.sma.gob.ar\/wp-content\/uploads\/2024\/10\/WhatsApp-Image-2024-10-09-at-10.57.14-696x392.jpeg 696w, https:\/\/prensa.sma.gob.ar\/wp-content\/uploads\/2024\/10\/WhatsApp-Image-2024-10-09-at-10.57.14-1068x601.jpeg 1068w, https:\/\/prensa.sma.gob.ar\/wp-content\/uploads\/2024\/10\/WhatsApp-Image-2024-10-09-at-10.57.14.jpeg 1600w\" sizes=\"auto, (max-width: 1024px) 100vw, 1024px\" \/><\/figure>\n\n\n\n<figure class=\"wp-block-image size-large\"><img loading=\"lazy\" decoding=\"async\" width=\"1024\" height=\"561\" data-id=\"2915\" src=\"https:\/\/prensa.sma.gob.ar\/wp-content\/uploads\/2024\/10\/WhatsApp-Image-2024-10-09-at-10.57.15-1024x561.jpeg\" alt=\"\" class=\"wp-image-2915\" srcset=\"https:\/\/prensa.sma.gob.ar\/wp-content\/uploads\/2024\/10\/WhatsApp-Image-2024-10-09-at-10.57.15-1024x561.jpeg 1024w, https:\/\/prensa.sma.gob.ar\/wp-content\/uploads\/2024\/10\/WhatsApp-Image-2024-10-09-at-10.57.15-300x164.jpeg 300w, https:\/\/prensa.sma.gob.ar\/wp-content\/uploads\/2024\/10\/WhatsApp-Image-2024-10-09-at-10.57.15-768x420.jpeg 768w, https:\/\/prensa.sma.gob.ar\/wp-content\/uploads\/2024\/10\/WhatsApp-Image-2024-10-09-at-10.57.15-1536x841.jpeg 1536w, https:\/\/prensa.sma.gob.ar\/wp-content\/uploads\/2024\/10\/WhatsApp-Image-2024-10-09-at-10.57.15-767x420.jpeg 767w, https:\/\/prensa.sma.gob.ar\/wp-content\/uploads\/2024\/10\/WhatsApp-Image-2024-10-09-at-10.57.15-696x381.jpeg 696w, https:\/\/prensa.sma.gob.ar\/wp-content\/uploads\/2024\/10\/WhatsApp-Image-2024-10-09-at-10.57.15-1068x585.jpeg 1068w, https:\/\/prensa.sma.gob.ar\/wp-content\/uploads\/2024\/10\/WhatsApp-Image-2024-10-09-at-10.57.15.jpeg 1600w\" sizes=\"auto, (max-width: 1024px) 100vw, 1024px\" \/><\/figure>\n<\/figure>\n\n\n\n<p>El intendente Saloniti plante\u00f3 la necesidad de mejorar y mantener los tramos m\u00e1s transitados de las rutas provinciales que cruzan el ejido de San Mart\u00edn de los Andes, en particular el tramo de la ruta 48 entre la Ruta Nacional 40 y la rotonda del Hospital.<\/p>\n\n\n\n<p>Vialidad Provincial asumi\u00f3 el compromiso de trabajar en la Ruta 48 para dejar el tramo en condiciones de circulaci\u00f3n segura, adem\u00e1s de ratificar el programa de obras para los otros tramos. Dentro del plan de trabajo se habl\u00f3 tambi\u00e9n de la demarcaci\u00f3n de las rutas para mejorar la seguridad del tr\u00e1nsito.<\/p>\n\n\n\n<p>La empresa estatal neuquina se mostr\u00f3 dispuesta a abordar con un plan de trabajo acorde las problem\u00e1ticas de las rutas provinciales que atraviesan el ejido urbano y que afectan a los usuarios. Sus autoridades reafirmaron que \u201cestamos trabajando en soluciones para mejorar la transitabilidad y seguridad en estas \u00e1reas\u201d.<\/p>\n\n\n\n<p>Aseguraron que, adem\u00e1s, \u201cse est\u00e1 planificando un mantenimiento integral para las rutas m\u00e1s frecuentadas durante el per\u00edodo estival, con el objetivo de garantizar una circulaci\u00f3n segura y fluida\u201d durante la pr\u00f3xima temporada de verano.<\/p>\n\n\n\n<p>El presidente de Vialidad Provincial ratific\u00f3 que el pr\u00f3ximo jueves 24 de octubre se realizar\u00e1 la apertura de sobres del <a href=\"https:\/\/prensa.sma.gob.ar\/?p=2555\" data-type=\"link\" data-id=\"https:\/\/prensa.sma.gob.ar\/?p=2555\"><strong>llamado a licitaci\u00f3n<\/strong><\/a> para completar la pavimentaci\u00f3n de la Ruta 62 hasta Lolog. Esta confirmaci\u00f3n fue calificada como \u201cuna gran noticia\u201d por el intendente Saloniti, quien agradeci\u00f3 especialmente la predisposici\u00f3n de Vialidad Provincial y el acompa\u00f1amiento en las gestiones de la C\u00e1mara de Comercio de nuestra ciudad.<\/p>\n","protected":false},"excerpt":{"rendered":"<p>El encuentro se llev\u00f3 a cabo este mi\u00e9rcoles en el despacho del jefe comunal y se enmarc\u00f3 en las gestiones que el jefe comunal lleva adelante para el mejoramiento de las rutas que atraviesan el ejido urbano de San Mart\u00edn de los Andes. El encuentro tambi\u00e9n fue parte del compromiso asumido por el Ejecutivo y [&hellip;]<\/p>\n","protected":false},"author":2,"featured_media":2920,"comment_status":"closed","ping_status":"open","sticky":false,"template":"","format":"standard","meta":{"footnotes":""},"categories":[16,14,17],"tags":[],"class_list":{"0":"post-2913","1":"post","2":"type-post","3":"status-publish","4":"format-standard","5":"has-post-thumbnail","7":"category-destacadas","8":"category-noticias","9":"category-portada"},"_links":{"self":[{"href":"https:\/\/prensa.sma.gob.ar\/index.php?rest_route=\/wp\/v2\/posts\/2913","targetHints":{"allow":["GET"]}}],"collection":[{"href":"https:\/\/prensa.sma.gob.ar\/index.php?rest_route=\/wp\/v2\/posts"}],"about":[{"href":"https:\/\/prensa.sma.gob.ar\/index.php?rest_route=\/wp\/v2\/types\/post"}],"author":[{"embeddable":true,"href":"https:\/\/prensa.sma.gob.ar\/index.php?rest_route=\/wp\/v2\/users\/2"}],"replies":[{"embeddable":true,"href":"https:\/\/prensa.sma.gob.ar\/index.php?rest_route=%2Fwp%2Fv2%2Fcomments&post=2913"}],"version-history":[{"count":1,"href":"https:\/\/prensa.sma.gob.ar\/index.php?rest_route=\/wp\/v2\/posts\/2913\/revisions"}],"predecessor-version":[{"id":2921,"href":"https:\/\/prensa.sma.gob.ar\/index.php?rest_route=\/wp\/v2\/posts\/2913\/revisions\/2921"}],"wp:featuredmedia":[{"embeddable":true,"href":"https:\/\/prensa.sma.gob.ar\/index.php?rest_route=\/wp\/v2\/media\/2920"}],"wp:attachment":[{"href":"https:\/\/prensa.sma.gob.ar\/index.php?rest_route=%2Fwp%2Fv2%2Fmedia&parent=2913"}],"wp:term":[{"taxonomy":"category","embeddable":true,"href":"https:\/\/prensa.sma.gob.ar\/index.php?rest_route=%2Fwp%2Fv2%2Fcategories&post=2913"},{"taxonomy":"post_tag","embeddable":true,"href":"https:\/\/prensa.sma.gob.ar\/index.php?rest_route=%2Fwp%2Fv2%2Ftags&post=2913"}],"curies":[{"name":"wp","href":"https:\/\/api.w.org\/{rel}","templated":true}]}}