{"id":2927,"date":"2024-10-10T00:11:41","date_gmt":"2024-10-10T00:11:41","guid":{"rendered":"https:\/\/prensa.sma.gob.ar\/?p=2927"},"modified":"2024-10-10T14:17:06","modified_gmt":"2024-10-10T14:17:06","slug":"el-municipio-informo-a-taxistas-los-alcances-del-programa-provincial-de-creditos","status":"publish","type":"post","link":"https:\/\/prensa.sma.gob.ar\/?p=2927","title":{"rendered":"El Municipio inform\u00f3 a taxistas los alcances del programa provincial de cr\u00e9ditos\u00a0"},"content":{"rendered":"\n<p>El intendente Carlos Saloniti recibi\u00f3 a integrantes de la Asociaci\u00f3n de Taxis y otros choferes de San Mart\u00edn\u00a0de los Andes para explicarles en detalle la nueva l\u00ednea de financiamiento para la renovaci\u00f3n de la flota, impulsada por el Gobierno de la provincia de Neuqu\u00e9n, a la cual el Municipio adhiri\u00f3 durante una reuni\u00f3n del jefe comunal con el gobernador Rolando Figueroa.<\/p>\n\n\n\n<figure class=\"wp-block-image size-large\"><img loading=\"lazy\" decoding=\"async\" width=\"1024\" height=\"576\" src=\"https:\/\/prensa.sma.gob.ar\/wp-content\/uploads\/2024\/10\/TAXIS-2-1024x576.jpg\" alt=\"\" class=\"wp-image-2930\" srcset=\"https:\/\/prensa.sma.gob.ar\/wp-content\/uploads\/2024\/10\/TAXIS-2-1024x576.jpg 1024w, https:\/\/prensa.sma.gob.ar\/wp-content\/uploads\/2024\/10\/TAXIS-2-300x169.jpg 300w, https:\/\/prensa.sma.gob.ar\/wp-content\/uploads\/2024\/10\/TAXIS-2-768x432.jpg 768w, https:\/\/prensa.sma.gob.ar\/wp-content\/uploads\/2024\/10\/TAXIS-2-1536x864.jpg 1536w, https:\/\/prensa.sma.gob.ar\/wp-content\/uploads\/2024\/10\/TAXIS-2-747x420.jpg 747w, https:\/\/prensa.sma.gob.ar\/wp-content\/uploads\/2024\/10\/TAXIS-2-696x392.jpg 696w, https:\/\/prensa.sma.gob.ar\/wp-content\/uploads\/2024\/10\/TAXIS-2-1068x601.jpg 1068w, https:\/\/prensa.sma.gob.ar\/wp-content\/uploads\/2024\/10\/TAXIS-2.jpg 1600w\" sizes=\"auto, (max-width: 1024px) 100vw, 1024px\" \/><\/figure>\n\n\n\n<p>Durante el encuentro, del que particip\u00f3 el subsecretario de Producci\u00f3n, Empleo y Juventud, Ian Bruno Reparaz, se ratific\u00f3 que este convenio permitir\u00e1 a los taxistas acceder a cr\u00e9ditos con condiciones especiales para renovar sus veh\u00edculos con el objetivo de ofrecer un servicio m\u00e1s seguro y eficiente a toda la comunidad.<\/p>\n\n\n\n<figure class=\"wp-block-image size-large\"><img loading=\"lazy\" decoding=\"async\" width=\"1024\" height=\"576\" src=\"https:\/\/prensa.sma.gob.ar\/wp-content\/uploads\/2024\/10\/TAXIS-1-1024x576.jpg\" alt=\"\" class=\"wp-image-2931\" srcset=\"https:\/\/prensa.sma.gob.ar\/wp-content\/uploads\/2024\/10\/TAXIS-1-1024x576.jpg 1024w, https:\/\/prensa.sma.gob.ar\/wp-content\/uploads\/2024\/10\/TAXIS-1-300x169.jpg 300w, https:\/\/prensa.sma.gob.ar\/wp-content\/uploads\/2024\/10\/TAXIS-1-768x432.jpg 768w, https:\/\/prensa.sma.gob.ar\/wp-content\/uploads\/2024\/10\/TAXIS-1-1536x864.jpg 1536w, https:\/\/prensa.sma.gob.ar\/wp-content\/uploads\/2024\/10\/TAXIS-1-747x420.jpg 747w, https:\/\/prensa.sma.gob.ar\/wp-content\/uploads\/2024\/10\/TAXIS-1-696x392.jpg 696w, https:\/\/prensa.sma.gob.ar\/wp-content\/uploads\/2024\/10\/TAXIS-1-1068x601.jpg 1068w, https:\/\/prensa.sma.gob.ar\/wp-content\/uploads\/2024\/10\/TAXIS-1.jpg 1600w\" sizes=\"auto, (max-width: 1024px) 100vw, 1024px\" \/><\/figure>\n\n\n\n<p>Adem\u00e1s, el Ejecutivo se comprometi\u00f3 a formar una mesa de trabajo conjunta, basada en el di\u00e1logo, para buscar soluciones en equipo para mejorar este servicio considerado&nbsp;muy importante para nuestra comunidad.<\/p>\n\n\n\n<p>El subsecretario de Producci\u00f3n, Empleo y Juventud se\u00f1al\u00f3 que se&nbsp;trat\u00f3 de \u00abuna reuni\u00f3n muy positiva, donde pudimos dialogar directamente con los taxistas y aclarar todas las dudas sobre la nueva l\u00ednea de financiamiento\u00bb y reafirm\u00f3 que \u00abes clave que trabajemos juntos para fortalecer este servicio tan esencial para nuestra comunidad.\u201d<\/p>\n\n\n\n<p>\u201cEscuchar a los taxistas y conocer sus inquietudes nos permite avanzar con soluciones concretas. La creaci\u00f3n de una mesa de trabajo conjunta es un paso importante para seguir mejorando, no solo la calidad del servicio, sino tambi\u00e9n las condiciones laborales de quienes lo brindan\u201d, agreg\u00f3.<\/p>\n\n\n\n<figure class=\"wp-block-image size-large\"><img loading=\"lazy\" decoding=\"async\" width=\"1024\" height=\"576\" src=\"https:\/\/prensa.sma.gob.ar\/wp-content\/uploads\/2024\/10\/TAXIS--1024x576.jpg\" alt=\"\" class=\"wp-image-2932\" srcset=\"https:\/\/prensa.sma.gob.ar\/wp-content\/uploads\/2024\/10\/TAXIS--1024x576.jpg 1024w, https:\/\/prensa.sma.gob.ar\/wp-content\/uploads\/2024\/10\/TAXIS--300x169.jpg 300w, https:\/\/prensa.sma.gob.ar\/wp-content\/uploads\/2024\/10\/TAXIS--768x432.jpg 768w, https:\/\/prensa.sma.gob.ar\/wp-content\/uploads\/2024\/10\/TAXIS--1536x864.jpg 1536w, https:\/\/prensa.sma.gob.ar\/wp-content\/uploads\/2024\/10\/TAXIS--747x420.jpg 747w, https:\/\/prensa.sma.gob.ar\/wp-content\/uploads\/2024\/10\/TAXIS--696x392.jpg 696w, https:\/\/prensa.sma.gob.ar\/wp-content\/uploads\/2024\/10\/TAXIS--1068x601.jpg 1068w, https:\/\/prensa.sma.gob.ar\/wp-content\/uploads\/2024\/10\/TAXIS-.jpg 1600w\" sizes=\"auto, (max-width: 1024px) 100vw, 1024px\" \/><\/figure>\n\n\n\n<p>El intendente y el subsecretario explicaron a los representantes de la Asociaci\u00f3n de Taxis los detalles de la l\u00ednea de cr\u00e9dito, cuyas&nbsp;personas beneficiarias ser\u00e1n todos aquellos propietarios de licencia de taxis y remises, para lo cual deben&nbsp;ser propietarios de una licencia, ser monotributista categor\u00eda C o superior, o ser responsable inscripto y estar en una situaci\u00f3n normal en el Banco Central.<\/p>\n\n\n\n<p>El monto a financiar es de 17,5 millones de pesos o el 70% del valor del veh\u00edculo. Tiene un periodo de gracia de tres meses y se devuelve en cinco a\u00f1os. &nbsp;La tasa de esta l\u00ednea es de promoci\u00f3n y es del 50% de una tasa de referencia que publica el Banco Naci\u00f3n a diario m\u00e1s dos puntos. Hoy en d\u00eda esa tasa est\u00e1 en un 47%, entonces al ser la mitad m\u00e1s dos puntos, esta tasa quedar\u00eda en un 25% anual y es variable.<\/p>\n\n\n\n<p>El agente financiero de la l\u00ednea ser\u00e1 el Banco Provincia del Neuqu\u00e9n (BPN) y el Instituto Aut\u00e1rquico de Desarrollo Productivo (IADEP) ser\u00e1 el organismo evaluador de los proyectos. Esta l\u00ednea se gestiona de manera virtual en la p\u00e1gina del programa M\u00e1s Pyme, M\u00e1s Futuro que tiene el Centro Pyme, que es bid.adeneu.com.ar.<\/p>\n\n\n\n<p>La convocatoria se divide en dos. Hasta el 31 de octubre se podr\u00e1n inscribir todos aquellos propietarios de licencia de taxis y remises cuya licencia se vence el 31 de diciembre de este a\u00f1o. A partir del 1 de noviembre se podr\u00e1n inscribir todos los conductores, taxistas y remiseros que tengan licencia y que quieran renovar su veh\u00edculo.<\/p>\n","protected":false},"excerpt":{"rendered":"<p>El intendente Carlos Saloniti recibi\u00f3 a integrantes de la Asociaci\u00f3n de Taxis y otros choferes de San Mart\u00edn\u00a0de los Andes para explicarles en detalle la nueva l\u00ednea de financiamiento para la renovaci\u00f3n de la flota, impulsada por el Gobierno de la provincia de Neuqu\u00e9n, a la cual el Municipio adhiri\u00f3 durante una reuni\u00f3n del jefe [&hellip;]<\/p>\n","protected":false},"author":1,"featured_media":2929,"comment_status":"closed","ping_status":"open","sticky":false,"template":"","format":"standard","meta":{"footnotes":""},"categories":[16,14,17],"tags":[],"class_list":{"0":"post-2927","1":"post","2":"type-post","3":"status-publish","4":"format-standard","5":"has-post-thumbnail","7":"category-destacadas","8":"category-noticias","9":"category-portada"},"_links":{"self":[{"href":"https:\/\/prensa.sma.gob.ar\/index.php?rest_route=\/wp\/v2\/posts\/2927","targetHints":{"allow":["GET"]}}],"collection":[{"href":"https:\/\/prensa.sma.gob.ar\/index.php?rest_route=\/wp\/v2\/posts"}],"about":[{"href":"https:\/\/prensa.sma.gob.ar\/index.php?rest_route=\/wp\/v2\/types\/post"}],"author":[{"embeddable":true,"href":"https:\/\/prensa.sma.gob.ar\/index.php?rest_route=\/wp\/v2\/users\/1"}],"replies":[{"embeddable":true,"href":"https:\/\/prensa.sma.gob.ar\/index.php?rest_route=%2Fwp%2Fv2%2Fcomments&post=2927"}],"version-history":[{"count":1,"href":"https:\/\/prensa.sma.gob.ar\/index.php?rest_route=\/wp\/v2\/posts\/2927\/revisions"}],"predecessor-version":[{"id":2933,"href":"https:\/\/prensa.sma.gob.ar\/index.php?rest_route=\/wp\/v2\/posts\/2927\/revisions\/2933"}],"wp:featuredmedia":[{"embeddable":true,"href":"https:\/\/prensa.sma.gob.ar\/index.php?rest_route=\/wp\/v2\/media\/2929"}],"wp:attachment":[{"href":"https:\/\/prensa.sma.gob.ar\/index.php?rest_route=%2Fwp%2Fv2%2Fmedia&parent=2927"}],"wp:term":[{"taxonomy":"category","embeddable":true,"href":"https:\/\/prensa.sma.gob.ar\/index.php?rest_route=%2Fwp%2Fv2%2Fcategories&post=2927"},{"taxonomy":"post_tag","embeddable":true,"href":"https:\/\/prensa.sma.gob.ar\/index.php?rest_route=%2Fwp%2Fv2%2Ftags&post=2927"}],"curies":[{"name":"wp","href":"https:\/\/api.w.org\/{rel}","templated":true}]}}