{"id":2935,"date":"2024-10-10T17:13:40","date_gmt":"2024-10-10T17:13:40","guid":{"rendered":"https:\/\/prensa.sma.gob.ar\/?p=2935"},"modified":"2024-10-10T17:13:41","modified_gmt":"2024-10-10T17:13:41","slug":"mientras-gestiona-con-provincia-y-nacion-el-municipio-continua-en-plan-de-bacheo","status":"publish","type":"post","link":"https:\/\/prensa.sma.gob.ar\/?p=2935","title":{"rendered":"Mientras gestiona con Provincia y Naci\u00f3n, el Municipio contin\u00faa en plan de bacheo"},"content":{"rendered":"\n<p>El Municipio intensific\u00f3 en las \u00faltimas semanas las tareas de bacheo en varias calles y rutas de la ciudad as\u00ed como tambi\u00e9n en arterias que corresponden a otras jurisdicciones, mientras gestiona un programa de mayor envergadura para hacer frente al deterioro en las rutas provinciales y nacionales que atraviesan el ejido urbano. <\/p>\n\n\n\n<p>Este jueves, personal y maquinaria de la Secretar\u00eda de Obras P\u00fablicas trabaj\u00f3 en Callej\u00f3n de Bello, Callej\u00f3n de Gingins y sectores de la Ruta Alternativa Norte. Tambi\u00e9n se trabaj\u00f3 en rotonda del Regimiento sobre Ruta Provincial 62 y Bello.<\/p>\n\n\n\n<figure class=\"wp-block-gallery has-nested-images columns-default is-cropped wp-block-gallery-1 is-layout-flex wp-block-gallery-is-layout-flex\">\n<figure class=\"wp-block-image size-large\"><img loading=\"lazy\" decoding=\"async\" width=\"1024\" height=\"576\" data-id=\"2936\" src=\"https:\/\/prensa.sma.gob.ar\/wp-content\/uploads\/2024\/10\/WhatsApp-Image-2024-10-10-at-12.29.26-1024x576.jpeg\" alt=\"\" class=\"wp-image-2936\" srcset=\"https:\/\/prensa.sma.gob.ar\/wp-content\/uploads\/2024\/10\/WhatsApp-Image-2024-10-10-at-12.29.26-1024x576.jpeg 1024w, https:\/\/prensa.sma.gob.ar\/wp-content\/uploads\/2024\/10\/WhatsApp-Image-2024-10-10-at-12.29.26-300x169.jpeg 300w, https:\/\/prensa.sma.gob.ar\/wp-content\/uploads\/2024\/10\/WhatsApp-Image-2024-10-10-at-12.29.26-768x432.jpeg 768w, https:\/\/prensa.sma.gob.ar\/wp-content\/uploads\/2024\/10\/WhatsApp-Image-2024-10-10-at-12.29.26-1536x864.jpeg 1536w, https:\/\/prensa.sma.gob.ar\/wp-content\/uploads\/2024\/10\/WhatsApp-Image-2024-10-10-at-12.29.26-747x420.jpeg 747w, https:\/\/prensa.sma.gob.ar\/wp-content\/uploads\/2024\/10\/WhatsApp-Image-2024-10-10-at-12.29.26-696x391.jpeg 696w, https:\/\/prensa.sma.gob.ar\/wp-content\/uploads\/2024\/10\/WhatsApp-Image-2024-10-10-at-12.29.26-1068x600.jpeg 1068w, https:\/\/prensa.sma.gob.ar\/wp-content\/uploads\/2024\/10\/WhatsApp-Image-2024-10-10-at-12.29.26.jpeg 1599w\" sizes=\"auto, (max-width: 1024px) 100vw, 1024px\" \/><\/figure>\n\n\n\n<figure class=\"wp-block-image size-large\"><img loading=\"lazy\" decoding=\"async\" width=\"1024\" height=\"576\" data-id=\"2937\" src=\"https:\/\/prensa.sma.gob.ar\/wp-content\/uploads\/2024\/10\/WhatsApp-Image-2024-10-10-at-12.19.40-1024x576.jpeg\" alt=\"\" class=\"wp-image-2937\" srcset=\"https:\/\/prensa.sma.gob.ar\/wp-content\/uploads\/2024\/10\/WhatsApp-Image-2024-10-10-at-12.19.40-1024x576.jpeg 1024w, https:\/\/prensa.sma.gob.ar\/wp-content\/uploads\/2024\/10\/WhatsApp-Image-2024-10-10-at-12.19.40-300x169.jpeg 300w, https:\/\/prensa.sma.gob.ar\/wp-content\/uploads\/2024\/10\/WhatsApp-Image-2024-10-10-at-12.19.40-768x432.jpeg 768w, https:\/\/prensa.sma.gob.ar\/wp-content\/uploads\/2024\/10\/WhatsApp-Image-2024-10-10-at-12.19.40-1536x864.jpeg 1536w, https:\/\/prensa.sma.gob.ar\/wp-content\/uploads\/2024\/10\/WhatsApp-Image-2024-10-10-at-12.19.40-747x420.jpeg 747w, https:\/\/prensa.sma.gob.ar\/wp-content\/uploads\/2024\/10\/WhatsApp-Image-2024-10-10-at-12.19.40-696x391.jpeg 696w, https:\/\/prensa.sma.gob.ar\/wp-content\/uploads\/2024\/10\/WhatsApp-Image-2024-10-10-at-12.19.40-1068x600.jpeg 1068w, https:\/\/prensa.sma.gob.ar\/wp-content\/uploads\/2024\/10\/WhatsApp-Image-2024-10-10-at-12.19.40.jpeg 1599w\" sizes=\"auto, (max-width: 1024px) 100vw, 1024px\" \/><\/figure>\n\n\n\n<figure class=\"wp-block-image size-large\"><img loading=\"lazy\" decoding=\"async\" width=\"1024\" height=\"576\" data-id=\"2943\" src=\"https:\/\/prensa.sma.gob.ar\/wp-content\/uploads\/2024\/10\/WhatsApp-Image-2024-10-08-at-11.40.35-1024x576.jpeg\" alt=\"\" class=\"wp-image-2943\" srcset=\"https:\/\/prensa.sma.gob.ar\/wp-content\/uploads\/2024\/10\/WhatsApp-Image-2024-10-08-at-11.40.35-1024x576.jpeg 1024w, https:\/\/prensa.sma.gob.ar\/wp-content\/uploads\/2024\/10\/WhatsApp-Image-2024-10-08-at-11.40.35-300x169.jpeg 300w, https:\/\/prensa.sma.gob.ar\/wp-content\/uploads\/2024\/10\/WhatsApp-Image-2024-10-08-at-11.40.35-768x432.jpeg 768w, https:\/\/prensa.sma.gob.ar\/wp-content\/uploads\/2024\/10\/WhatsApp-Image-2024-10-08-at-11.40.35-1536x864.jpeg 1536w, https:\/\/prensa.sma.gob.ar\/wp-content\/uploads\/2024\/10\/WhatsApp-Image-2024-10-08-at-11.40.35-747x420.jpeg 747w, https:\/\/prensa.sma.gob.ar\/wp-content\/uploads\/2024\/10\/WhatsApp-Image-2024-10-08-at-11.40.35-696x391.jpeg 696w, https:\/\/prensa.sma.gob.ar\/wp-content\/uploads\/2024\/10\/WhatsApp-Image-2024-10-08-at-11.40.35-1068x600.jpeg 1068w, https:\/\/prensa.sma.gob.ar\/wp-content\/uploads\/2024\/10\/WhatsApp-Image-2024-10-08-at-11.40.35.jpeg 1599w\" sizes=\"auto, (max-width: 1024px) 100vw, 1024px\" \/><\/figure>\n<\/figure>\n\n\n\n<p>Adem\u00e1s, este mi\u00e9rcoles finalizaron los trabajos con hormig\u00f3n en el hundimiento de la calle P\u00e9rez entre Rudecindo Roca y Perito Moreno, que quedar\u00e1 liberada al tr\u00e1nsito de manera completa en los pr\u00f3ximos d\u00edas.<\/p>\n\n\n\n<p>De la misma manera, se hormigon\u00f3 otro hundimiento de pavimento, sobre calle Rudecindo Roca, frente a la Escuela No. 134. <\/p>\n\n\n\n<p>Como parte de los trabajos de bacheo, tambi\u00e9n se trabaj\u00f3 sobre la cuesta de Quiroga, donde se arroj\u00f3 material del lote de 13 toneladas de biomezcla compradas por el Municipio en septiembre.<\/p>\n\n\n\n<p>Con el mismo lote de material adquirido, se hicieron tareas nocturnas de bacheo sobre Ruta Nacional 40. En este caso, se hicieron reparaciones desde la rotonda de El Oasis hasta la rotonda de la ex caminera. <\/p>\n\n\n\n<p>Mientras avanza el programa de bacheo, el intendente Carlos Saloniti mantiene gestiones personales con Vialidad Provincial y Vialidad Nacional, para solicitar que atiendan las rutas de su jurisdicci\u00f3n que atraviesan la ciudad.<\/p>\n\n\n\n<p>En este mismo sentido, el mi\u00e9rcoles de esta semana se llev\u00f3 a cabo un <a href=\"https:\/\/prensa.sma.gob.ar\/?p=2913\"><strong>encuentro<\/strong><\/a> con parte del directorio de Vialidad Provincial, encabezado por su presidente, Jos\u00e9 Federico Dutsch,\u00a0y del que participaron representantes de la C\u00e1mara de Comercio de nuestra ciudad.<\/p>\n\n\n\n<p>Como parte de las gestiones conjuntos, el Municipio y la C\u00e1mara tienen en agenda una pr\u00f3xima reuni\u00f3n con los representantes de Vialidad Nacional para abordar espec\u00edficamente el mejoramiento del tramo urbano de la Ruta Nacional 40.<\/p>\n\n\n\n<p><\/p>\n\n\n\n<p><\/p>\n\n\n\n<p><\/p>\n","protected":false},"excerpt":{"rendered":"<p>El Municipio intensific\u00f3 en las \u00faltimas semanas las tareas de bacheo en varias calles y rutas de la ciudad as\u00ed como tambi\u00e9n en arterias que corresponden a otras jurisdicciones, mientras gestiona un programa de mayor envergadura para hacer frente al deterioro en las rutas provinciales y nacionales que atraviesan el ejido urbano. Este jueves, personal [&hellip;]<\/p>\n","protected":false},"author":2,"featured_media":2937,"comment_status":"closed","ping_status":"open","sticky":false,"template":"","format":"standard","meta":{"footnotes":""},"categories":[16,14,19,17],"tags":[],"class_list":{"0":"post-2935","1":"post","2":"type-post","3":"status-publish","4":"format-standard","5":"has-post-thumbnail","7":"category-destacadas","8":"category-noticias","9":"category-obras-y-servicios-publicos","10":"category-portada"},"_links":{"self":[{"href":"https:\/\/prensa.sma.gob.ar\/index.php?rest_route=\/wp\/v2\/posts\/2935","targetHints":{"allow":["GET"]}}],"collection":[{"href":"https:\/\/prensa.sma.gob.ar\/index.php?rest_route=\/wp\/v2\/posts"}],"about":[{"href":"https:\/\/prensa.sma.gob.ar\/index.php?rest_route=\/wp\/v2\/types\/post"}],"author":[{"embeddable":true,"href":"https:\/\/prensa.sma.gob.ar\/index.php?rest_route=\/wp\/v2\/users\/2"}],"replies":[{"embeddable":true,"href":"https:\/\/prensa.sma.gob.ar\/index.php?rest_route=%2Fwp%2Fv2%2Fcomments&post=2935"}],"version-history":[{"count":1,"href":"https:\/\/prensa.sma.gob.ar\/index.php?rest_route=\/wp\/v2\/posts\/2935\/revisions"}],"predecessor-version":[{"id":2944,"href":"https:\/\/prensa.sma.gob.ar\/index.php?rest_route=\/wp\/v2\/posts\/2935\/revisions\/2944"}],"wp:featuredmedia":[{"embeddable":true,"href":"https:\/\/prensa.sma.gob.ar\/index.php?rest_route=\/wp\/v2\/media\/2937"}],"wp:attachment":[{"href":"https:\/\/prensa.sma.gob.ar\/index.php?rest_route=%2Fwp%2Fv2%2Fmedia&parent=2935"}],"wp:term":[{"taxonomy":"category","embeddable":true,"href":"https:\/\/prensa.sma.gob.ar\/index.php?rest_route=%2Fwp%2Fv2%2Fcategories&post=2935"},{"taxonomy":"post_tag","embeddable":true,"href":"https:\/\/prensa.sma.gob.ar\/index.php?rest_route=%2Fwp%2Fv2%2Ftags&post=2935"}],"curies":[{"name":"wp","href":"https:\/\/api.w.org\/{rel}","templated":true}]}}