{"id":2947,"date":"2024-10-11T15:35:35","date_gmt":"2024-10-11T15:35:35","guid":{"rendered":"https:\/\/prensa.sma.gob.ar\/?p=2947"},"modified":"2024-10-11T15:35:37","modified_gmt":"2024-10-11T15:35:37","slug":"comenzo-el-operativo-de-corte-de-pasto-en-ruta-40","status":"publish","type":"post","link":"https:\/\/prensa.sma.gob.ar\/?p=2947","title":{"rendered":"Comenz\u00f3 el operativo de corte de pasto en Ruta 40"},"content":{"rendered":"\n<p>El Municipio inici\u00f3 el operativo de corte de pasto a lo largo de la Ruta 40, de ambos lados, desde la Rotonda de la Virgen hasta la entrada a Ruca Hue.<\/p>\n\n\n\n<p>En im\u00e1genes, personal de la Direcci\u00f3n de Espacios Verdes trabaj\u00f3 en la zona de la Escuela Especial 8, incluido el predio del establecimiento, y en Chacra 4.<\/p>\n\n\n\n<figure class=\"wp-block-gallery has-nested-images columns-default is-cropped wp-block-gallery-1 is-layout-flex wp-block-gallery-is-layout-flex\">\n<figure class=\"wp-block-image size-large\"><img loading=\"lazy\" decoding=\"async\" width=\"1024\" height=\"576\" data-id=\"2948\" src=\"https:\/\/prensa.sma.gob.ar\/wp-content\/uploads\/2024\/10\/WhatsApp-Image-2024-10-11-at-10.10.23-1024x576.jpeg\" alt=\"\" class=\"wp-image-2948\" srcset=\"https:\/\/prensa.sma.gob.ar\/wp-content\/uploads\/2024\/10\/WhatsApp-Image-2024-10-11-at-10.10.23-1024x576.jpeg 1024w, https:\/\/prensa.sma.gob.ar\/wp-content\/uploads\/2024\/10\/WhatsApp-Image-2024-10-11-at-10.10.23-300x169.jpeg 300w, https:\/\/prensa.sma.gob.ar\/wp-content\/uploads\/2024\/10\/WhatsApp-Image-2024-10-11-at-10.10.23-768x432.jpeg 768w, https:\/\/prensa.sma.gob.ar\/wp-content\/uploads\/2024\/10\/WhatsApp-Image-2024-10-11-at-10.10.23-1536x864.jpeg 1536w, https:\/\/prensa.sma.gob.ar\/wp-content\/uploads\/2024\/10\/WhatsApp-Image-2024-10-11-at-10.10.23-747x420.jpeg 747w, https:\/\/prensa.sma.gob.ar\/wp-content\/uploads\/2024\/10\/WhatsApp-Image-2024-10-11-at-10.10.23-696x392.jpeg 696w, https:\/\/prensa.sma.gob.ar\/wp-content\/uploads\/2024\/10\/WhatsApp-Image-2024-10-11-at-10.10.23-1068x601.jpeg 1068w, https:\/\/prensa.sma.gob.ar\/wp-content\/uploads\/2024\/10\/WhatsApp-Image-2024-10-11-at-10.10.23.jpeg 1600w\" sizes=\"auto, (max-width: 1024px) 100vw, 1024px\" \/><\/figure>\n\n\n\n<figure class=\"wp-block-image size-large\"><img loading=\"lazy\" decoding=\"async\" width=\"1024\" height=\"768\" data-id=\"2950\" src=\"https:\/\/prensa.sma.gob.ar\/wp-content\/uploads\/2024\/10\/WhatsApp-Image-2024-10-11-at-10.10.17-1024x768.jpeg\" alt=\"\" class=\"wp-image-2950\" srcset=\"https:\/\/prensa.sma.gob.ar\/wp-content\/uploads\/2024\/10\/WhatsApp-Image-2024-10-11-at-10.10.17-1024x768.jpeg 1024w, https:\/\/prensa.sma.gob.ar\/wp-content\/uploads\/2024\/10\/WhatsApp-Image-2024-10-11-at-10.10.17-300x225.jpeg 300w, https:\/\/prensa.sma.gob.ar\/wp-content\/uploads\/2024\/10\/WhatsApp-Image-2024-10-11-at-10.10.17-768x576.jpeg 768w, https:\/\/prensa.sma.gob.ar\/wp-content\/uploads\/2024\/10\/WhatsApp-Image-2024-10-11-at-10.10.17-1536x1152.jpeg 1536w, https:\/\/prensa.sma.gob.ar\/wp-content\/uploads\/2024\/10\/WhatsApp-Image-2024-10-11-at-10.10.17-560x420.jpeg 560w, https:\/\/prensa.sma.gob.ar\/wp-content\/uploads\/2024\/10\/WhatsApp-Image-2024-10-11-at-10.10.17-80x60.jpeg 80w, https:\/\/prensa.sma.gob.ar\/wp-content\/uploads\/2024\/10\/WhatsApp-Image-2024-10-11-at-10.10.17-696x522.jpeg 696w, https:\/\/prensa.sma.gob.ar\/wp-content\/uploads\/2024\/10\/WhatsApp-Image-2024-10-11-at-10.10.17-1068x801.jpeg 1068w, https:\/\/prensa.sma.gob.ar\/wp-content\/uploads\/2024\/10\/WhatsApp-Image-2024-10-11-at-10.10.17.jpeg 1600w\" sizes=\"auto, (max-width: 1024px) 100vw, 1024px\" \/><\/figure>\n\n\n\n<figure class=\"wp-block-image size-large\"><img loading=\"lazy\" decoding=\"async\" width=\"1024\" height=\"768\" data-id=\"2953\" src=\"https:\/\/prensa.sma.gob.ar\/wp-content\/uploads\/2024\/10\/WhatsApp-Image-2024-10-11-at-10.10.12-1024x768.jpeg\" alt=\"\" class=\"wp-image-2953\" srcset=\"https:\/\/prensa.sma.gob.ar\/wp-content\/uploads\/2024\/10\/WhatsApp-Image-2024-10-11-at-10.10.12-1024x768.jpeg 1024w, https:\/\/prensa.sma.gob.ar\/wp-content\/uploads\/2024\/10\/WhatsApp-Image-2024-10-11-at-10.10.12-300x225.jpeg 300w, https:\/\/prensa.sma.gob.ar\/wp-content\/uploads\/2024\/10\/WhatsApp-Image-2024-10-11-at-10.10.12-768x576.jpeg 768w, https:\/\/prensa.sma.gob.ar\/wp-content\/uploads\/2024\/10\/WhatsApp-Image-2024-10-11-at-10.10.12-560x420.jpeg 560w, https:\/\/prensa.sma.gob.ar\/wp-content\/uploads\/2024\/10\/WhatsApp-Image-2024-10-11-at-10.10.12-80x60.jpeg 80w, https:\/\/prensa.sma.gob.ar\/wp-content\/uploads\/2024\/10\/WhatsApp-Image-2024-10-11-at-10.10.12-696x522.jpeg 696w, https:\/\/prensa.sma.gob.ar\/wp-content\/uploads\/2024\/10\/WhatsApp-Image-2024-10-11-at-10.10.12-1068x801.jpeg 1068w, https:\/\/prensa.sma.gob.ar\/wp-content\/uploads\/2024\/10\/WhatsApp-Image-2024-10-11-at-10.10.12.jpeg 1280w\" sizes=\"auto, (max-width: 1024px) 100vw, 1024px\" \/><\/figure>\n<\/figure>\n\n\n\n<p>En la Escuela Especial 8 tambi\u00e9n se trabaj\u00f3 en la poda de altura, en \u00e1rboles ubicados dentro del predio.<\/p>\n\n\n\n<figure class=\"wp-block-gallery has-nested-images columns-default is-cropped wp-block-gallery-2 is-layout-flex wp-block-gallery-is-layout-flex\">\n<figure class=\"wp-block-image size-large\"><img loading=\"lazy\" decoding=\"async\" width=\"574\" height=\"1024\" data-id=\"2951\" src=\"https:\/\/prensa.sma.gob.ar\/wp-content\/uploads\/2024\/10\/WhatsApp-Image-2024-10-11-at-11.15.09-574x1024.jpeg\" alt=\"\" class=\"wp-image-2951\" srcset=\"https:\/\/prensa.sma.gob.ar\/wp-content\/uploads\/2024\/10\/WhatsApp-Image-2024-10-11-at-11.15.09-574x1024.jpeg 574w, https:\/\/prensa.sma.gob.ar\/wp-content\/uploads\/2024\/10\/WhatsApp-Image-2024-10-11-at-11.15.09-168x300.jpeg 168w, https:\/\/prensa.sma.gob.ar\/wp-content\/uploads\/2024\/10\/WhatsApp-Image-2024-10-11-at-11.15.09-768x1370.jpeg 768w, https:\/\/prensa.sma.gob.ar\/wp-content\/uploads\/2024\/10\/WhatsApp-Image-2024-10-11-at-11.15.09-861x1536.jpeg 861w, https:\/\/prensa.sma.gob.ar\/wp-content\/uploads\/2024\/10\/WhatsApp-Image-2024-10-11-at-11.15.09-235x420.jpeg 235w, https:\/\/prensa.sma.gob.ar\/wp-content\/uploads\/2024\/10\/WhatsApp-Image-2024-10-11-at-11.15.09-696x1241.jpeg 696w, https:\/\/prensa.sma.gob.ar\/wp-content\/uploads\/2024\/10\/WhatsApp-Image-2024-10-11-at-11.15.09.jpeg 897w\" sizes=\"auto, (max-width: 574px) 100vw, 574px\" \/><\/figure>\n\n\n\n<figure class=\"wp-block-image size-large\"><img loading=\"lazy\" decoding=\"async\" width=\"574\" height=\"1024\" data-id=\"2949\" src=\"https:\/\/prensa.sma.gob.ar\/wp-content\/uploads\/2024\/10\/WhatsApp-Image-2024-10-11-at-11.15.17-574x1024.jpeg\" alt=\"\" class=\"wp-image-2949\" srcset=\"https:\/\/prensa.sma.gob.ar\/wp-content\/uploads\/2024\/10\/WhatsApp-Image-2024-10-11-at-11.15.17-574x1024.jpeg 574w, https:\/\/prensa.sma.gob.ar\/wp-content\/uploads\/2024\/10\/WhatsApp-Image-2024-10-11-at-11.15.17-168x300.jpeg 168w, https:\/\/prensa.sma.gob.ar\/wp-content\/uploads\/2024\/10\/WhatsApp-Image-2024-10-11-at-11.15.17-768x1370.jpeg 768w, https:\/\/prensa.sma.gob.ar\/wp-content\/uploads\/2024\/10\/WhatsApp-Image-2024-10-11-at-11.15.17-861x1536.jpeg 861w, https:\/\/prensa.sma.gob.ar\/wp-content\/uploads\/2024\/10\/WhatsApp-Image-2024-10-11-at-11.15.17-235x420.jpeg 235w, https:\/\/prensa.sma.gob.ar\/wp-content\/uploads\/2024\/10\/WhatsApp-Image-2024-10-11-at-11.15.17-696x1241.jpeg 696w, https:\/\/prensa.sma.gob.ar\/wp-content\/uploads\/2024\/10\/WhatsApp-Image-2024-10-11-at-11.15.17.jpeg 897w\" sizes=\"auto, (max-width: 574px) 100vw, 574px\" \/><\/figure>\n\n\n\n<figure class=\"wp-block-image size-large\"><img loading=\"lazy\" decoding=\"async\" width=\"574\" height=\"1024\" data-id=\"2952\" src=\"https:\/\/prensa.sma.gob.ar\/wp-content\/uploads\/2024\/10\/WhatsApp-Image-2024-10-11-at-11.15.36-574x1024.jpeg\" alt=\"\" class=\"wp-image-2952\" srcset=\"https:\/\/prensa.sma.gob.ar\/wp-content\/uploads\/2024\/10\/WhatsApp-Image-2024-10-11-at-11.15.36-574x1024.jpeg 574w, https:\/\/prensa.sma.gob.ar\/wp-content\/uploads\/2024\/10\/WhatsApp-Image-2024-10-11-at-11.15.36-168x300.jpeg 168w, https:\/\/prensa.sma.gob.ar\/wp-content\/uploads\/2024\/10\/WhatsApp-Image-2024-10-11-at-11.15.36-768x1370.jpeg 768w, https:\/\/prensa.sma.gob.ar\/wp-content\/uploads\/2024\/10\/WhatsApp-Image-2024-10-11-at-11.15.36-861x1536.jpeg 861w, https:\/\/prensa.sma.gob.ar\/wp-content\/uploads\/2024\/10\/WhatsApp-Image-2024-10-11-at-11.15.36-235x420.jpeg 235w, https:\/\/prensa.sma.gob.ar\/wp-content\/uploads\/2024\/10\/WhatsApp-Image-2024-10-11-at-11.15.36-696x1241.jpeg 696w, https:\/\/prensa.sma.gob.ar\/wp-content\/uploads\/2024\/10\/WhatsApp-Image-2024-10-11-at-11.15.36.jpeg 897w\" sizes=\"auto, (max-width: 574px) 100vw, 574px\" \/><\/figure>\n<\/figure>\n","protected":false},"excerpt":{"rendered":"<p>El Municipio inici\u00f3 el operativo de corte de pasto a lo largo de la Ruta 40, de ambos lados, desde la Rotonda de la Virgen hasta la entrada a Ruca Hue. En im\u00e1genes, personal de la Direcci\u00f3n de Espacios Verdes trabaj\u00f3 en la zona de la Escuela Especial 8, incluido el predio del establecimiento, y [&hellip;]<\/p>\n","protected":false},"author":2,"featured_media":2953,"comment_status":"closed","ping_status":"open","sticky":false,"template":"","format":"standard","meta":{"footnotes":""},"categories":[14,19,21],"tags":[],"class_list":{"0":"post-2947","1":"post","2":"type-post","3":"status-publish","4":"format-standard","5":"has-post-thumbnail","7":"category-noticias","8":"category-obras-y-servicios-publicos","9":"category-parques"},"_links":{"self":[{"href":"https:\/\/prensa.sma.gob.ar\/index.php?rest_route=\/wp\/v2\/posts\/2947","targetHints":{"allow":["GET"]}}],"collection":[{"href":"https:\/\/prensa.sma.gob.ar\/index.php?rest_route=\/wp\/v2\/posts"}],"about":[{"href":"https:\/\/prensa.sma.gob.ar\/index.php?rest_route=\/wp\/v2\/types\/post"}],"author":[{"embeddable":true,"href":"https:\/\/prensa.sma.gob.ar\/index.php?rest_route=\/wp\/v2\/users\/2"}],"replies":[{"embeddable":true,"href":"https:\/\/prensa.sma.gob.ar\/index.php?rest_route=%2Fwp%2Fv2%2Fcomments&post=2947"}],"version-history":[{"count":1,"href":"https:\/\/prensa.sma.gob.ar\/index.php?rest_route=\/wp\/v2\/posts\/2947\/revisions"}],"predecessor-version":[{"id":2954,"href":"https:\/\/prensa.sma.gob.ar\/index.php?rest_route=\/wp\/v2\/posts\/2947\/revisions\/2954"}],"wp:featuredmedia":[{"embeddable":true,"href":"https:\/\/prensa.sma.gob.ar\/index.php?rest_route=\/wp\/v2\/media\/2953"}],"wp:attachment":[{"href":"https:\/\/prensa.sma.gob.ar\/index.php?rest_route=%2Fwp%2Fv2%2Fmedia&parent=2947"}],"wp:term":[{"taxonomy":"category","embeddable":true,"href":"https:\/\/prensa.sma.gob.ar\/index.php?rest_route=%2Fwp%2Fv2%2Fcategories&post=2947"},{"taxonomy":"post_tag","embeddable":true,"href":"https:\/\/prensa.sma.gob.ar\/index.php?rest_route=%2Fwp%2Fv2%2Ftags&post=2947"}],"curies":[{"name":"wp","href":"https:\/\/api.w.org\/{rel}","templated":true}]}}