{"id":2961,"date":"2024-10-11T15:44:44","date_gmt":"2024-10-11T15:44:44","guid":{"rendered":"https:\/\/prensa.sma.gob.ar\/?p=2961"},"modified":"2024-10-11T15:44:45","modified_gmt":"2024-10-11T15:44:45","slug":"capacitacion-sobre-diseno-de-canteros-sustentables","status":"publish","type":"post","link":"https:\/\/prensa.sma.gob.ar\/?p=2961","title":{"rendered":"Capacitaci\u00f3n sobre Dise\u00f1o de Canteros Sustentables"},"content":{"rendered":"\n<p>Finaliz\u00f3 este jueves la capacitaci\u00f3n a personal municipal vinculada a Dise\u00f1o de Canteros Sustentables.<\/p>\n\n\n\n<p>Con una satisfactoria participaci\u00f3n de los operarios del \u00e1rea de Espacios Verdes, se abordaron temas que aportan a mejorar los espacios p\u00fablicos de nuestra ciudad.<\/p>\n\n\n\n<p>Gracias a quienes participaron y especial agradecimiento a Ver\u00f3nica Pellegrini por brindar la capacitaci\u00f3n a nuestro personal municipal.<\/p>\n\n\n<div class=\"wp-block-image\">\n<figure class=\"aligncenter size-large is-resized\"><img loading=\"lazy\" decoding=\"async\" width=\"768\" height=\"1024\" src=\"https:\/\/prensa.sma.gob.ar\/wp-content\/uploads\/2024\/10\/WhatsApp-Image-2024-10-10-at-14.27.04-768x1024.jpeg\" alt=\"\" class=\"wp-image-2963\" style=\"width:392px;height:auto\" srcset=\"https:\/\/prensa.sma.gob.ar\/wp-content\/uploads\/2024\/10\/WhatsApp-Image-2024-10-10-at-14.27.04-768x1024.jpeg 768w, https:\/\/prensa.sma.gob.ar\/wp-content\/uploads\/2024\/10\/WhatsApp-Image-2024-10-10-at-14.27.04-225x300.jpeg 225w, https:\/\/prensa.sma.gob.ar\/wp-content\/uploads\/2024\/10\/WhatsApp-Image-2024-10-10-at-14.27.04-315x420.jpeg 315w, https:\/\/prensa.sma.gob.ar\/wp-content\/uploads\/2024\/10\/WhatsApp-Image-2024-10-10-at-14.27.04-696x928.jpeg 696w, https:\/\/prensa.sma.gob.ar\/wp-content\/uploads\/2024\/10\/WhatsApp-Image-2024-10-10-at-14.27.04.jpeg 960w\" sizes=\"auto, (max-width: 768px) 100vw, 768px\" \/><\/figure>\n<\/div>","protected":false},"excerpt":{"rendered":"<p>Finaliz\u00f3 este jueves la capacitaci\u00f3n a personal municipal vinculada a Dise\u00f1o de Canteros Sustentables. Con una satisfactoria participaci\u00f3n de los operarios del \u00e1rea de Espacios Verdes, se abordaron temas que aportan a mejorar los espacios p\u00fablicos de nuestra ciudad. Gracias a quienes participaron y especial agradecimiento a Ver\u00f3nica Pellegrini por brindar la capacitaci\u00f3n a nuestro [&hellip;]<\/p>\n","protected":false},"author":2,"featured_media":2964,"comment_status":"closed","ping_status":"open","sticky":false,"template":"","format":"standard","meta":{"footnotes":""},"categories":[14,19,21],"tags":[],"class_list":{"0":"post-2961","1":"post","2":"type-post","3":"status-publish","4":"format-standard","5":"has-post-thumbnail","7":"category-noticias","8":"category-obras-y-servicios-publicos","9":"category-parques"},"_links":{"self":[{"href":"https:\/\/prensa.sma.gob.ar\/index.php?rest_route=\/wp\/v2\/posts\/2961","targetHints":{"allow":["GET"]}}],"collection":[{"href":"https:\/\/prensa.sma.gob.ar\/index.php?rest_route=\/wp\/v2\/posts"}],"about":[{"href":"https:\/\/prensa.sma.gob.ar\/index.php?rest_route=\/wp\/v2\/types\/post"}],"author":[{"embeddable":true,"href":"https:\/\/prensa.sma.gob.ar\/index.php?rest_route=\/wp\/v2\/users\/2"}],"replies":[{"embeddable":true,"href":"https:\/\/prensa.sma.gob.ar\/index.php?rest_route=%2Fwp%2Fv2%2Fcomments&post=2961"}],"version-history":[{"count":1,"href":"https:\/\/prensa.sma.gob.ar\/index.php?rest_route=\/wp\/v2\/posts\/2961\/revisions"}],"predecessor-version":[{"id":2965,"href":"https:\/\/prensa.sma.gob.ar\/index.php?rest_route=\/wp\/v2\/posts\/2961\/revisions\/2965"}],"wp:featuredmedia":[{"embeddable":true,"href":"https:\/\/prensa.sma.gob.ar\/index.php?rest_route=\/wp\/v2\/media\/2964"}],"wp:attachment":[{"href":"https:\/\/prensa.sma.gob.ar\/index.php?rest_route=%2Fwp%2Fv2%2Fmedia&parent=2961"}],"wp:term":[{"taxonomy":"category","embeddable":true,"href":"https:\/\/prensa.sma.gob.ar\/index.php?rest_route=%2Fwp%2Fv2%2Fcategories&post=2961"},{"taxonomy":"post_tag","embeddable":true,"href":"https:\/\/prensa.sma.gob.ar\/index.php?rest_route=%2Fwp%2Fv2%2Ftags&post=2961"}],"curies":[{"name":"wp","href":"https:\/\/api.w.org\/{rel}","templated":true}]}}