{"id":2970,"date":"2024-10-14T13:34:50","date_gmt":"2024-10-14T13:34:50","guid":{"rendered":"https:\/\/prensa.sma.gob.ar\/?p=2970"},"modified":"2024-10-14T13:34:51","modified_gmt":"2024-10-14T13:34:51","slug":"el-barrio-los-radales-renovo-su-comision-directiva","status":"publish","type":"post","link":"https:\/\/prensa.sma.gob.ar\/?p=2970","title":{"rendered":"El barrio Los Radales renov\u00f3 su comisi\u00f3n directiva"},"content":{"rendered":"\n<p>La renovada comisi\u00f3n vecinal est\u00e1 integrada por Mariela Calder\u00f3n, Anal\u00eda Mena, Mart\u00edn Ort\u00edz, M\u00f3nica Ib\u00e1\u00f1ez, Mar\u00eda Ang\u00e9lica Cebrero, Miriam Rosas, Malen Guti\u00e9rrez, Luca Lema, Claudio Calosso y Mauro Valenzuela. Revisores de Cuenta: Eliana Soto y Gloria Tellechea.<\/p>\n\n\n\n<figure class=\"wp-block-image size-large\"><img loading=\"lazy\" decoding=\"async\" width=\"1024\" height=\"932\" src=\"https:\/\/prensa.sma.gob.ar\/wp-content\/uploads\/2024\/10\/JUNTAS-VECINALES-1024x932.jpg\" alt=\"\" class=\"wp-image-2972\" srcset=\"https:\/\/prensa.sma.gob.ar\/wp-content\/uploads\/2024\/10\/JUNTAS-VECINALES-1024x932.jpg 1024w, https:\/\/prensa.sma.gob.ar\/wp-content\/uploads\/2024\/10\/JUNTAS-VECINALES-300x273.jpg 300w, https:\/\/prensa.sma.gob.ar\/wp-content\/uploads\/2024\/10\/JUNTAS-VECINALES-768x699.jpg 768w, https:\/\/prensa.sma.gob.ar\/wp-content\/uploads\/2024\/10\/JUNTAS-VECINALES-462x420.jpg 462w, https:\/\/prensa.sma.gob.ar\/wp-content\/uploads\/2024\/10\/JUNTAS-VECINALES-696x633.jpg 696w, https:\/\/prensa.sma.gob.ar\/wp-content\/uploads\/2024\/10\/JUNTAS-VECINALES-1068x972.jpg 1068w, https:\/\/prensa.sma.gob.ar\/wp-content\/uploads\/2024\/10\/JUNTAS-VECINALES.jpg 1200w\" sizes=\"auto, (max-width: 1024px) 100vw, 1024px\" \/><\/figure>\n\n\n\n<p>Fiscalizaron Patricia Tomas por el barrio, Ra\u00fal Vargas y \u00c1ngel Costa por el Consejo de Juntas Vecinales e Irina Allegri y Lorena Gonz\u00e1lez por la Subsecretar\u00eda de Juntas Vecinales.<\/p>\n\n\n\n<figure class=\"wp-block-image size-large\"><img loading=\"lazy\" decoding=\"async\" width=\"1024\" height=\"928\" src=\"https:\/\/prensa.sma.gob.ar\/wp-content\/uploads\/2024\/10\/LOS-RADALES-2-1024x928.jpg\" alt=\"\" class=\"wp-image-2973\" srcset=\"https:\/\/prensa.sma.gob.ar\/wp-content\/uploads\/2024\/10\/LOS-RADALES-2-1024x928.jpg 1024w, https:\/\/prensa.sma.gob.ar\/wp-content\/uploads\/2024\/10\/LOS-RADALES-2-300x272.jpg 300w, https:\/\/prensa.sma.gob.ar\/wp-content\/uploads\/2024\/10\/LOS-RADALES-2-768x696.jpg 768w, https:\/\/prensa.sma.gob.ar\/wp-content\/uploads\/2024\/10\/LOS-RADALES-2-463x420.jpg 463w, https:\/\/prensa.sma.gob.ar\/wp-content\/uploads\/2024\/10\/LOS-RADALES-2-696x631.jpg 696w, https:\/\/prensa.sma.gob.ar\/wp-content\/uploads\/2024\/10\/LOS-RADALES-2-1068x968.jpg 1068w, https:\/\/prensa.sma.gob.ar\/wp-content\/uploads\/2024\/10\/LOS-RADALES-2.jpg 1200w\" sizes=\"auto, (max-width: 1024px) 100vw, 1024px\" \/><\/figure>\n\n\n\n<p>Las elecciones vecinales se desarrollaron este domingo 13 de octubre, de 11 a 14 hs, en la sede vecinal del barrio, con la participaci\u00f3n del 23% del padr\u00f3n vecinal.<\/p>\n\n\n\n<figure class=\"wp-block-image size-large\"><img loading=\"lazy\" decoding=\"async\" width=\"927\" height=\"1024\" src=\"https:\/\/prensa.sma.gob.ar\/wp-content\/uploads\/2024\/10\/LOS-RADALES-3-927x1024.jpg\" alt=\"\" class=\"wp-image-2974\" srcset=\"https:\/\/prensa.sma.gob.ar\/wp-content\/uploads\/2024\/10\/LOS-RADALES-3-927x1024.jpg 927w, https:\/\/prensa.sma.gob.ar\/wp-content\/uploads\/2024\/10\/LOS-RADALES-3-272x300.jpg 272w, https:\/\/prensa.sma.gob.ar\/wp-content\/uploads\/2024\/10\/LOS-RADALES-3-768x848.jpg 768w, https:\/\/prensa.sma.gob.ar\/wp-content\/uploads\/2024\/10\/LOS-RADALES-3-380x420.jpg 380w, https:\/\/prensa.sma.gob.ar\/wp-content\/uploads\/2024\/10\/LOS-RADALES-3-696x769.jpg 696w, https:\/\/prensa.sma.gob.ar\/wp-content\/uploads\/2024\/10\/LOS-RADALES-3-1068x1179.jpg 1068w, https:\/\/prensa.sma.gob.ar\/wp-content\/uploads\/2024\/10\/LOS-RADALES-3.jpg 1200w\" sizes=\"auto, (max-width: 927px) 100vw, 927px\" \/><\/figure>\n\n\n\n<p><\/p>\n","protected":false},"excerpt":{"rendered":"<p>La renovada comisi\u00f3n vecinal est\u00e1 integrada por Mariela Calder\u00f3n, Anal\u00eda Mena, Mart\u00edn Ort\u00edz, M\u00f3nica Ib\u00e1\u00f1ez, Mar\u00eda Ang\u00e9lica Cebrero, Miriam Rosas, Malen Guti\u00e9rrez, Luca Lema, Claudio Calosso y Mauro Valenzuela. Revisores de Cuenta: Eliana Soto y Gloria Tellechea. Fiscalizaron Patricia Tomas por el barrio, Ra\u00fal Vargas y \u00c1ngel Costa por el Consejo de Juntas Vecinales e [&hellip;]<\/p>\n","protected":false},"author":1,"featured_media":2971,"comment_status":"closed","ping_status":"open","sticky":false,"template":"","format":"standard","meta":{"footnotes":""},"categories":[16,39,14],"tags":[],"class_list":{"0":"post-2970","1":"post","2":"type-post","3":"status-publish","4":"format-standard","5":"has-post-thumbnail","7":"category-destacadas","8":"category-subs-juntas-vecinales","9":"category-noticias"},"_links":{"self":[{"href":"https:\/\/prensa.sma.gob.ar\/index.php?rest_route=\/wp\/v2\/posts\/2970","targetHints":{"allow":["GET"]}}],"collection":[{"href":"https:\/\/prensa.sma.gob.ar\/index.php?rest_route=\/wp\/v2\/posts"}],"about":[{"href":"https:\/\/prensa.sma.gob.ar\/index.php?rest_route=\/wp\/v2\/types\/post"}],"author":[{"embeddable":true,"href":"https:\/\/prensa.sma.gob.ar\/index.php?rest_route=\/wp\/v2\/users\/1"}],"replies":[{"embeddable":true,"href":"https:\/\/prensa.sma.gob.ar\/index.php?rest_route=%2Fwp%2Fv2%2Fcomments&post=2970"}],"version-history":[{"count":1,"href":"https:\/\/prensa.sma.gob.ar\/index.php?rest_route=\/wp\/v2\/posts\/2970\/revisions"}],"predecessor-version":[{"id":2975,"href":"https:\/\/prensa.sma.gob.ar\/index.php?rest_route=\/wp\/v2\/posts\/2970\/revisions\/2975"}],"wp:featuredmedia":[{"embeddable":true,"href":"https:\/\/prensa.sma.gob.ar\/index.php?rest_route=\/wp\/v2\/media\/2971"}],"wp:attachment":[{"href":"https:\/\/prensa.sma.gob.ar\/index.php?rest_route=%2Fwp%2Fv2%2Fmedia&parent=2970"}],"wp:term":[{"taxonomy":"category","embeddable":true,"href":"https:\/\/prensa.sma.gob.ar\/index.php?rest_route=%2Fwp%2Fv2%2Fcategories&post=2970"},{"taxonomy":"post_tag","embeddable":true,"href":"https:\/\/prensa.sma.gob.ar\/index.php?rest_route=%2Fwp%2Fv2%2Ftags&post=2970"}],"curies":[{"name":"wp","href":"https:\/\/api.w.org\/{rel}","templated":true}]}}