{"id":2977,"date":"2024-10-14T13:41:29","date_gmt":"2024-10-14T13:41:29","guid":{"rendered":"https:\/\/prensa.sma.gob.ar\/?p=2977"},"modified":"2024-10-14T13:41:30","modified_gmt":"2024-10-14T13:41:30","slug":"finalizo-la-cobertura-al-cerro-chapelco-del-operativo-nieve-2024","status":"publish","type":"post","link":"https:\/\/prensa.sma.gob.ar\/?p=2977","title":{"rendered":"Finaliz\u00f3 la cobertura al Cerro Chapelco del Operativo Nieve 2024"},"content":{"rendered":"\n<p>La polic\u00eda de la provincia del Neuqu\u00e9n, como instituci\u00f3n coordinadora del Operativo Nieve, inform\u00f3 que dio por concluidas las tareas relacionadas con este trabajo especial durante de este a\u00f1o.<\/p>\n\n\n\n<figure class=\"wp-block-image size-large\"><img loading=\"lazy\" decoding=\"async\" width=\"1024\" height=\"770\" src=\"https:\/\/prensa.sma.gob.ar\/wp-content\/uploads\/2024\/10\/OPERATIVO-NIEVE-2-1024x770.jpg\" alt=\"\" class=\"wp-image-2979\" srcset=\"https:\/\/prensa.sma.gob.ar\/wp-content\/uploads\/2024\/10\/OPERATIVO-NIEVE-2-1024x770.jpg 1024w, https:\/\/prensa.sma.gob.ar\/wp-content\/uploads\/2024\/10\/OPERATIVO-NIEVE-2-300x226.jpg 300w, https:\/\/prensa.sma.gob.ar\/wp-content\/uploads\/2024\/10\/OPERATIVO-NIEVE-2-768x578.jpg 768w, https:\/\/prensa.sma.gob.ar\/wp-content\/uploads\/2024\/10\/OPERATIVO-NIEVE-2-558x420.jpg 558w, https:\/\/prensa.sma.gob.ar\/wp-content\/uploads\/2024\/10\/OPERATIVO-NIEVE-2-80x60.jpg 80w, https:\/\/prensa.sma.gob.ar\/wp-content\/uploads\/2024\/10\/OPERATIVO-NIEVE-2-696x524.jpg 696w, https:\/\/prensa.sma.gob.ar\/wp-content\/uploads\/2024\/10\/OPERATIVO-NIEVE-2-1068x804.jpg 1068w, https:\/\/prensa.sma.gob.ar\/wp-content\/uploads\/2024\/10\/OPERATIVO-NIEVE-2.jpg 1280w\" sizes=\"auto, (max-width: 1024px) 100vw, 1024px\" \/><\/figure>\n\n\n\n<p>\u00abSe informa que la Polic\u00eda del Neuqu\u00e9n a trav\u00e9s de personal de la Divisi\u00f3n Operativa San Mart\u00edn de los Andes da por finalizada la cobertura de seguridad en el sector de la base del Centro Invernal Chapelco. Sin novedad\u00bb, se\u00f1al\u00f3 el \u00faltimo comunicado de la Polic\u00eda, emitido en la tarde de este domingo.<\/p>\n\n\n\n<figure class=\"wp-block-image size-large\"><img loading=\"lazy\" decoding=\"async\" width=\"1024\" height=\"576\" src=\"https:\/\/prensa.sma.gob.ar\/wp-content\/uploads\/2024\/10\/OPERATIVO-NIEVE-3-1024x576.jpeg\" alt=\"\" class=\"wp-image-2980\" srcset=\"https:\/\/prensa.sma.gob.ar\/wp-content\/uploads\/2024\/10\/OPERATIVO-NIEVE-3-1024x576.jpeg 1024w, https:\/\/prensa.sma.gob.ar\/wp-content\/uploads\/2024\/10\/OPERATIVO-NIEVE-3-300x169.jpeg 300w, https:\/\/prensa.sma.gob.ar\/wp-content\/uploads\/2024\/10\/OPERATIVO-NIEVE-3-768x432.jpeg 768w, https:\/\/prensa.sma.gob.ar\/wp-content\/uploads\/2024\/10\/OPERATIVO-NIEVE-3-1536x864.jpeg 1536w, https:\/\/prensa.sma.gob.ar\/wp-content\/uploads\/2024\/10\/OPERATIVO-NIEVE-3-747x420.jpeg 747w, https:\/\/prensa.sma.gob.ar\/wp-content\/uploads\/2024\/10\/OPERATIVO-NIEVE-3-696x392.jpeg 696w, https:\/\/prensa.sma.gob.ar\/wp-content\/uploads\/2024\/10\/OPERATIVO-NIEVE-3-1068x601.jpeg 1068w, https:\/\/prensa.sma.gob.ar\/wp-content\/uploads\/2024\/10\/OPERATIVO-NIEVE-3.jpeg 1600w\" sizes=\"auto, (max-width: 1024px) 100vw, 1024px\" \/><\/figure>\n\n\n\n<p>El mismo texto se\u00f1al\u00f3 que \u00abcontinuar\u00e1 hasta directiva en contrario la cobertura de la Casilla en la intercepci\u00f3n de la Ruta Nacional 40 ya Ruta Provincial 19\u00bb.<\/p>\n\n\n\n<p>El secretario de Turismo del Municipio de San Mart\u00edn de los Andes, Alejandro Apaolaza, agradeci\u00f3 el trabajo \u00aba todo el equipo del operativo\u00bb, que incluy\u00f3 instituciones nacionales, provinciales y municipales.<\/p>\n\n\n\n<figure class=\"wp-block-image size-large\"><img loading=\"lazy\" decoding=\"async\" width=\"1024\" height=\"576\" src=\"https:\/\/prensa.sma.gob.ar\/wp-content\/uploads\/2024\/10\/OPERATIVO-NIEVE-1-1024x576.jpg\" alt=\"\" class=\"wp-image-2981\" srcset=\"https:\/\/prensa.sma.gob.ar\/wp-content\/uploads\/2024\/10\/OPERATIVO-NIEVE-1-1024x576.jpg 1024w, https:\/\/prensa.sma.gob.ar\/wp-content\/uploads\/2024\/10\/OPERATIVO-NIEVE-1-300x169.jpg 300w, https:\/\/prensa.sma.gob.ar\/wp-content\/uploads\/2024\/10\/OPERATIVO-NIEVE-1-768x432.jpg 768w, https:\/\/prensa.sma.gob.ar\/wp-content\/uploads\/2024\/10\/OPERATIVO-NIEVE-1-1536x864.jpg 1536w, https:\/\/prensa.sma.gob.ar\/wp-content\/uploads\/2024\/10\/OPERATIVO-NIEVE-1-747x420.jpg 747w, https:\/\/prensa.sma.gob.ar\/wp-content\/uploads\/2024\/10\/OPERATIVO-NIEVE-1-696x392.jpg 696w, https:\/\/prensa.sma.gob.ar\/wp-content\/uploads\/2024\/10\/OPERATIVO-NIEVE-1-1068x601.jpg 1068w, https:\/\/prensa.sma.gob.ar\/wp-content\/uploads\/2024\/10\/OPERATIVO-NIEVE-1.jpg 1600w\" sizes=\"auto, (max-width: 1024px) 100vw, 1024px\" \/><\/figure>\n\n\n\n<p>\u00abLa temporada m\u00e1s larga de la historia y ustedes siempre presentes\u00bb, se\u00f1al\u00f3 Apaolaza, quien agreg\u00f3 que pr\u00f3ximamente se realizar\u00e1 una reuni\u00f3n para hacer un balance del servicio ofrecido a residentes y turistas que est\u00e9 invierno eligieron nuestra ciudad y nuestra regi\u00f3n.<\/p>\n\n\n\n<p><\/p>\n","protected":false},"excerpt":{"rendered":"<p>La polic\u00eda de la provincia del Neuqu\u00e9n, como instituci\u00f3n coordinadora del Operativo Nieve, inform\u00f3 que dio por concluidas las tareas relacionadas con este trabajo especial durante de este a\u00f1o. \u00abSe informa que la Polic\u00eda del Neuqu\u00e9n a trav\u00e9s de personal de la Divisi\u00f3n Operativa San Mart\u00edn de los Andes da por finalizada la cobertura de [&hellip;]<\/p>\n","protected":false},"author":1,"featured_media":2978,"comment_status":"closed","ping_status":"open","sticky":false,"template":"","format":"standard","meta":{"footnotes":""},"categories":[16,14],"tags":[],"class_list":{"0":"post-2977","1":"post","2":"type-post","3":"status-publish","4":"format-standard","5":"has-post-thumbnail","7":"category-destacadas","8":"category-noticias"},"_links":{"self":[{"href":"https:\/\/prensa.sma.gob.ar\/index.php?rest_route=\/wp\/v2\/posts\/2977","targetHints":{"allow":["GET"]}}],"collection":[{"href":"https:\/\/prensa.sma.gob.ar\/index.php?rest_route=\/wp\/v2\/posts"}],"about":[{"href":"https:\/\/prensa.sma.gob.ar\/index.php?rest_route=\/wp\/v2\/types\/post"}],"author":[{"embeddable":true,"href":"https:\/\/prensa.sma.gob.ar\/index.php?rest_route=\/wp\/v2\/users\/1"}],"replies":[{"embeddable":true,"href":"https:\/\/prensa.sma.gob.ar\/index.php?rest_route=%2Fwp%2Fv2%2Fcomments&post=2977"}],"version-history":[{"count":1,"href":"https:\/\/prensa.sma.gob.ar\/index.php?rest_route=\/wp\/v2\/posts\/2977\/revisions"}],"predecessor-version":[{"id":2982,"href":"https:\/\/prensa.sma.gob.ar\/index.php?rest_route=\/wp\/v2\/posts\/2977\/revisions\/2982"}],"wp:featuredmedia":[{"embeddable":true,"href":"https:\/\/prensa.sma.gob.ar\/index.php?rest_route=\/wp\/v2\/media\/2978"}],"wp:attachment":[{"href":"https:\/\/prensa.sma.gob.ar\/index.php?rest_route=%2Fwp%2Fv2%2Fmedia&parent=2977"}],"wp:term":[{"taxonomy":"category","embeddable":true,"href":"https:\/\/prensa.sma.gob.ar\/index.php?rest_route=%2Fwp%2Fv2%2Fcategories&post=2977"},{"taxonomy":"post_tag","embeddable":true,"href":"https:\/\/prensa.sma.gob.ar\/index.php?rest_route=%2Fwp%2Fv2%2Ftags&post=2977"}],"curies":[{"name":"wp","href":"https:\/\/api.w.org\/{rel}","templated":true}]}}