{"id":2987,"date":"2024-10-14T16:30:56","date_gmt":"2024-10-14T16:30:56","guid":{"rendered":"https:\/\/prensa.sma.gob.ar\/?p=2987"},"modified":"2024-10-14T16:32:11","modified_gmt":"2024-10-14T16:32:11","slug":"mas-de-2-000-personas-fueron-parte-de-los-primeros-dos-dias-la-feria-regional-del-libro","status":"publish","type":"post","link":"https:\/\/prensa.sma.gob.ar\/?p=2987","title":{"rendered":"M\u00e1s de 2.000 personas fueron parte de los primeros dos d\u00edas de la feria regional del libro"},"content":{"rendered":"\n<p>Seg\u00fan la Secretar\u00eda de Cultura del Municipio, el fin de semana se registr\u00f3 una alta concurrencia en la globa donde se realizan las exposiciones y ventas de libros, que se complement\u00f3 con las presentaciones que se hicieron en el auditorio de la Sala Municipal Lidaura Chapitel y las actividades anexas.<\/p>\n\n\n\n<p>La nueva edici\u00f3n de la Feria Regional del Libro de San Mart\u00edn de los Andes qued\u00f3 oficialmente inaugurada el s\u00e1bado y tendr\u00e1, hasta el pr\u00f3ximo s\u00e1bado, m\u00e1s de 100 actividades, entre presentaciones de ejemplares, conversatorios y talleres.<\/p>\n\n\n\n<p>En la carpa emplazada sobre calle Drury hay m\u00e1s de 25 stands de venta y exposici\u00f3n de libros, mientras que en la sala Chapitel se realizan las presentaciones y charlas con escritores y escritoras del \u00e1mbito nacional y regional.<\/p>\n\n\n\n<p>Tambi\u00e9n hay actividades anexas en bibliotecas, escuelas, en el Espacio Trama, en el Centro de visitantes del Parque Nacional Lan\u00edn y en el Teatro San Jos\u00e9.<\/p>\n\n\n\n<p>Tambi\u00e9n en la Sala Lidaura Chapitel se presentar\u00e1 la muestra \u00abCort\u00e1zar Fant\u00e1stico\u00bb, una exposici\u00f3n producida por la Biblioteca del Congreso de la Naci\u00f3n, a 40 a\u00f1os del fallecimiento del escritor.<\/p>\n\n\n\n<p>Todas las actividades de la 18\u00b0 Feria Regional del Libro ser\u00e1n libres y gratuitas.<\/p>\n\n\n\n<p>La informaci\u00f3n de la agenda diaria la pod\u00e9s encontrar y descargar en forma digital en cultura.sma.gob.ar<\/p>\n","protected":false},"excerpt":{"rendered":"<p>Seg\u00fan la Secretar\u00eda de Cultura del Municipio, el fin de semana se registr\u00f3 una alta concurrencia en la globa donde se realizan las exposiciones y ventas de libros, que se complement\u00f3 con las presentaciones que se hicieron en el auditorio de la Sala Municipal Lidaura Chapitel y las actividades anexas. La nueva edici\u00f3n de la [&hellip;]<\/p>\n","protected":false},"author":1,"featured_media":2988,"comment_status":"closed","ping_status":"open","sticky":false,"template":"","format":"standard","meta":{"footnotes":""},"categories":[5,16,14,17],"tags":[],"class_list":{"0":"post-2987","1":"post","2":"type-post","3":"status-publish","4":"format-standard","5":"has-post-thumbnail","7":"category-cultura","8":"category-destacadas","9":"category-noticias","10":"category-portada"},"_links":{"self":[{"href":"https:\/\/prensa.sma.gob.ar\/index.php?rest_route=\/wp\/v2\/posts\/2987","targetHints":{"allow":["GET"]}}],"collection":[{"href":"https:\/\/prensa.sma.gob.ar\/index.php?rest_route=\/wp\/v2\/posts"}],"about":[{"href":"https:\/\/prensa.sma.gob.ar\/index.php?rest_route=\/wp\/v2\/types\/post"}],"author":[{"embeddable":true,"href":"https:\/\/prensa.sma.gob.ar\/index.php?rest_route=\/wp\/v2\/users\/1"}],"replies":[{"embeddable":true,"href":"https:\/\/prensa.sma.gob.ar\/index.php?rest_route=%2Fwp%2Fv2%2Fcomments&post=2987"}],"version-history":[{"count":2,"href":"https:\/\/prensa.sma.gob.ar\/index.php?rest_route=\/wp\/v2\/posts\/2987\/revisions"}],"predecessor-version":[{"id":2990,"href":"https:\/\/prensa.sma.gob.ar\/index.php?rest_route=\/wp\/v2\/posts\/2987\/revisions\/2990"}],"wp:featuredmedia":[{"embeddable":true,"href":"https:\/\/prensa.sma.gob.ar\/index.php?rest_route=\/wp\/v2\/media\/2988"}],"wp:attachment":[{"href":"https:\/\/prensa.sma.gob.ar\/index.php?rest_route=%2Fwp%2Fv2%2Fmedia&parent=2987"}],"wp:term":[{"taxonomy":"category","embeddable":true,"href":"https:\/\/prensa.sma.gob.ar\/index.php?rest_route=%2Fwp%2Fv2%2Fcategories&post=2987"},{"taxonomy":"post_tag","embeddable":true,"href":"https:\/\/prensa.sma.gob.ar\/index.php?rest_route=%2Fwp%2Fv2%2Ftags&post=2987"}],"curies":[{"name":"wp","href":"https:\/\/api.w.org\/{rel}","templated":true}]}}