{"id":2994,"date":"2024-10-15T16:02:35","date_gmt":"2024-10-15T16:02:35","guid":{"rendered":"https:\/\/prensa.sma.gob.ar\/?p=2994"},"modified":"2024-10-15T16:02:36","modified_gmt":"2024-10-15T16:02:36","slug":"corte-por-tareas-de-repavimentacion-con-hormigon-en-ruta-alternativa-norte","status":"publish","type":"post","link":"https:\/\/prensa.sma.gob.ar\/?p=2994","title":{"rendered":"Corte por tareas de repavimentaci\u00f3n con hormig\u00f3n en Ruta Alternativa Norte"},"content":{"rendered":"\n<p>Por tareas de repavimentaci\u00f3n, el corte total al tr\u00e1nsito en la Ruta Alternativa Norte se mantendr\u00e1 hasta el lunes. Personal de Obras P\u00fablicas trabaja en hormigonado en ambas manos.<\/p>\n\n\n\n<p>Este martes se realizaron tareas de excavaci\u00f3n de todos los baches para hacer trabajos con hormig\u00f3n. La tarea m\u00e1s profunda se realizar\u00e1 en el tramo ubicado a unos 30 metros de la rotonda del hospital.<\/p>\n\n\n\n<p><\/p>\n","protected":false},"excerpt":{"rendered":"<p>Por tareas de repavimentaci\u00f3n, el corte total al tr\u00e1nsito en la Ruta Alternativa Norte se mantendr\u00e1 hasta el lunes. Personal de Obras P\u00fablicas trabaja en hormigonado en ambas manos. Este martes se realizaron tareas de excavaci\u00f3n de todos los baches para hacer trabajos con hormig\u00f3n. La tarea m\u00e1s profunda se realizar\u00e1 en el tramo ubicado [&hellip;]<\/p>\n","protected":false},"author":1,"featured_media":2995,"comment_status":"closed","ping_status":"open","sticky":false,"template":"","format":"standard","meta":{"footnotes":""},"categories":[16,14,19,17],"tags":[],"class_list":{"0":"post-2994","1":"post","2":"type-post","3":"status-publish","4":"format-standard","5":"has-post-thumbnail","7":"category-destacadas","8":"category-noticias","9":"category-obras-y-servicios-publicos","10":"category-portada"},"_links":{"self":[{"href":"https:\/\/prensa.sma.gob.ar\/index.php?rest_route=\/wp\/v2\/posts\/2994","targetHints":{"allow":["GET"]}}],"collection":[{"href":"https:\/\/prensa.sma.gob.ar\/index.php?rest_route=\/wp\/v2\/posts"}],"about":[{"href":"https:\/\/prensa.sma.gob.ar\/index.php?rest_route=\/wp\/v2\/types\/post"}],"author":[{"embeddable":true,"href":"https:\/\/prensa.sma.gob.ar\/index.php?rest_route=\/wp\/v2\/users\/1"}],"replies":[{"embeddable":true,"href":"https:\/\/prensa.sma.gob.ar\/index.php?rest_route=%2Fwp%2Fv2%2Fcomments&post=2994"}],"version-history":[{"count":1,"href":"https:\/\/prensa.sma.gob.ar\/index.php?rest_route=\/wp\/v2\/posts\/2994\/revisions"}],"predecessor-version":[{"id":2996,"href":"https:\/\/prensa.sma.gob.ar\/index.php?rest_route=\/wp\/v2\/posts\/2994\/revisions\/2996"}],"wp:featuredmedia":[{"embeddable":true,"href":"https:\/\/prensa.sma.gob.ar\/index.php?rest_route=\/wp\/v2\/media\/2995"}],"wp:attachment":[{"href":"https:\/\/prensa.sma.gob.ar\/index.php?rest_route=%2Fwp%2Fv2%2Fmedia&parent=2994"}],"wp:term":[{"taxonomy":"category","embeddable":true,"href":"https:\/\/prensa.sma.gob.ar\/index.php?rest_route=%2Fwp%2Fv2%2Fcategories&post=2994"},{"taxonomy":"post_tag","embeddable":true,"href":"https:\/\/prensa.sma.gob.ar\/index.php?rest_route=%2Fwp%2Fv2%2Ftags&post=2994"}],"curies":[{"name":"wp","href":"https:\/\/api.w.org\/{rel}","templated":true}]}}