{"id":3000,"date":"2024-10-16T16:42:15","date_gmt":"2024-10-16T16:42:15","guid":{"rendered":"https:\/\/prensa.sma.gob.ar\/?p=3000"},"modified":"2024-10-16T16:42:17","modified_gmt":"2024-10-16T16:42:17","slug":"trabajos-en-doble-turno-para-avanzar-en-el-bacheo-de-la-ruta-alternativa-norte","status":"publish","type":"post","link":"https:\/\/prensa.sma.gob.ar\/?p=3000","title":{"rendered":"Trabajos en doble turno para avanzar en el bacheo de la Ruta Alternativa Norte"},"content":{"rendered":"\n<p>El secretario de Servicios P\u00fablicos, a cargo de Obras P\u00fablicas, H\u00e9ctor Dur\u00e1n, inform\u00f3 que el personal trabaja en doble turno en la Ruta Alternativa Norte para terminar cuanto antes los trabajos de bacheo con hormig\u00f3n y reiter\u00f3 que el lunes debiera estar rehabilitada al tr\u00e1nsito.<\/p>\n\n\n\n<figure class=\"wp-block-image size-large\"><img loading=\"lazy\" decoding=\"async\" width=\"1024\" height=\"576\" src=\"https:\/\/prensa.sma.gob.ar\/wp-content\/uploads\/2024\/10\/BACHEO-1-1024x576.jpg\" alt=\"\" class=\"wp-image-3002\" srcset=\"https:\/\/prensa.sma.gob.ar\/wp-content\/uploads\/2024\/10\/BACHEO-1-1024x576.jpg 1024w, https:\/\/prensa.sma.gob.ar\/wp-content\/uploads\/2024\/10\/BACHEO-1-300x169.jpg 300w, https:\/\/prensa.sma.gob.ar\/wp-content\/uploads\/2024\/10\/BACHEO-1-768x432.jpg 768w, https:\/\/prensa.sma.gob.ar\/wp-content\/uploads\/2024\/10\/BACHEO-1-1536x864.jpg 1536w, https:\/\/prensa.sma.gob.ar\/wp-content\/uploads\/2024\/10\/BACHEO-1-747x420.jpg 747w, https:\/\/prensa.sma.gob.ar\/wp-content\/uploads\/2024\/10\/BACHEO-1-696x392.jpg 696w, https:\/\/prensa.sma.gob.ar\/wp-content\/uploads\/2024\/10\/BACHEO-1-1068x601.jpg 1068w, https:\/\/prensa.sma.gob.ar\/wp-content\/uploads\/2024\/10\/BACHEO-1.jpg 1600w\" sizes=\"auto, (max-width: 1024px) 100vw, 1024px\" \/><\/figure>\n\n\n\n<p>Dur\u00e1n tambi\u00e9n adelant\u00f3 que, luego de los trabajos en la Alternativa, comenzar\u00e1n los movimientos de suelo y los trabajos en cord\u00f3n cuneta del tramo de Avenida Los Lagos pendiente de pavimentaci\u00f3n, en Cordones del Chapelco.<\/p>\n\n\n\n<p>Afirm\u00f3 que, \u201chace un par de semanas, el intendente, Carlos Saloniti, tom\u00f3 tres decisiones en materia de bacheo y pavimento: reparar los sectores hundidos de calles P\u00e9rez y Rudecindo Roca (tareas que ya est\u00e1n concluidas); reparar la Ruta Alternativa Norte (que se est\u00e1 haciendo) y avanzar con el asfalto de la Avenida Los Lagos, donde la semana que viene vamos a arrancar con cord\u00f3n cuneta y movimiento de suelo\u201d.<\/p>\n\n\n\n<figure class=\"wp-block-image size-full\"><img loading=\"lazy\" decoding=\"async\" width=\"656\" height=\"421\" src=\"https:\/\/prensa.sma.gob.ar\/wp-content\/uploads\/2024\/10\/BACHEO-DURAN.jpg\" alt=\"\" class=\"wp-image-3007\" srcset=\"https:\/\/prensa.sma.gob.ar\/wp-content\/uploads\/2024\/10\/BACHEO-DURAN.jpg 656w, https:\/\/prensa.sma.gob.ar\/wp-content\/uploads\/2024\/10\/BACHEO-DURAN-300x193.jpg 300w, https:\/\/prensa.sma.gob.ar\/wp-content\/uploads\/2024\/10\/BACHEO-DURAN-654x420.jpg 654w\" sizes=\"auto, (max-width: 656px) 100vw, 656px\" \/><\/figure>\n\n\n\n<p>RUTA ALTERNATIVA:<\/p>\n\n\n\n<p>Respecto de la Alternativa Norte, Dur\u00e1n afirm\u00f3 que \u201cse decidi\u00f3 cortar totalmente la Ruta Alternativa para hacer una reparaci\u00f3n completa, con hormig\u00f3n, y evitar seguir emparchando de a tramos. En estas horas se est\u00e1n cortando las partes rotas y se est\u00e1 haciendo hormig\u00f3n\u201d.<\/p>\n\n\n\n<figure class=\"wp-block-image size-large\"><img loading=\"lazy\" decoding=\"async\" width=\"1024\" height=\"589\" src=\"https:\/\/prensa.sma.gob.ar\/wp-content\/uploads\/2024\/10\/BACHEO-2-1024x589.jpg\" alt=\"\" class=\"wp-image-3003\" srcset=\"https:\/\/prensa.sma.gob.ar\/wp-content\/uploads\/2024\/10\/BACHEO-2-1024x589.jpg 1024w, https:\/\/prensa.sma.gob.ar\/wp-content\/uploads\/2024\/10\/BACHEO-2-300x173.jpg 300w, https:\/\/prensa.sma.gob.ar\/wp-content\/uploads\/2024\/10\/BACHEO-2-768x442.jpg 768w, https:\/\/prensa.sma.gob.ar\/wp-content\/uploads\/2024\/10\/BACHEO-2-1536x883.jpg 1536w, https:\/\/prensa.sma.gob.ar\/wp-content\/uploads\/2024\/10\/BACHEO-2-730x420.jpg 730w, https:\/\/prensa.sma.gob.ar\/wp-content\/uploads\/2024\/10\/BACHEO-2-696x400.jpg 696w, https:\/\/prensa.sma.gob.ar\/wp-content\/uploads\/2024\/10\/BACHEO-2-1068x614.jpg 1068w, https:\/\/prensa.sma.gob.ar\/wp-content\/uploads\/2024\/10\/BACHEO-2.jpg 1600w\" sizes=\"auto, (max-width: 1024px) 100vw, 1024px\" \/><\/figure>\n\n\n\n<p>Anunci\u00f3 que \u201ctambi\u00e9n se van a hacer desag\u00fces en un par de vertientes que estaban rompiendo la ruta\u201d y reafirm\u00f3 que \u201cel lunes va a estar habilitada la circulaci\u00f3n\u201d.<\/p>\n\n\n\n<p>\u201cTodo el personal est\u00e1 trabajando desde las 8 hasta las 19; as\u00ed va a ser durante todos estos d\u00edas\u201d, ratific\u00f3 Dur\u00e1n en declaraciones a Radio Municipal.<\/p>\n\n\n\n<figure class=\"wp-block-image size-large\"><img loading=\"lazy\" decoding=\"async\" width=\"1024\" height=\"576\" src=\"https:\/\/prensa.sma.gob.ar\/wp-content\/uploads\/2024\/10\/BACHEO-3-1024x576.jpg\" alt=\"\" class=\"wp-image-3004\" srcset=\"https:\/\/prensa.sma.gob.ar\/wp-content\/uploads\/2024\/10\/BACHEO-3-1024x576.jpg 1024w, https:\/\/prensa.sma.gob.ar\/wp-content\/uploads\/2024\/10\/BACHEO-3-300x169.jpg 300w, https:\/\/prensa.sma.gob.ar\/wp-content\/uploads\/2024\/10\/BACHEO-3-768x432.jpg 768w, https:\/\/prensa.sma.gob.ar\/wp-content\/uploads\/2024\/10\/BACHEO-3-1536x864.jpg 1536w, https:\/\/prensa.sma.gob.ar\/wp-content\/uploads\/2024\/10\/BACHEO-3-747x420.jpg 747w, https:\/\/prensa.sma.gob.ar\/wp-content\/uploads\/2024\/10\/BACHEO-3-696x392.jpg 696w, https:\/\/prensa.sma.gob.ar\/wp-content\/uploads\/2024\/10\/BACHEO-3-1068x601.jpg 1068w, https:\/\/prensa.sma.gob.ar\/wp-content\/uploads\/2024\/10\/BACHEO-3.jpg 1600w\" sizes=\"auto, (max-width: 1024px) 100vw, 1024px\" \/><\/figure>\n\n\n\n<p>BARRIDO, LIMPIEZA Y PINTURA<\/p>\n\n\n\n<p>M\u00e1s all\u00e1 de la Ruta Alternativa, Dur\u00e1n inform\u00f3 otros trabajos que est\u00e1 realizando el \u00e1rea de Servicios P\u00fablicos: \u201cestamos haciendo distintos operativos de barrido y limpieza en zona centro y en barrios; estamos trabajando con microbasurales con tres camiones y tres minicaradoras distribuidos en tres zonas de la ciudad; tambi\u00e9n se est\u00e1 haciendo limpieza de ramas y trabajos de desmalezado en ruta 40, adem\u00e1s de lo habitual de mantenimiento y reparaci\u00f3n de calles en los barrios\u201d.<\/p>\n\n\n\n\n\n<p>Tambi\u00e9n inform\u00f3 que avanza el plan de pintura de sendas peatonales en el centro y en las zonas de los colegios y que, despu\u00e9s de repintar lomos de burro en el San Pablo, se avanzar\u00e1 sobre los que est\u00e1n ubicados en Avenida Koessler.<\/p>\n\n\n\n<p>HORAS NOCTURAS Y HORAS EXTRAS<\/p>\n\n\n\n<p>Aclar\u00f3 que \u201clos trabajos son en horas nocturnas, primero para la seguridad del personal en calles y avenidas con mucha circulaci\u00f3n, y luego para trabajar m\u00e1s r\u00e1pido\u201d. Ratific\u00f3 que \u201ctodo lo que es bacheo con asfalto en fr\u00edo tratamos de hacerlo en horarios nocturnos\u201d.<\/p>\n\n\n\n<p>Sobre este mismo tema, se\u00f1al\u00f3 que \u201cno todos los trabajos fuera de horario convencional implican horas extras, porque hay personal con horarios rotativos y con horarios nocturnos, adem\u00e1s de otros operarios que van alternando sus horarios de trabajo\u201d.<\/p>\n\n\n\n<p>MANTENIMIENTO DE CALLES<\/p>\n\n\n\n<p>Dur\u00e1n inform\u00f3 que \u201cel intendente autoriz\u00f3 la licitaci\u00f3n de 4.500 m3 de piedras para relleno de calles\u201d y se\u00f1al\u00f3 que \u201cen invierno se trabaj\u00f3 con material grande y ahora haremos, desde ac\u00e1 hasta marzo, la compactaci\u00f3n con piedra m\u00e1s chica\u201d.<\/p>\n\n\n\n<figure class=\"wp-block-image size-large\"><img loading=\"lazy\" decoding=\"async\" width=\"1024\" height=\"639\" src=\"https:\/\/prensa.sma.gob.ar\/wp-content\/uploads\/2024\/10\/BACHEO-4-1024x639.jpg\" alt=\"\" class=\"wp-image-3005\" srcset=\"https:\/\/prensa.sma.gob.ar\/wp-content\/uploads\/2024\/10\/BACHEO-4-1024x639.jpg 1024w, https:\/\/prensa.sma.gob.ar\/wp-content\/uploads\/2024\/10\/BACHEO-4-300x187.jpg 300w, https:\/\/prensa.sma.gob.ar\/wp-content\/uploads\/2024\/10\/BACHEO-4-768x480.jpg 768w, https:\/\/prensa.sma.gob.ar\/wp-content\/uploads\/2024\/10\/BACHEO-4-1536x959.jpg 1536w, https:\/\/prensa.sma.gob.ar\/wp-content\/uploads\/2024\/10\/BACHEO-4-673x420.jpg 673w, https:\/\/prensa.sma.gob.ar\/wp-content\/uploads\/2024\/10\/BACHEO-4-696x435.jpg 696w, https:\/\/prensa.sma.gob.ar\/wp-content\/uploads\/2024\/10\/BACHEO-4-1068x667.jpg 1068w, https:\/\/prensa.sma.gob.ar\/wp-content\/uploads\/2024\/10\/BACHEO-4.jpg 1600w\" sizes=\"auto, (max-width: 1024px) 100vw, 1024px\" \/><\/figure>\n\n\n\n<p>Tambi\u00e9n adelant\u00f3 que se reactivar\u00e1n las obras en la Plaza Centenario, ya que \u201cel intendente Saloniti convers\u00f3 con gente de Provincia y vamos a avanzar\u201d.<\/p>\n\n\n\n<p>El secretario de Servicios P\u00fablicos explic\u00f3 que las demoras que se registran en la recolecci\u00f3n de residuos obedecen a un desperfecto mec\u00e1nico de uno de los camiones. \u201cTenemos algunas demoras porque hay un cami\u00f3n roto y otro en condiciones precarias. Hasta que se repare la unidad, estamos cubriendo el servicio con algunas demoras\u201d, se\u00f1al\u00f3.<\/p>\n\n\n\n<p>\u201cNo vamos a dejar de pasar a recoger, pero estamos con demoras en la prestaci\u00f3n del servicio\u201d, se\u00f1al\u00f3 Dur\u00e1n, en declaraciones a Radio Municipal.<\/p>\n\n\n\n<p>Finalmente, Dur\u00e1n agradeci\u00f3 a las vecinas y los vecinos \u201cpor la paciencia, porque el invierno fue duro, tuvimos problemas para atender todo y ahora que mejor\u00f3 el clima, estamos en la calle trabajando\u201d.<\/p>\n\n\n\n<figure class=\"wp-block-image size-large\"><img loading=\"lazy\" decoding=\"async\" width=\"576\" height=\"1024\" src=\"https:\/\/prensa.sma.gob.ar\/wp-content\/uploads\/2024\/10\/BACHEO-5-576x1024.jpg\" alt=\"\" class=\"wp-image-3006\" srcset=\"https:\/\/prensa.sma.gob.ar\/wp-content\/uploads\/2024\/10\/BACHEO-5-576x1024.jpg 576w, https:\/\/prensa.sma.gob.ar\/wp-content\/uploads\/2024\/10\/BACHEO-5-169x300.jpg 169w, https:\/\/prensa.sma.gob.ar\/wp-content\/uploads\/2024\/10\/BACHEO-5-768x1365.jpg 768w, https:\/\/prensa.sma.gob.ar\/wp-content\/uploads\/2024\/10\/BACHEO-5-864x1536.jpg 864w, https:\/\/prensa.sma.gob.ar\/wp-content\/uploads\/2024\/10\/BACHEO-5-236x420.jpg 236w, https:\/\/prensa.sma.gob.ar\/wp-content\/uploads\/2024\/10\/BACHEO-5-696x1237.jpg 696w, https:\/\/prensa.sma.gob.ar\/wp-content\/uploads\/2024\/10\/BACHEO-5.jpg 900w\" sizes=\"auto, (max-width: 576px) 100vw, 576px\" \/><\/figure>\n\n\n\n<p><\/p>\n","protected":false},"excerpt":{"rendered":"<p>El secretario de Servicios P\u00fablicos, a cargo de Obras P\u00fablicas, H\u00e9ctor Dur\u00e1n, inform\u00f3 que el personal trabaja en doble turno en la Ruta Alternativa Norte para terminar cuanto antes los trabajos de bacheo con hormig\u00f3n y reiter\u00f3 que el lunes debiera estar rehabilitada al tr\u00e1nsito. Dur\u00e1n tambi\u00e9n adelant\u00f3 que, luego de los trabajos en la [&hellip;]<\/p>\n","protected":false},"author":1,"featured_media":3001,"comment_status":"closed","ping_status":"open","sticky":false,"template":"","format":"standard","meta":{"footnotes":""},"categories":[16,14,19,17],"tags":[],"class_list":{"0":"post-3000","1":"post","2":"type-post","3":"status-publish","4":"format-standard","5":"has-post-thumbnail","7":"category-destacadas","8":"category-noticias","9":"category-obras-y-servicios-publicos","10":"category-portada"},"_links":{"self":[{"href":"https:\/\/prensa.sma.gob.ar\/index.php?rest_route=\/wp\/v2\/posts\/3000","targetHints":{"allow":["GET"]}}],"collection":[{"href":"https:\/\/prensa.sma.gob.ar\/index.php?rest_route=\/wp\/v2\/posts"}],"about":[{"href":"https:\/\/prensa.sma.gob.ar\/index.php?rest_route=\/wp\/v2\/types\/post"}],"author":[{"embeddable":true,"href":"https:\/\/prensa.sma.gob.ar\/index.php?rest_route=\/wp\/v2\/users\/1"}],"replies":[{"embeddable":true,"href":"https:\/\/prensa.sma.gob.ar\/index.php?rest_route=%2Fwp%2Fv2%2Fcomments&post=3000"}],"version-history":[{"count":1,"href":"https:\/\/prensa.sma.gob.ar\/index.php?rest_route=\/wp\/v2\/posts\/3000\/revisions"}],"predecessor-version":[{"id":3008,"href":"https:\/\/prensa.sma.gob.ar\/index.php?rest_route=\/wp\/v2\/posts\/3000\/revisions\/3008"}],"wp:featuredmedia":[{"embeddable":true,"href":"https:\/\/prensa.sma.gob.ar\/index.php?rest_route=\/wp\/v2\/media\/3001"}],"wp:attachment":[{"href":"https:\/\/prensa.sma.gob.ar\/index.php?rest_route=%2Fwp%2Fv2%2Fmedia&parent=3000"}],"wp:term":[{"taxonomy":"category","embeddable":true,"href":"https:\/\/prensa.sma.gob.ar\/index.php?rest_route=%2Fwp%2Fv2%2Fcategories&post=3000"},{"taxonomy":"post_tag","embeddable":true,"href":"https:\/\/prensa.sma.gob.ar\/index.php?rest_route=%2Fwp%2Fv2%2Ftags&post=3000"}],"curies":[{"name":"wp","href":"https:\/\/api.w.org\/{rel}","templated":true}]}}