{"id":3064,"date":"2024-10-17T12:57:13","date_gmt":"2024-10-17T12:57:13","guid":{"rendered":"https:\/\/prensa.sma.gob.ar\/?p=3064"},"modified":"2024-10-17T12:57:15","modified_gmt":"2024-10-17T12:57:15","slug":"el-gobernador-figueroa-le-confirmo-al-intendente-saloniti-que-neuquen-logro-los-fondos-para-la-ruta-a-lolog","status":"publish","type":"post","link":"https:\/\/prensa.sma.gob.ar\/?p=3064","title":{"rendered":"El gobernador Figueroa le confirm\u00f3 al intendente Saloniti que Neuqu\u00e9n logr\u00f3 los fondos para la ruta a Lolog"},"content":{"rendered":"\n<p>El gobernador de Neuqu\u00e9n, Rolando Figueroa, le inform\u00f3 al intendente de San Mart\u00edn de los Andes, Carlos Saloniti, que resultaron exitosas las gestiones internacionales para conseguir los fondos que financiar\u00e1n la pavimentaci\u00f3n de la ruta a Lolog.<\/p>\n\n\n\n<p>El mandatario provincial se comunic\u00f3 telef\u00f3nicamente con el jefe comunal desde Espa\u00f1a para confirmar que uno de los logros de su visita oficial a Madrid y a Londres es el financiamiento de la obra de algo m\u00e1s de cinco kil\u00f3metros de la Ruta provincial 62.<\/p>\n\n\n\n<p>Figuera y Saloniti coincidieron en que esta obra es la soluci\u00f3n a una doble necesidad, tanto tur\u00edstica como del desarrollo urbano.<\/p>\n\n\n\n<p>El tramo de cinco kil\u00f3metros de la ruta 62 es uno de los caminos tur\u00edsticos m\u00e1s destacados y conecta a San Mart\u00edn de los Andes con el Lago Lolog.<\/p>\n\n\n\n<p>A valores de agosto pasado, esta obra tendr\u00e1 un presupuesto oficial de 7.434.498.334 pesos, con un plazo de ejecuci\u00f3n de 12 meses.<\/p>\n\n\n\n<p>El acto de licitaci\u00f3n se realizar\u00e1 en Casa de Gobierno el jueves 24 de octubre a las 13 y ser\u00e1 transmitido en vivo.<\/p>\n\n\n\n<p>La licitaci\u00f3n ya hab\u00eda sido anunciada por el gobernador Figueroa durante una visita que realiz\u00f3 a Lolog en julio pasado junto al intendente Saloniti.<\/p>\n\n\n\n<p>En ese momento, el mandatario provincial explic\u00f3 que \u201cvenimos trabajando en el plan estrat\u00e9gico de desarrollo de San Mart\u00edn de los Andes, que considera importante pavimentar tanto la ruta a Lolog como mejorar el tr\u00e1nsito de otros lugares\u00bb.<\/p>\n","protected":false},"excerpt":{"rendered":"<p>El gobernador de Neuqu\u00e9n, Rolando Figueroa, le inform\u00f3 al intendente de San Mart\u00edn de los Andes, Carlos Saloniti, que resultaron exitosas las gestiones internacionales para conseguir los fondos que financiar\u00e1n la pavimentaci\u00f3n de la ruta a Lolog. El mandatario provincial se comunic\u00f3 telef\u00f3nicamente con el jefe comunal desde Espa\u00f1a para confirmar que uno de los [&hellip;]<\/p>\n","protected":false},"author":2,"featured_media":3065,"comment_status":"closed","ping_status":"open","sticky":false,"template":"","format":"standard","meta":{"footnotes":""},"categories":[16,14,19,17],"tags":[],"class_list":{"0":"post-3064","1":"post","2":"type-post","3":"status-publish","4":"format-standard","5":"has-post-thumbnail","7":"category-destacadas","8":"category-noticias","9":"category-obras-y-servicios-publicos","10":"category-portada"},"_links":{"self":[{"href":"https:\/\/prensa.sma.gob.ar\/index.php?rest_route=\/wp\/v2\/posts\/3064","targetHints":{"allow":["GET"]}}],"collection":[{"href":"https:\/\/prensa.sma.gob.ar\/index.php?rest_route=\/wp\/v2\/posts"}],"about":[{"href":"https:\/\/prensa.sma.gob.ar\/index.php?rest_route=\/wp\/v2\/types\/post"}],"author":[{"embeddable":true,"href":"https:\/\/prensa.sma.gob.ar\/index.php?rest_route=\/wp\/v2\/users\/2"}],"replies":[{"embeddable":true,"href":"https:\/\/prensa.sma.gob.ar\/index.php?rest_route=%2Fwp%2Fv2%2Fcomments&post=3064"}],"version-history":[{"count":1,"href":"https:\/\/prensa.sma.gob.ar\/index.php?rest_route=\/wp\/v2\/posts\/3064\/revisions"}],"predecessor-version":[{"id":3066,"href":"https:\/\/prensa.sma.gob.ar\/index.php?rest_route=\/wp\/v2\/posts\/3064\/revisions\/3066"}],"wp:featuredmedia":[{"embeddable":true,"href":"https:\/\/prensa.sma.gob.ar\/index.php?rest_route=\/wp\/v2\/media\/3065"}],"wp:attachment":[{"href":"https:\/\/prensa.sma.gob.ar\/index.php?rest_route=%2Fwp%2Fv2%2Fmedia&parent=3064"}],"wp:term":[{"taxonomy":"category","embeddable":true,"href":"https:\/\/prensa.sma.gob.ar\/index.php?rest_route=%2Fwp%2Fv2%2Fcategories&post=3064"},{"taxonomy":"post_tag","embeddable":true,"href":"https:\/\/prensa.sma.gob.ar\/index.php?rest_route=%2Fwp%2Fv2%2Ftags&post=3064"}],"curies":[{"name":"wp","href":"https:\/\/api.w.org\/{rel}","templated":true}]}}