{"id":3067,"date":"2024-10-17T14:03:01","date_gmt":"2024-10-17T14:03:01","guid":{"rendered":"https:\/\/prensa.sma.gob.ar\/?p=3067"},"modified":"2024-10-17T14:06:21","modified_gmt":"2024-10-17T14:06:21","slug":"este-domingo-se-realizaran-las-elecciones-en-valle-de-chapelco","status":"publish","type":"post","link":"https:\/\/prensa.sma.gob.ar\/?p=3067","title":{"rendered":"Este domingo se realizar\u00e1n las Elecciones en Valle de Chapelco"},"content":{"rendered":"\n<p>La Subsecretar\u00eda de Juntas Vecinales recuerda que el pr\u00f3ximo domingo 20 de octubre se realizar\u00e1n las elecciones en el barrio Valle de Chapelco, Zona VI de Cordones del Chapelco. Ser\u00e1 de 9.30 a 12.30 hs, en la vivienda de la vecina Teresa, ubicada en calle Los Tordillos y Cuarto de Milla.<\/p>\n\n\n\n<figure class=\"wp-block-image size-full\"><img loading=\"lazy\" decoding=\"async\" width=\"941\" height=\"681\" src=\"https:\/\/prensa.sma.gob.ar\/wp-content\/uploads\/2024\/10\/VALLES-DEL-CHAPELCO.jpg\" alt=\"\" class=\"wp-image-3069\" srcset=\"https:\/\/prensa.sma.gob.ar\/wp-content\/uploads\/2024\/10\/VALLES-DEL-CHAPELCO.jpg 941w, https:\/\/prensa.sma.gob.ar\/wp-content\/uploads\/2024\/10\/VALLES-DEL-CHAPELCO-300x217.jpg 300w, https:\/\/prensa.sma.gob.ar\/wp-content\/uploads\/2024\/10\/VALLES-DEL-CHAPELCO-768x556.jpg 768w, https:\/\/prensa.sma.gob.ar\/wp-content\/uploads\/2024\/10\/VALLES-DEL-CHAPELCO-580x420.jpg 580w, https:\/\/prensa.sma.gob.ar\/wp-content\/uploads\/2024\/10\/VALLES-DEL-CHAPELCO-696x504.jpg 696w\" sizes=\"auto, (max-width: 941px) 100vw, 941px\" \/><\/figure>\n\n\n\n<p>La lista de personas que se postulan est\u00e1 integrada por: Guillermo Moreno, Mar\u00eda Teresa Devita, Lucas Rueda, Sergio Gonz\u00e1lez, Julia Villarelle Gonz\u00e1lez y Mario Hansen.<\/p>\n\n\n\n<p>A continuaci\u00f3n, compartimos las propuestas \/objetivos del grupo de vecinos y vecinas que esperan conformar la primera comisi\u00f3n vecinal del barrio:<\/p>\n\n\n\n<p>Carteler\u00eda de las calles<\/p>\n\n\n\n<p>Sistema h\u00eddrico<\/p>\n\n\n\n<p>Forestaci\u00f3n veredas<\/p>\n\n\n\n<p>Desarrollo de plazas y espacios p\u00fablicos<\/p>\n\n\n\n<p>Gesti\u00f3n de red de gas<\/p>\n\n\n\n<p>Juntas Vecinales record\u00f3 tambi\u00e9n que, para participar, es fundamental presentarse con DNI.<\/p>\n","protected":false},"excerpt":{"rendered":"<p>La Subsecretar\u00eda de Juntas Vecinales recuerda que el pr\u00f3ximo domingo 20 de octubre se realizar\u00e1n las elecciones en el barrio Valle de Chapelco, Zona VI de Cordones del Chapelco. Ser\u00e1 de 9.30 a 12.30 hs, en la vivienda de la vecina Teresa, ubicada en calle Los Tordillos y Cuarto de Milla. La lista de personas [&hellip;]<\/p>\n","protected":false},"author":1,"featured_media":1195,"comment_status":"closed","ping_status":"open","sticky":false,"template":"","format":"standard","meta":{"footnotes":""},"categories":[39,14],"tags":[],"class_list":{"0":"post-3067","1":"post","2":"type-post","3":"status-publish","4":"format-standard","5":"has-post-thumbnail","7":"category-subs-juntas-vecinales","8":"category-noticias"},"_links":{"self":[{"href":"https:\/\/prensa.sma.gob.ar\/index.php?rest_route=\/wp\/v2\/posts\/3067","targetHints":{"allow":["GET"]}}],"collection":[{"href":"https:\/\/prensa.sma.gob.ar\/index.php?rest_route=\/wp\/v2\/posts"}],"about":[{"href":"https:\/\/prensa.sma.gob.ar\/index.php?rest_route=\/wp\/v2\/types\/post"}],"author":[{"embeddable":true,"href":"https:\/\/prensa.sma.gob.ar\/index.php?rest_route=\/wp\/v2\/users\/1"}],"replies":[{"embeddable":true,"href":"https:\/\/prensa.sma.gob.ar\/index.php?rest_route=%2Fwp%2Fv2%2Fcomments&post=3067"}],"version-history":[{"count":2,"href":"https:\/\/prensa.sma.gob.ar\/index.php?rest_route=\/wp\/v2\/posts\/3067\/revisions"}],"predecessor-version":[{"id":3070,"href":"https:\/\/prensa.sma.gob.ar\/index.php?rest_route=\/wp\/v2\/posts\/3067\/revisions\/3070"}],"wp:featuredmedia":[{"embeddable":true,"href":"https:\/\/prensa.sma.gob.ar\/index.php?rest_route=\/wp\/v2\/media\/1195"}],"wp:attachment":[{"href":"https:\/\/prensa.sma.gob.ar\/index.php?rest_route=%2Fwp%2Fv2%2Fmedia&parent=3067"}],"wp:term":[{"taxonomy":"category","embeddable":true,"href":"https:\/\/prensa.sma.gob.ar\/index.php?rest_route=%2Fwp%2Fv2%2Fcategories&post=3067"},{"taxonomy":"post_tag","embeddable":true,"href":"https:\/\/prensa.sma.gob.ar\/index.php?rest_route=%2Fwp%2Fv2%2Ftags&post=3067"}],"curies":[{"name":"wp","href":"https:\/\/api.w.org\/{rel}","templated":true}]}}