{"id":3072,"date":"2024-10-21T15:28:29","date_gmt":"2024-10-21T15:28:29","guid":{"rendered":"https:\/\/prensa.sma.gob.ar\/?p=3072"},"modified":"2024-10-21T15:28:31","modified_gmt":"2024-10-21T15:28:31","slug":"luego-del-bacheo-se-rehabilito-la-circulacion-por-la-ruta-alternativa-norte","status":"publish","type":"post","link":"https:\/\/prensa.sma.gob.ar\/?p=3072","title":{"rendered":"Luego del bacheo, se rehabilit\u00f3 la circulaci\u00f3n por la Ruta Alternativa Norte"},"content":{"rendered":"\n<p>Este lunes qued\u00f3 rehabilitada al tr\u00e1nsito la Ruta Alternativa Norte entre la rotonda del Regimiento y la rotonda del Hospital. Los trabajos de bacheo demandaron una semana, incluyendo la reparaci\u00f3n de tramos con hormig\u00f3n y otros sectores con cemento en fr\u00edo.<\/p>\n\n\n\n<p>El secretario de Servicios P\u00fablicos, a cargo de Obras P\u00fablicas, H\u00e9ctor Dur\u00e1n, inform\u00f3 que el personal trabaj\u00f3 en doble turno para terminar cuanto antes los trabajos encarados.<\/p>\n\n\n\n<p>Dur\u00e1n record\u00f3 que \u201cse decidi\u00f3 cortar totalmente la Ruta Alternativa para hacer una reparaci\u00f3n completa, con hormig\u00f3n, y evitar seguir emparchando de a tramos\u201d.<\/p>\n\n\n\n<p>Tambi\u00e9n confirm\u00f3 que este lunes comenzaron los movimientos de suelo y los trabajos en cord\u00f3n cuneta del tramo de Avenida Los Lagos pendiente de pavimentaci\u00f3n, en Cordones del Chapelco.<\/p>\n","protected":false},"excerpt":{"rendered":"<p>Este lunes qued\u00f3 rehabilitada al tr\u00e1nsito la Ruta Alternativa Norte entre la rotonda del Regimiento y la rotonda del Hospital. Los trabajos de bacheo demandaron una semana, incluyendo la reparaci\u00f3n de tramos con hormig\u00f3n y otros sectores con cemento en fr\u00edo. El secretario de Servicios P\u00fablicos, a cargo de Obras P\u00fablicas, H\u00e9ctor Dur\u00e1n, inform\u00f3 que [&hellip;]<\/p>\n","protected":false},"author":1,"featured_media":3073,"comment_status":"closed","ping_status":"open","sticky":false,"template":"","format":"standard","meta":{"footnotes":""},"categories":[16,14,19,17],"tags":[],"class_list":{"0":"post-3072","1":"post","2":"type-post","3":"status-publish","4":"format-standard","5":"has-post-thumbnail","7":"category-destacadas","8":"category-noticias","9":"category-obras-y-servicios-publicos","10":"category-portada"},"_links":{"self":[{"href":"https:\/\/prensa.sma.gob.ar\/index.php?rest_route=\/wp\/v2\/posts\/3072","targetHints":{"allow":["GET"]}}],"collection":[{"href":"https:\/\/prensa.sma.gob.ar\/index.php?rest_route=\/wp\/v2\/posts"}],"about":[{"href":"https:\/\/prensa.sma.gob.ar\/index.php?rest_route=\/wp\/v2\/types\/post"}],"author":[{"embeddable":true,"href":"https:\/\/prensa.sma.gob.ar\/index.php?rest_route=\/wp\/v2\/users\/1"}],"replies":[{"embeddable":true,"href":"https:\/\/prensa.sma.gob.ar\/index.php?rest_route=%2Fwp%2Fv2%2Fcomments&post=3072"}],"version-history":[{"count":1,"href":"https:\/\/prensa.sma.gob.ar\/index.php?rest_route=\/wp\/v2\/posts\/3072\/revisions"}],"predecessor-version":[{"id":3074,"href":"https:\/\/prensa.sma.gob.ar\/index.php?rest_route=\/wp\/v2\/posts\/3072\/revisions\/3074"}],"wp:featuredmedia":[{"embeddable":true,"href":"https:\/\/prensa.sma.gob.ar\/index.php?rest_route=\/wp\/v2\/media\/3073"}],"wp:attachment":[{"href":"https:\/\/prensa.sma.gob.ar\/index.php?rest_route=%2Fwp%2Fv2%2Fmedia&parent=3072"}],"wp:term":[{"taxonomy":"category","embeddable":true,"href":"https:\/\/prensa.sma.gob.ar\/index.php?rest_route=%2Fwp%2Fv2%2Fcategories&post=3072"},{"taxonomy":"post_tag","embeddable":true,"href":"https:\/\/prensa.sma.gob.ar\/index.php?rest_route=%2Fwp%2Fv2%2Ftags&post=3072"}],"curies":[{"name":"wp","href":"https:\/\/api.w.org\/{rel}","templated":true}]}}