{"id":3076,"date":"2024-10-21T16:05:24","date_gmt":"2024-10-21T16:05:24","guid":{"rendered":"https:\/\/prensa.sma.gob.ar\/?p=3076"},"modified":"2024-10-21T16:05:26","modified_gmt":"2024-10-21T16:05:26","slug":"con-un-homenaje-a-tres-bibliotecarias-historicas-finalizo-la-feria-del-libro","status":"publish","type":"post","link":"https:\/\/prensa.sma.gob.ar\/?p=3076","title":{"rendered":"Con un homenaje a tres bibliotecarias hist\u00f3ricas finaliz\u00f3 la feria del libro"},"content":{"rendered":"\n<p>En el cierre de los ocho d\u00edas de la 18\u00b0 edici\u00f3n, la comisi\u00f3n organizadora homenaje\u00f3 a Maclovia Torres, Raquel Lagos y Adelaida Vidal, durante un acto que reuni\u00f3 a decenas de vecinas y vecinos que colmaron la sala Lidaura Chapitel.<\/p>\n\n\n\n<p>Maclovia Torres y Adelaida Vidal trabajaron en la Biblioteca Popular 9 de Julio mientras que Raquel Lagos fue bibliotecaria y fundadora de la biblioteca popular cuatro de febrero.<\/p>\n\n\n\n<figure class=\"wp-block-image size-large\"><img loading=\"lazy\" decoding=\"async\" width=\"1024\" height=\"683\" src=\"https:\/\/prensa.sma.gob.ar\/wp-content\/uploads\/2024\/10\/WhatsApp-Image-2024-10-21-at-12.26.37-1024x683.jpeg\" alt=\"\" class=\"wp-image-3078\" srcset=\"https:\/\/prensa.sma.gob.ar\/wp-content\/uploads\/2024\/10\/WhatsApp-Image-2024-10-21-at-12.26.37-1024x683.jpeg 1024w, https:\/\/prensa.sma.gob.ar\/wp-content\/uploads\/2024\/10\/WhatsApp-Image-2024-10-21-at-12.26.37-300x200.jpeg 300w, https:\/\/prensa.sma.gob.ar\/wp-content\/uploads\/2024\/10\/WhatsApp-Image-2024-10-21-at-12.26.37-768x512.jpeg 768w, https:\/\/prensa.sma.gob.ar\/wp-content\/uploads\/2024\/10\/WhatsApp-Image-2024-10-21-at-12.26.37-630x420.jpeg 630w, https:\/\/prensa.sma.gob.ar\/wp-content\/uploads\/2024\/10\/WhatsApp-Image-2024-10-21-at-12.26.37-696x464.jpeg 696w, https:\/\/prensa.sma.gob.ar\/wp-content\/uploads\/2024\/10\/WhatsApp-Image-2024-10-21-at-12.26.37-1068x712.jpeg 1068w, https:\/\/prensa.sma.gob.ar\/wp-content\/uploads\/2024\/10\/WhatsApp-Image-2024-10-21-at-12.26.37.jpeg 1080w\" sizes=\"auto, (max-width: 1024px) 100vw, 1024px\" \/><\/figure>\n\n\n\n<p>Luego de reflexionar sobre su paso por estas instituciones, las homenajeadas respondieron preguntas y escucharon reflexiones de vecinas y vecinos que destacaron su trabajo, su trayectoria, su especial cuidado por los libros y el fomento de la lectura.<\/p>\n\n\n\n<figure class=\"wp-block-image size-large\"><img loading=\"lazy\" decoding=\"async\" width=\"1024\" height=\"683\" src=\"https:\/\/prensa.sma.gob.ar\/wp-content\/uploads\/2024\/10\/WhatsApp-Image-2024-10-21-at-12.26.38-1024x683.jpeg\" alt=\"\" class=\"wp-image-3079\" srcset=\"https:\/\/prensa.sma.gob.ar\/wp-content\/uploads\/2024\/10\/WhatsApp-Image-2024-10-21-at-12.26.38-1024x683.jpeg 1024w, https:\/\/prensa.sma.gob.ar\/wp-content\/uploads\/2024\/10\/WhatsApp-Image-2024-10-21-at-12.26.38-300x200.jpeg 300w, https:\/\/prensa.sma.gob.ar\/wp-content\/uploads\/2024\/10\/WhatsApp-Image-2024-10-21-at-12.26.38-768x512.jpeg 768w, https:\/\/prensa.sma.gob.ar\/wp-content\/uploads\/2024\/10\/WhatsApp-Image-2024-10-21-at-12.26.38-630x420.jpeg 630w, https:\/\/prensa.sma.gob.ar\/wp-content\/uploads\/2024\/10\/WhatsApp-Image-2024-10-21-at-12.26.38-696x464.jpeg 696w, https:\/\/prensa.sma.gob.ar\/wp-content\/uploads\/2024\/10\/WhatsApp-Image-2024-10-21-at-12.26.38-1068x712.jpeg 1068w, https:\/\/prensa.sma.gob.ar\/wp-content\/uploads\/2024\/10\/WhatsApp-Image-2024-10-21-at-12.26.38.jpeg 1080w\" sizes=\"auto, (max-width: 1024px) 100vw, 1024px\" \/><\/figure>\n\n\n\n<p>La Feria Regional del Libro de este a\u00f1o cont\u00f3 con m\u00e1s de cien actividades que se distribuyeron entre la Sala Chapitel, el teatro San Jos\u00e9, bibliotecas populares y otras instituciones, mientras que la globa sobre calle Drury alberg\u00f3 25 stands de exposici\u00f3n y venta.<\/p>\n","protected":false},"excerpt":{"rendered":"<p>En el cierre de los ocho d\u00edas de la 18\u00b0 edici\u00f3n, la comisi\u00f3n organizadora homenaje\u00f3 a Maclovia Torres, Raquel Lagos y Adelaida Vidal, durante un acto que reuni\u00f3 a decenas de vecinas y vecinos que colmaron la sala Lidaura Chapitel. Maclovia Torres y Adelaida Vidal trabajaron en la Biblioteca Popular 9 de Julio mientras que [&hellip;]<\/p>\n","protected":false},"author":1,"featured_media":3077,"comment_status":"closed","ping_status":"open","sticky":false,"template":"","format":"standard","meta":{"footnotes":""},"categories":[5,14,17],"tags":[],"class_list":{"0":"post-3076","1":"post","2":"type-post","3":"status-publish","4":"format-standard","5":"has-post-thumbnail","7":"category-cultura","8":"category-noticias","9":"category-portada"},"_links":{"self":[{"href":"https:\/\/prensa.sma.gob.ar\/index.php?rest_route=\/wp\/v2\/posts\/3076","targetHints":{"allow":["GET"]}}],"collection":[{"href":"https:\/\/prensa.sma.gob.ar\/index.php?rest_route=\/wp\/v2\/posts"}],"about":[{"href":"https:\/\/prensa.sma.gob.ar\/index.php?rest_route=\/wp\/v2\/types\/post"}],"author":[{"embeddable":true,"href":"https:\/\/prensa.sma.gob.ar\/index.php?rest_route=\/wp\/v2\/users\/1"}],"replies":[{"embeddable":true,"href":"https:\/\/prensa.sma.gob.ar\/index.php?rest_route=%2Fwp%2Fv2%2Fcomments&post=3076"}],"version-history":[{"count":1,"href":"https:\/\/prensa.sma.gob.ar\/index.php?rest_route=\/wp\/v2\/posts\/3076\/revisions"}],"predecessor-version":[{"id":3080,"href":"https:\/\/prensa.sma.gob.ar\/index.php?rest_route=\/wp\/v2\/posts\/3076\/revisions\/3080"}],"wp:featuredmedia":[{"embeddable":true,"href":"https:\/\/prensa.sma.gob.ar\/index.php?rest_route=\/wp\/v2\/media\/3077"}],"wp:attachment":[{"href":"https:\/\/prensa.sma.gob.ar\/index.php?rest_route=%2Fwp%2Fv2%2Fmedia&parent=3076"}],"wp:term":[{"taxonomy":"category","embeddable":true,"href":"https:\/\/prensa.sma.gob.ar\/index.php?rest_route=%2Fwp%2Fv2%2Fcategories&post=3076"},{"taxonomy":"post_tag","embeddable":true,"href":"https:\/\/prensa.sma.gob.ar\/index.php?rest_route=%2Fwp%2Fv2%2Ftags&post=3076"}],"curies":[{"name":"wp","href":"https:\/\/api.w.org\/{rel}","templated":true}]}}