{"id":3081,"date":"2024-10-21T16:10:06","date_gmt":"2024-10-21T16:10:06","guid":{"rendered":"https:\/\/prensa.sma.gob.ar\/?p=3081"},"modified":"2024-10-21T16:13:10","modified_gmt":"2024-10-21T16:13:10","slug":"valle-de-chapelco-ya-tiene-su-primera-comision-vecinal","status":"publish","type":"post","link":"https:\/\/prensa.sma.gob.ar\/?p=3081","title":{"rendered":"Valle de Chapelco ya tiene su primera comisi\u00f3n vecinal"},"content":{"rendered":"\n<p>Las elecciones de este domingo, con una alta participaci\u00f3n de vecinas y vecinos, permitieron conformar la primera comisi\u00f3n directiva de Valle de Chapelco, que conforma la zona VI en que est\u00e1 dividida Cordones del Chapelco.<\/p>\n\n\n\n<p>Como estaba dispuesto por la Junta Electoral, la elecci\u00f3n se realiz\u00f3 entre las 9.30 y hasta las 12.30, en la vivienda de la vecina Teresa, a la que concurri\u00f3 el 58% del padr\u00f3n vecinal.<\/p>\n\n\n\n<p>La flamante Comisi\u00f3n Directiva est\u00e1 conformada por Guillermo Moreno, Mar\u00eda Teresa Devita, Lucas Rueda, Sergio Gonz\u00e1lez, Julia Villarelle Gonz\u00e1lez y Mario Hansen.<\/p>\n\n\n\n<p>El acto estuvo presidido por la subsecretaria de Juntas Vecinales, Irina Allegri; fue fiscalizado por Ailen Fern\u00e1ndez, de Valle de Chapelco; Laura Baroni y Mar\u00eda Jos\u00e9 Fabro, por el Consejo de Juntas Vecinales. La fiscalizaci\u00f3n general, la coordinaci\u00f3n y log\u00edstica estuvo a cargo de Lorena Gonz\u00e1lez, jefa del \u00e1rea de Juntas Vecinales.<\/p>\n\n\n\n<p>La Subsecretar\u00eda de Juntas Vecinales inform\u00f3 que esta es la tercera Comisi\u00f3n Directiva que se activa de las siete juntas vecinales que conforman Cordones del Chapelco.<\/p>\n","protected":false},"excerpt":{"rendered":"<p>Las elecciones de este domingo, con una alta participaci\u00f3n de vecinas y vecinos, permitieron conformar la primera comisi\u00f3n directiva de Valle de Chapelco, que conforma la zona VI en que est\u00e1 dividida Cordones del Chapelco. Como estaba dispuesto por la Junta Electoral, la elecci\u00f3n se realiz\u00f3 entre las 9.30 y hasta las 12.30, en la [&hellip;]<\/p>\n","protected":false},"author":1,"featured_media":3082,"comment_status":"closed","ping_status":"open","sticky":false,"template":"","format":"standard","meta":{"footnotes":""},"categories":[16,14],"tags":[],"class_list":{"0":"post-3081","1":"post","2":"type-post","3":"status-publish","4":"format-standard","5":"has-post-thumbnail","7":"category-destacadas","8":"category-noticias"},"_links":{"self":[{"href":"https:\/\/prensa.sma.gob.ar\/index.php?rest_route=\/wp\/v2\/posts\/3081","targetHints":{"allow":["GET"]}}],"collection":[{"href":"https:\/\/prensa.sma.gob.ar\/index.php?rest_route=\/wp\/v2\/posts"}],"about":[{"href":"https:\/\/prensa.sma.gob.ar\/index.php?rest_route=\/wp\/v2\/types\/post"}],"author":[{"embeddable":true,"href":"https:\/\/prensa.sma.gob.ar\/index.php?rest_route=\/wp\/v2\/users\/1"}],"replies":[{"embeddable":true,"href":"https:\/\/prensa.sma.gob.ar\/index.php?rest_route=%2Fwp%2Fv2%2Fcomments&post=3081"}],"version-history":[{"count":1,"href":"https:\/\/prensa.sma.gob.ar\/index.php?rest_route=\/wp\/v2\/posts\/3081\/revisions"}],"predecessor-version":[{"id":3083,"href":"https:\/\/prensa.sma.gob.ar\/index.php?rest_route=\/wp\/v2\/posts\/3081\/revisions\/3083"}],"wp:featuredmedia":[{"embeddable":true,"href":"https:\/\/prensa.sma.gob.ar\/index.php?rest_route=\/wp\/v2\/media\/3082"}],"wp:attachment":[{"href":"https:\/\/prensa.sma.gob.ar\/index.php?rest_route=%2Fwp%2Fv2%2Fmedia&parent=3081"}],"wp:term":[{"taxonomy":"category","embeddable":true,"href":"https:\/\/prensa.sma.gob.ar\/index.php?rest_route=%2Fwp%2Fv2%2Fcategories&post=3081"},{"taxonomy":"post_tag","embeddable":true,"href":"https:\/\/prensa.sma.gob.ar\/index.php?rest_route=%2Fwp%2Fv2%2Ftags&post=3081"}],"curies":[{"name":"wp","href":"https:\/\/api.w.org\/{rel}","templated":true}]}}