{"id":3084,"date":"2024-10-21T16:24:23","date_gmt":"2024-10-21T16:24:23","guid":{"rendered":"https:\/\/prensa.sma.gob.ar\/?p=3084"},"modified":"2024-10-21T16:24:25","modified_gmt":"2024-10-21T16:24:25","slug":"el-vivero-municipal-recibio-una-donacion-de-mas-de-800-plantines-de-lenga","status":"publish","type":"post","link":"https:\/\/prensa.sma.gob.ar\/?p=3084","title":{"rendered":"El vivero municipal recibi\u00f3 una donaci\u00f3n de m\u00e1s de 800 plantines de lenga"},"content":{"rendered":"\n<p>La donaci\u00f3n de 833 plantines para utilizar en reforestaci\u00f3n estuvo a cargo de la empresa Transportes Crexell, junto con la empresa Groomtech, con el objetivo de promover la conciencia ambiental.<\/p>\n\n\n\n<figure class=\"wp-block-image size-large\"><img loading=\"lazy\" decoding=\"async\" width=\"1024\" height=\"771\" src=\"https:\/\/prensa.sma.gob.ar\/wp-content\/uploads\/2024\/10\/VIVERO-LENGAS-CREXELL-1024x771.jpg\" alt=\"\" class=\"wp-image-3087\" srcset=\"https:\/\/prensa.sma.gob.ar\/wp-content\/uploads\/2024\/10\/VIVERO-LENGAS-CREXELL-1024x771.jpg 1024w, https:\/\/prensa.sma.gob.ar\/wp-content\/uploads\/2024\/10\/VIVERO-LENGAS-CREXELL-300x226.jpg 300w, https:\/\/prensa.sma.gob.ar\/wp-content\/uploads\/2024\/10\/VIVERO-LENGAS-CREXELL-768x578.jpg 768w, https:\/\/prensa.sma.gob.ar\/wp-content\/uploads\/2024\/10\/VIVERO-LENGAS-CREXELL-1536x1156.jpg 1536w, https:\/\/prensa.sma.gob.ar\/wp-content\/uploads\/2024\/10\/VIVERO-LENGAS-CREXELL-558x420.jpg 558w, https:\/\/prensa.sma.gob.ar\/wp-content\/uploads\/2024\/10\/VIVERO-LENGAS-CREXELL-80x60.jpg 80w, https:\/\/prensa.sma.gob.ar\/wp-content\/uploads\/2024\/10\/VIVERO-LENGAS-CREXELL-696x524.jpg 696w, https:\/\/prensa.sma.gob.ar\/wp-content\/uploads\/2024\/10\/VIVERO-LENGAS-CREXELL-1068x804.jpg 1068w, https:\/\/prensa.sma.gob.ar\/wp-content\/uploads\/2024\/10\/VIVERO-LENGAS-CREXELL.jpg 1600w\" sizes=\"auto, (max-width: 1024px) 100vw, 1024px\" \/><\/figure>\n\n\n\n<p>Las lengas fueron entregadas por Martina Crexell, vicepresidenta de la empresa, fueron recibidas por personal de la Secretar\u00eda de Servicios P\u00fablicos, encabezado por H\u00e9ctor Dur\u00e1n, y ser\u00e1n preservadas en el vivero municipal de Los Radales hasta que llegue la \u00e9poca de la plantaci\u00f3n.<\/p>\n\n\n\n<figure class=\"wp-block-image size-large\"><img loading=\"lazy\" decoding=\"async\" width=\"1024\" height=\"771\" src=\"https:\/\/prensa.sma.gob.ar\/wp-content\/uploads\/2024\/10\/VIVERO-LENGAS-CREXELL-4-1024x771.jpg\" alt=\"\" class=\"wp-image-3086\" srcset=\"https:\/\/prensa.sma.gob.ar\/wp-content\/uploads\/2024\/10\/VIVERO-LENGAS-CREXELL-4-1024x771.jpg 1024w, https:\/\/prensa.sma.gob.ar\/wp-content\/uploads\/2024\/10\/VIVERO-LENGAS-CREXELL-4-300x226.jpg 300w, https:\/\/prensa.sma.gob.ar\/wp-content\/uploads\/2024\/10\/VIVERO-LENGAS-CREXELL-4-768x578.jpg 768w, https:\/\/prensa.sma.gob.ar\/wp-content\/uploads\/2024\/10\/VIVERO-LENGAS-CREXELL-4-1536x1156.jpg 1536w, https:\/\/prensa.sma.gob.ar\/wp-content\/uploads\/2024\/10\/VIVERO-LENGAS-CREXELL-4-558x420.jpg 558w, https:\/\/prensa.sma.gob.ar\/wp-content\/uploads\/2024\/10\/VIVERO-LENGAS-CREXELL-4-80x60.jpg 80w, https:\/\/prensa.sma.gob.ar\/wp-content\/uploads\/2024\/10\/VIVERO-LENGAS-CREXELL-4-696x524.jpg 696w, https:\/\/prensa.sma.gob.ar\/wp-content\/uploads\/2024\/10\/VIVERO-LENGAS-CREXELL-4-1068x804.jpg 1068w, https:\/\/prensa.sma.gob.ar\/wp-content\/uploads\/2024\/10\/VIVERO-LENGAS-CREXELL-4.jpg 1600w\" sizes=\"auto, (max-width: 1024px) 100vw, 1024px\" \/><\/figure>\n\n\n\n<figure class=\"wp-block-image size-large\"><img loading=\"lazy\" decoding=\"async\" width=\"1024\" height=\"771\" src=\"https:\/\/prensa.sma.gob.ar\/wp-content\/uploads\/2024\/10\/VIVERO-LENGAS-CREXELL-3-1024x771.jpg\" alt=\"\" class=\"wp-image-3088\" srcset=\"https:\/\/prensa.sma.gob.ar\/wp-content\/uploads\/2024\/10\/VIVERO-LENGAS-CREXELL-3-1024x771.jpg 1024w, https:\/\/prensa.sma.gob.ar\/wp-content\/uploads\/2024\/10\/VIVERO-LENGAS-CREXELL-3-300x226.jpg 300w, https:\/\/prensa.sma.gob.ar\/wp-content\/uploads\/2024\/10\/VIVERO-LENGAS-CREXELL-3-768x578.jpg 768w, https:\/\/prensa.sma.gob.ar\/wp-content\/uploads\/2024\/10\/VIVERO-LENGAS-CREXELL-3-1536x1156.jpg 1536w, https:\/\/prensa.sma.gob.ar\/wp-content\/uploads\/2024\/10\/VIVERO-LENGAS-CREXELL-3-558x420.jpg 558w, https:\/\/prensa.sma.gob.ar\/wp-content\/uploads\/2024\/10\/VIVERO-LENGAS-CREXELL-3-80x60.jpg 80w, https:\/\/prensa.sma.gob.ar\/wp-content\/uploads\/2024\/10\/VIVERO-LENGAS-CREXELL-3-696x524.jpg 696w, https:\/\/prensa.sma.gob.ar\/wp-content\/uploads\/2024\/10\/VIVERO-LENGAS-CREXELL-3-1068x804.jpg 1068w, https:\/\/prensa.sma.gob.ar\/wp-content\/uploads\/2024\/10\/VIVERO-LENGAS-CREXELL-3.jpg 1600w\" sizes=\"auto, (max-width: 1024px) 100vw, 1024px\" \/><\/figure>\n","protected":false},"excerpt":{"rendered":"<p>La donaci\u00f3n de 833 plantines para utilizar en reforestaci\u00f3n estuvo a cargo de la empresa Transportes Crexell, junto con la empresa Groomtech, con el objetivo de promover la conciencia ambiental. Las lengas fueron entregadas por Martina Crexell, vicepresidenta de la empresa, fueron recibidas por personal de la Secretar\u00eda de Servicios P\u00fablicos, encabezado por H\u00e9ctor Dur\u00e1n, [&hellip;]<\/p>\n","protected":false},"author":1,"featured_media":3085,"comment_status":"closed","ping_status":"open","sticky":false,"template":"","format":"standard","meta":{"footnotes":""},"categories":[14,19,21],"tags":[],"class_list":{"0":"post-3084","1":"post","2":"type-post","3":"status-publish","4":"format-standard","5":"has-post-thumbnail","7":"category-noticias","8":"category-obras-y-servicios-publicos","9":"category-parques"},"_links":{"self":[{"href":"https:\/\/prensa.sma.gob.ar\/index.php?rest_route=\/wp\/v2\/posts\/3084","targetHints":{"allow":["GET"]}}],"collection":[{"href":"https:\/\/prensa.sma.gob.ar\/index.php?rest_route=\/wp\/v2\/posts"}],"about":[{"href":"https:\/\/prensa.sma.gob.ar\/index.php?rest_route=\/wp\/v2\/types\/post"}],"author":[{"embeddable":true,"href":"https:\/\/prensa.sma.gob.ar\/index.php?rest_route=\/wp\/v2\/users\/1"}],"replies":[{"embeddable":true,"href":"https:\/\/prensa.sma.gob.ar\/index.php?rest_route=%2Fwp%2Fv2%2Fcomments&post=3084"}],"version-history":[{"count":1,"href":"https:\/\/prensa.sma.gob.ar\/index.php?rest_route=\/wp\/v2\/posts\/3084\/revisions"}],"predecessor-version":[{"id":3089,"href":"https:\/\/prensa.sma.gob.ar\/index.php?rest_route=\/wp\/v2\/posts\/3084\/revisions\/3089"}],"wp:featuredmedia":[{"embeddable":true,"href":"https:\/\/prensa.sma.gob.ar\/index.php?rest_route=\/wp\/v2\/media\/3085"}],"wp:attachment":[{"href":"https:\/\/prensa.sma.gob.ar\/index.php?rest_route=%2Fwp%2Fv2%2Fmedia&parent=3084"}],"wp:term":[{"taxonomy":"category","embeddable":true,"href":"https:\/\/prensa.sma.gob.ar\/index.php?rest_route=%2Fwp%2Fv2%2Fcategories&post=3084"},{"taxonomy":"post_tag","embeddable":true,"href":"https:\/\/prensa.sma.gob.ar\/index.php?rest_route=%2Fwp%2Fv2%2Ftags&post=3084"}],"curies":[{"name":"wp","href":"https:\/\/api.w.org\/{rel}","templated":true}]}}