{"id":3107,"date":"2024-10-22T16:21:50","date_gmt":"2024-10-22T16:21:50","guid":{"rendered":"https:\/\/prensa.sma.gob.ar\/?p=3107"},"modified":"2025-03-26T13:58:24","modified_gmt":"2025-03-26T13:58:24","slug":"provincia-y-municipio-convocan-a-estudiantes-al-upd-ultimo-primer-desafio","status":"publish","type":"post","link":"https:\/\/prensa.sma.gob.ar\/?p=3107","title":{"rendered":"Provincia y Municipio convocan a estudiantes al UPD (\u00daltimo Primer Desaf\u00edo)"},"content":{"rendered":"\n<p>Est\u00e1n abiertas hasta este viernes las inscripciones para estudiantes del \u00faltimo a\u00f1o de secundaria para participar del \u00daltimo Primer Desaf\u00edo (UPD), que organiza el Gobierno neuquino y el Municipio, a trav\u00e9s de la Direcci\u00f3n de Educaci\u00f3n y del \u00e1rea de Juventud.<\/p>\n\n\n\n<p>La actividad incluye competencias y entretenimientos entre estudiantes representantes de colegios que est\u00e9n cursando 5\u00ba y 6\u00ba a\u00f1o que se egresen en este 2024 y del turno vespertino que tambi\u00e9n egresen este a\u00f1o.<\/p>\n\n\n\n<p>El UPD se desarrollar\u00e1 en tres etapas: Local, Regional y Provincial. En la instancia regional los desaf\u00edos ser\u00e1n: presentaci\u00f3n de Mascota o Personaje que los represente y se sientan identificados\/as; presentaci\u00f3n de bandera; concurso de Preguntados; talento grupal (baile o canto); pruebas de ingenio; carrera de relevos con obst\u00e1culos.<\/p>\n\n\n\n<p>Para la etapa provincial se presentar\u00e1n desaf\u00edos en Preguntados; talento grupal (baile o canto); carrera de ingenio; carreras de relevos con obst\u00e1culos; desaf\u00edos en temas Ambiental; Solidario e Hist\u00f3rico.<\/p>\n\n\n\n<p>El objetivo del programa es fortalecer la organizaci\u00f3n y fomentar la igualdad de oportunidades, trabajando en las siete regiones de la provincia de Neuqu\u00e9n. Este enfoque territorial permite una implementaci\u00f3n coordinada y adaptada a las particularidades de cada regi\u00f3n<\/p>\n\n\n\n<p>El curso ganador recibir\u00e1 computadoras para cada estudiante que particip\u00f3 en el programa. Este premio es un impulso para la trayectoria educativa de los\/las estudiantes en el nivel superior, como as\u00ed tambi\u00e9n una herramienta para capacitarse en su formaci\u00f3n profesional.<\/p>\n\n\n\n<p>La preinscripci\u00f3n se hace mediante un formulario online: <a href=\"https:\/\/linktr.ee\/updnqn\">https:\/\/linktr.ee\/updnqn<\/a><br>Para la inscripci\u00f3n: enviar al mail <a href=\"mailto:updnqn.provincia@gmail.com\">updnqn.provincia@gmail.com<\/a> en formato PDF la documentaci\u00f3n requerida para participar del programa:<br>Listado de participantes, certificado y sellado por equipo directivo<br>Autorizaciones de menores y mayores de edad<br>Ficha M\u00e9dica la que utilizan en educaci\u00f3n f\u00edsica o el modelo que encontrar\u00e1n en el link de inscripci\u00f3n, firmada y sellada por un m\u00e9dico<br>Foto o fotocopia de D.N.I. de los\/las participantes<\/p>\n\n\n\n<p><\/p>\n","protected":false},"excerpt":{"rendered":"<p>Est\u00e1n abiertas hasta este viernes las inscripciones para estudiantes del \u00faltimo a\u00f1o de secundaria para participar del \u00daltimo Primer Desaf\u00edo (UPD), que organiza el Gobierno neuquino y el Municipio, a trav\u00e9s de la Direcci\u00f3n de Educaci\u00f3n y del \u00e1rea de Juventud. La actividad incluye competencias y entretenimientos entre estudiantes representantes de colegios que est\u00e9n cursando [&hellip;]<\/p>\n","protected":false},"author":1,"featured_media":3108,"comment_status":"closed","ping_status":"open","sticky":false,"template":"","format":"standard","meta":{"footnotes":""},"categories":[16,9,14,38],"tags":[],"class_list":{"0":"post-3107","1":"post","2":"type-post","3":"status-publish","4":"format-standard","5":"has-post-thumbnail","7":"category-destacadas","8":"category-educacion","9":"category-noticias","10":"category-subsecretaria-produccion-empleo-y-juventud"},"_links":{"self":[{"href":"https:\/\/prensa.sma.gob.ar\/index.php?rest_route=\/wp\/v2\/posts\/3107","targetHints":{"allow":["GET"]}}],"collection":[{"href":"https:\/\/prensa.sma.gob.ar\/index.php?rest_route=\/wp\/v2\/posts"}],"about":[{"href":"https:\/\/prensa.sma.gob.ar\/index.php?rest_route=\/wp\/v2\/types\/post"}],"author":[{"embeddable":true,"href":"https:\/\/prensa.sma.gob.ar\/index.php?rest_route=\/wp\/v2\/users\/1"}],"replies":[{"embeddable":true,"href":"https:\/\/prensa.sma.gob.ar\/index.php?rest_route=%2Fwp%2Fv2%2Fcomments&post=3107"}],"version-history":[{"count":3,"href":"https:\/\/prensa.sma.gob.ar\/index.php?rest_route=\/wp\/v2\/posts\/3107\/revisions"}],"predecessor-version":[{"id":3112,"href":"https:\/\/prensa.sma.gob.ar\/index.php?rest_route=\/wp\/v2\/posts\/3107\/revisions\/3112"}],"wp:featuredmedia":[{"embeddable":true,"href":"https:\/\/prensa.sma.gob.ar\/index.php?rest_route=\/wp\/v2\/media\/3108"}],"wp:attachment":[{"href":"https:\/\/prensa.sma.gob.ar\/index.php?rest_route=%2Fwp%2Fv2%2Fmedia&parent=3107"}],"wp:term":[{"taxonomy":"category","embeddable":true,"href":"https:\/\/prensa.sma.gob.ar\/index.php?rest_route=%2Fwp%2Fv2%2Fcategories&post=3107"},{"taxonomy":"post_tag","embeddable":true,"href":"https:\/\/prensa.sma.gob.ar\/index.php?rest_route=%2Fwp%2Fv2%2Ftags&post=3107"}],"curies":[{"name":"wp","href":"https:\/\/api.w.org\/{rel}","templated":true}]}}