{"id":3204,"date":"2024-10-27T03:25:46","date_gmt":"2024-10-27T03:25:46","guid":{"rendered":"https:\/\/prensa.sma.gob.ar\/?p=3204"},"modified":"2024-10-27T15:01:29","modified_gmt":"2024-10-27T15:01:29","slug":"realizaron-las-primeras-demarcaciones-de-los-200-nuevos-lotes-en-chacra-30","status":"publish","type":"post","link":"https:\/\/prensa.sma.gob.ar\/?p=3204","title":{"rendered":"Realizaron las primeras demarcaciones de los 200 nuevos lotes en Chacra 30"},"content":{"rendered":"\n<p>Se realizaron las primeras demarcaciones con estacas sobre el terreno sobre el cual est\u00e1n proyectadas 200 soluciones habitacionales en Chara 30. La noticia fue recibida con aplausos por vecinas y vecinos que este s\u00e1bado se reunieron en Cordones del Chapelco.<\/p>\n\n\n\n<p>El trabajo de demarcaci\u00f3n fue realizado por el agrimensor Nicol\u00e1s Agust\u00edn Hern\u00e1ndez, acompa\u00f1ado por los arquitectos Alejandra De Bonis y Ramiro Morel, integrantes del equipo de la Direcci\u00f3n de Vivienda y H\u00e1bitat del Municipio.<\/p>\n\n\n\n<p>Morel explic\u00f3 que \u201cse marcaron con estacas de madera los ejes de las calles y las intersecciones de las calles; tambi\u00e9n se marcaron los v\u00e9rtices de la manzana\u201d, actividades que implicaron el primer trabajo sobre el terreno de las 12,5 hect\u00e1reas donde se asentar\u00e1n las 200 soluciones habitacionales.<\/p>\n\n\n\n<p>\u201cLo que tenemos ahora son los puntos de las manzanas y los ejes de las calles. Esta es una primera etapa para empezar a corroborar en el terreno lo que se hizo en los planos. A partir de ahora se cruza informaci\u00f3n sobre cauces de agua y las caracter\u00edsticas del suelo\u201d, detall\u00f3.<\/p>\n\n\n\n<p>Morel inform\u00f3 que \u201cen los pr\u00f3ximos d\u00edas se van a cementar bien los mojones como para que no se muevan\u201d, adem\u00e1s de que \u201cel agrimensor va a digitalizar ese trabajo, geolocalizar, para que, si eventualmente se pierda alguna marca, se pueda volver a marcar\u201d.<\/p>\n\n\n\n<p>\u201cLo que viene ahora son los ajustes. Nos queda ir con los ingenieros al terreno y tambi\u00e9n plasmar lo que se est\u00e1 haciendo en el estudio de impactos, que actualmente tiene a cargo Flavio Caldas. Todo esto sirve para bajar a tierra lo que hicimos en planos y en los estudios previos. Ayer caminamos el terreo y est\u00e1 bastante bien, tal como lo imaginamos\u201d, detall\u00f3.<\/p>\n\n\n\n<figure class=\"wp-block-gallery has-nested-images columns-default is-cropped wp-block-gallery-1 is-layout-flex wp-block-gallery-is-layout-flex\">\n<figure class=\"wp-block-image size-large\"><img loading=\"lazy\" decoding=\"async\" width=\"768\" height=\"1024\" data-id=\"3212\" src=\"https:\/\/prensa.sma.gob.ar\/wp-content\/uploads\/2024\/10\/WhatsApp-Image-2024-10-26-at-18.41.00-768x1024.jpeg\" alt=\"\" class=\"wp-image-3212\" srcset=\"https:\/\/prensa.sma.gob.ar\/wp-content\/uploads\/2024\/10\/WhatsApp-Image-2024-10-26-at-18.41.00-768x1024.jpeg 768w, https:\/\/prensa.sma.gob.ar\/wp-content\/uploads\/2024\/10\/WhatsApp-Image-2024-10-26-at-18.41.00-225x300.jpeg 225w, https:\/\/prensa.sma.gob.ar\/wp-content\/uploads\/2024\/10\/WhatsApp-Image-2024-10-26-at-18.41.00-315x420.jpeg 315w, https:\/\/prensa.sma.gob.ar\/wp-content\/uploads\/2024\/10\/WhatsApp-Image-2024-10-26-at-18.41.00-696x928.jpeg 696w, https:\/\/prensa.sma.gob.ar\/wp-content\/uploads\/2024\/10\/WhatsApp-Image-2024-10-26-at-18.41.00.jpeg 864w\" sizes=\"auto, (max-width: 768px) 100vw, 768px\" \/><\/figure>\n\n\n\n<figure class=\"wp-block-image size-large\"><img loading=\"lazy\" decoding=\"async\" width=\"1024\" height=\"770\" data-id=\"3213\" src=\"https:\/\/prensa.sma.gob.ar\/wp-content\/uploads\/2024\/10\/WhatsApp-Image-2024-10-26-at-18.40.001-1024x770.jpeg\" alt=\"\" class=\"wp-image-3213\" srcset=\"https:\/\/prensa.sma.gob.ar\/wp-content\/uploads\/2024\/10\/WhatsApp-Image-2024-10-26-at-18.40.001-1024x770.jpeg 1024w, https:\/\/prensa.sma.gob.ar\/wp-content\/uploads\/2024\/10\/WhatsApp-Image-2024-10-26-at-18.40.001-300x226.jpeg 300w, https:\/\/prensa.sma.gob.ar\/wp-content\/uploads\/2024\/10\/WhatsApp-Image-2024-10-26-at-18.40.001-768x578.jpeg 768w, https:\/\/prensa.sma.gob.ar\/wp-content\/uploads\/2024\/10\/WhatsApp-Image-2024-10-26-at-18.40.001-558x420.jpeg 558w, https:\/\/prensa.sma.gob.ar\/wp-content\/uploads\/2024\/10\/WhatsApp-Image-2024-10-26-at-18.40.001-80x60.jpeg 80w, https:\/\/prensa.sma.gob.ar\/wp-content\/uploads\/2024\/10\/WhatsApp-Image-2024-10-26-at-18.40.001-696x524.jpeg 696w, https:\/\/prensa.sma.gob.ar\/wp-content\/uploads\/2024\/10\/WhatsApp-Image-2024-10-26-at-18.40.001-1068x804.jpeg 1068w, https:\/\/prensa.sma.gob.ar\/wp-content\/uploads\/2024\/10\/WhatsApp-Image-2024-10-26-at-18.40.001.jpeg 1280w\" sizes=\"auto, (max-width: 1024px) 100vw, 1024px\" \/><\/figure>\n<\/figure>\n\n\n\n<p><strong>Nuevo encuentro de vecinas y vecinos<\/strong><\/p>\n\n\n\n<p>La informaci\u00f3n sobre la demarcaci\u00f3n fue confirmada este s\u00e1bado, durante una nueva reuni\u00f3n de vecinas y vecinos adjudicatarios de los 200 lotes, que se llev\u00f3 a cabo en el gimnasio de la Escuela 359, bajo el lema \u201cDe la tierra al barrio\u201d.<\/p>\n\n\n\n<p>Durante el encuentro de vecinos, divididos por grupos, se proyectaron im\u00e1genes sobre los barrios de la zona aleda\u00f1a al predio de los 200 lotes, ubicado en el l\u00edmite entre Chacra 30 y Chacra 32. Tambi\u00e9n se habl\u00f3 del crecimiento exponencial de la zona en los \u00faltimos 20 a\u00f1os, con fotograf\u00edas de altura que confirman el incremento de viviendas y de nuevos loteos.<\/p>\n\n\n\n<p>La actividad de este s\u00e1bado incluy\u00f3 recorridas por barrios de las chacras 28, 30 y 33, de la que participaron funcionarios y t\u00e9cnicos de la Direcci\u00f3n Municipal de Vivienda y H\u00e1bitat; representantes del Consejo Asesor de la Vivienda; del Colectivo Enjambre; de Vecinos sin Techo; y el Arquitecto Andr\u00e9s Riquelme. Tambi\u00e9n asistieron habitantes de los barrios que fueron visitados, quienes dieron su testimonio y contaron su experiencia.<\/p>\n\n\n\n<p>La jornada permiti\u00f3 tambi\u00e9n conocer las historias de los barrios de la zona, de la misma manera en que, a comienzos de octubre, se hab\u00eda recorrido el Barrio Intercultural para conocer la experiencia del trabajo comunitario y las diferentes etapas por las que atraviesa la concreci\u00f3n de un sue\u00f1o urbano.<\/p>\n\n\n\n<p>\u00abDe la tierra al barrio\u00bb surgi\u00f3 de la primera convocatoria, realizada en agosto en el Cpem 57, en formato de presentaci\u00f3n, encuentro comunitario y talleres para las familias adjudicatarias de los lotes. El 9 de noviembre habr\u00e1 un nuevo taller, con las 200 familias.<\/p>\n\n\n\n<figure class=\"wp-block-gallery has-nested-images columns-default is-cropped wp-block-gallery-2 is-layout-flex wp-block-gallery-is-layout-flex\">\n<figure class=\"wp-block-image size-large\"><img loading=\"lazy\" decoding=\"async\" width=\"768\" height=\"1024\" data-id=\"3211\" src=\"https:\/\/prensa.sma.gob.ar\/wp-content\/uploads\/2024\/10\/WhatsApp-Image-2024-10-26-at-18.43.01-768x1024.jpeg\" alt=\"\" class=\"wp-image-3211\" srcset=\"https:\/\/prensa.sma.gob.ar\/wp-content\/uploads\/2024\/10\/WhatsApp-Image-2024-10-26-at-18.43.01-768x1024.jpeg 768w, https:\/\/prensa.sma.gob.ar\/wp-content\/uploads\/2024\/10\/WhatsApp-Image-2024-10-26-at-18.43.01-225x300.jpeg 225w, https:\/\/prensa.sma.gob.ar\/wp-content\/uploads\/2024\/10\/WhatsApp-Image-2024-10-26-at-18.43.01-1152x1536.jpeg 1152w, https:\/\/prensa.sma.gob.ar\/wp-content\/uploads\/2024\/10\/WhatsApp-Image-2024-10-26-at-18.43.01-315x420.jpeg 315w, https:\/\/prensa.sma.gob.ar\/wp-content\/uploads\/2024\/10\/WhatsApp-Image-2024-10-26-at-18.43.01-696x928.jpeg 696w, https:\/\/prensa.sma.gob.ar\/wp-content\/uploads\/2024\/10\/WhatsApp-Image-2024-10-26-at-18.43.01-1068x1424.jpeg 1068w, https:\/\/prensa.sma.gob.ar\/wp-content\/uploads\/2024\/10\/WhatsApp-Image-2024-10-26-at-18.43.01.jpeg 1200w\" sizes=\"auto, (max-width: 768px) 100vw, 768px\" \/><\/figure>\n\n\n\n<figure class=\"wp-block-image size-large\"><img loading=\"lazy\" decoding=\"async\" width=\"768\" height=\"1024\" data-id=\"3209\" src=\"https:\/\/prensa.sma.gob.ar\/wp-content\/uploads\/2024\/10\/WhatsApp-Image-2024-10-26-at-18.43.44-768x1024.jpeg\" alt=\"\" class=\"wp-image-3209\" srcset=\"https:\/\/prensa.sma.gob.ar\/wp-content\/uploads\/2024\/10\/WhatsApp-Image-2024-10-26-at-18.43.44-768x1024.jpeg 768w, https:\/\/prensa.sma.gob.ar\/wp-content\/uploads\/2024\/10\/WhatsApp-Image-2024-10-26-at-18.43.44-225x300.jpeg 225w, https:\/\/prensa.sma.gob.ar\/wp-content\/uploads\/2024\/10\/WhatsApp-Image-2024-10-26-at-18.43.44-315x420.jpeg 315w, https:\/\/prensa.sma.gob.ar\/wp-content\/uploads\/2024\/10\/WhatsApp-Image-2024-10-26-at-18.43.44-696x928.jpeg 696w, https:\/\/prensa.sma.gob.ar\/wp-content\/uploads\/2024\/10\/WhatsApp-Image-2024-10-26-at-18.43.44.jpeg 864w\" sizes=\"auto, (max-width: 768px) 100vw, 768px\" \/><\/figure>\n\n\n\n<figure class=\"wp-block-image size-large\"><img loading=\"lazy\" decoding=\"async\" width=\"768\" height=\"1024\" data-id=\"3208\" src=\"https:\/\/prensa.sma.gob.ar\/wp-content\/uploads\/2024\/10\/WhatsApp-Image-2024-10-26-at-18.43.45-768x1024.jpeg\" alt=\"\" class=\"wp-image-3208\" srcset=\"https:\/\/prensa.sma.gob.ar\/wp-content\/uploads\/2024\/10\/WhatsApp-Image-2024-10-26-at-18.43.45-768x1024.jpeg 768w, https:\/\/prensa.sma.gob.ar\/wp-content\/uploads\/2024\/10\/WhatsApp-Image-2024-10-26-at-18.43.45-225x300.jpeg 225w, https:\/\/prensa.sma.gob.ar\/wp-content\/uploads\/2024\/10\/WhatsApp-Image-2024-10-26-at-18.43.45-315x420.jpeg 315w, https:\/\/prensa.sma.gob.ar\/wp-content\/uploads\/2024\/10\/WhatsApp-Image-2024-10-26-at-18.43.45-696x928.jpeg 696w, https:\/\/prensa.sma.gob.ar\/wp-content\/uploads\/2024\/10\/WhatsApp-Image-2024-10-26-at-18.43.45.jpeg 864w\" sizes=\"auto, (max-width: 768px) 100vw, 768px\" \/><\/figure>\n\n\n\n<figure class=\"wp-block-image size-large\"><img loading=\"lazy\" decoding=\"async\" width=\"768\" height=\"1024\" data-id=\"3207\" src=\"https:\/\/prensa.sma.gob.ar\/wp-content\/uploads\/2024\/10\/WhatsApp-Image-2024-10-26-at-18.43.451-768x1024.jpeg\" alt=\"\" class=\"wp-image-3207\" srcset=\"https:\/\/prensa.sma.gob.ar\/wp-content\/uploads\/2024\/10\/WhatsApp-Image-2024-10-26-at-18.43.451-768x1024.jpeg 768w, https:\/\/prensa.sma.gob.ar\/wp-content\/uploads\/2024\/10\/WhatsApp-Image-2024-10-26-at-18.43.451-225x300.jpeg 225w, https:\/\/prensa.sma.gob.ar\/wp-content\/uploads\/2024\/10\/WhatsApp-Image-2024-10-26-at-18.43.451-315x420.jpeg 315w, https:\/\/prensa.sma.gob.ar\/wp-content\/uploads\/2024\/10\/WhatsApp-Image-2024-10-26-at-18.43.451-696x928.jpeg 696w, https:\/\/prensa.sma.gob.ar\/wp-content\/uploads\/2024\/10\/WhatsApp-Image-2024-10-26-at-18.43.451.jpeg 864w\" sizes=\"auto, (max-width: 768px) 100vw, 768px\" \/><\/figure>\n\n\n\n<figure class=\"wp-block-image size-large\"><img loading=\"lazy\" decoding=\"async\" width=\"768\" height=\"1024\" data-id=\"3205\" src=\"https:\/\/prensa.sma.gob.ar\/wp-content\/uploads\/2024\/10\/WhatsApp-Image-2024-10-26-at-18.43.461-768x1024.jpeg\" alt=\"\" class=\"wp-image-3205\" srcset=\"https:\/\/prensa.sma.gob.ar\/wp-content\/uploads\/2024\/10\/WhatsApp-Image-2024-10-26-at-18.43.461-768x1024.jpeg 768w, https:\/\/prensa.sma.gob.ar\/wp-content\/uploads\/2024\/10\/WhatsApp-Image-2024-10-26-at-18.43.461-225x300.jpeg 225w, https:\/\/prensa.sma.gob.ar\/wp-content\/uploads\/2024\/10\/WhatsApp-Image-2024-10-26-at-18.43.461-315x420.jpeg 315w, https:\/\/prensa.sma.gob.ar\/wp-content\/uploads\/2024\/10\/WhatsApp-Image-2024-10-26-at-18.43.461-696x928.jpeg 696w, https:\/\/prensa.sma.gob.ar\/wp-content\/uploads\/2024\/10\/WhatsApp-Image-2024-10-26-at-18.43.461.jpeg 864w\" sizes=\"auto, (max-width: 768px) 100vw, 768px\" \/><\/figure>\n\n\n\n<figure class=\"wp-block-image size-large\"><img loading=\"lazy\" decoding=\"async\" width=\"768\" height=\"1024\" data-id=\"3206\" src=\"https:\/\/prensa.sma.gob.ar\/wp-content\/uploads\/2024\/10\/WhatsApp-Image-2024-10-26-at-18.43.46-768x1024.jpeg\" alt=\"\" class=\"wp-image-3206\" srcset=\"https:\/\/prensa.sma.gob.ar\/wp-content\/uploads\/2024\/10\/WhatsApp-Image-2024-10-26-at-18.43.46-768x1024.jpeg 768w, https:\/\/prensa.sma.gob.ar\/wp-content\/uploads\/2024\/10\/WhatsApp-Image-2024-10-26-at-18.43.46-225x300.jpeg 225w, https:\/\/prensa.sma.gob.ar\/wp-content\/uploads\/2024\/10\/WhatsApp-Image-2024-10-26-at-18.43.46-315x420.jpeg 315w, https:\/\/prensa.sma.gob.ar\/wp-content\/uploads\/2024\/10\/WhatsApp-Image-2024-10-26-at-18.43.46-696x928.jpeg 696w, https:\/\/prensa.sma.gob.ar\/wp-content\/uploads\/2024\/10\/WhatsApp-Image-2024-10-26-at-18.43.46.jpeg 864w\" sizes=\"auto, (max-width: 768px) 100vw, 768px\" \/><\/figure>\n<\/figure>\n\n\n\n<figure class=\"wp-block-image size-full\"><img loading=\"lazy\" decoding=\"async\" width=\"1000\" height=\"753\" src=\"https:\/\/prensa.sma.gob.ar\/wp-content\/uploads\/2024\/10\/vecinos-2.jpg\" alt=\"\" class=\"wp-image-3215\" srcset=\"https:\/\/prensa.sma.gob.ar\/wp-content\/uploads\/2024\/10\/vecinos-2.jpg 1000w, https:\/\/prensa.sma.gob.ar\/wp-content\/uploads\/2024\/10\/vecinos-2-300x226.jpg 300w, https:\/\/prensa.sma.gob.ar\/wp-content\/uploads\/2024\/10\/vecinos-2-768x578.jpg 768w, https:\/\/prensa.sma.gob.ar\/wp-content\/uploads\/2024\/10\/vecinos-2-558x420.jpg 558w, https:\/\/prensa.sma.gob.ar\/wp-content\/uploads\/2024\/10\/vecinos-2-80x60.jpg 80w, https:\/\/prensa.sma.gob.ar\/wp-content\/uploads\/2024\/10\/vecinos-2-696x524.jpg 696w\" sizes=\"auto, (max-width: 1000px) 100vw, 1000px\" \/><\/figure>\n","protected":false},"excerpt":{"rendered":"<p>Se realizaron las primeras demarcaciones con estacas sobre el terreno sobre el cual est\u00e1n proyectadas 200 soluciones habitacionales en Chara 30. La noticia fue recibida con aplausos por vecinas y vecinos que este s\u00e1bado se reunieron en Cordones del Chapelco. El trabajo de demarcaci\u00f3n fue realizado por el agrimensor Nicol\u00e1s Agust\u00edn Hern\u00e1ndez, acompa\u00f1ado por los [&hellip;]<\/p>\n","protected":false},"author":2,"featured_media":3214,"comment_status":"closed","ping_status":"open","sticky":false,"template":"","format":"standard","meta":{"footnotes":""},"categories":[16,14,17,37],"tags":[],"class_list":{"0":"post-3204","1":"post","2":"type-post","3":"status-publish","4":"format-standard","5":"has-post-thumbnail","7":"category-destacadas","8":"category-noticias","9":"category-portada","10":"category-vivienda"},"_links":{"self":[{"href":"https:\/\/prensa.sma.gob.ar\/index.php?rest_route=\/wp\/v2\/posts\/3204","targetHints":{"allow":["GET"]}}],"collection":[{"href":"https:\/\/prensa.sma.gob.ar\/index.php?rest_route=\/wp\/v2\/posts"}],"about":[{"href":"https:\/\/prensa.sma.gob.ar\/index.php?rest_route=\/wp\/v2\/types\/post"}],"author":[{"embeddable":true,"href":"https:\/\/prensa.sma.gob.ar\/index.php?rest_route=\/wp\/v2\/users\/2"}],"replies":[{"embeddable":true,"href":"https:\/\/prensa.sma.gob.ar\/index.php?rest_route=%2Fwp%2Fv2%2Fcomments&post=3204"}],"version-history":[{"count":4,"href":"https:\/\/prensa.sma.gob.ar\/index.php?rest_route=\/wp\/v2\/posts\/3204\/revisions"}],"predecessor-version":[{"id":3245,"href":"https:\/\/prensa.sma.gob.ar\/index.php?rest_route=\/wp\/v2\/posts\/3204\/revisions\/3245"}],"wp:featuredmedia":[{"embeddable":true,"href":"https:\/\/prensa.sma.gob.ar\/index.php?rest_route=\/wp\/v2\/media\/3214"}],"wp:attachment":[{"href":"https:\/\/prensa.sma.gob.ar\/index.php?rest_route=%2Fwp%2Fv2%2Fmedia&parent=3204"}],"wp:term":[{"taxonomy":"category","embeddable":true,"href":"https:\/\/prensa.sma.gob.ar\/index.php?rest_route=%2Fwp%2Fv2%2Fcategories&post=3204"},{"taxonomy":"post_tag","embeddable":true,"href":"https:\/\/prensa.sma.gob.ar\/index.php?rest_route=%2Fwp%2Fv2%2Ftags&post=3204"}],"curies":[{"name":"wp","href":"https:\/\/api.w.org\/{rel}","templated":true}]}}