{"id":3218,"date":"2024-10-27T04:01:53","date_gmt":"2024-10-27T04:01:53","guid":{"rendered":"https:\/\/prensa.sma.gob.ar\/?p=3218"},"modified":"2024-11-15T16:34:54","modified_gmt":"2024-11-15T16:34:54","slug":"se-realizara-en-san-martin-de-los-andes-el-iii-encuentro-de-tejedoras-del-neuquen","status":"publish","type":"post","link":"https:\/\/prensa.sma.gob.ar\/?p=3218","title":{"rendered":"Se realizar\u00e1 en San Mart\u00edn de los Andes el III Encuentro de Tejedoras del Neuqu\u00e9n"},"content":{"rendered":"\n<p>El pr\u00f3ximo s\u00e1bado 16 de noviembre se realizar\u00e1 en San Mart\u00edn de los Andes el Tercer Encuentro de Mujeres Tejedoras del Neuqu\u00e9n, durante una jornada que incluir\u00e1 exposici\u00f3n y vetas, entre las 12 y las 18, en la Plaza San Mart\u00edn.<\/p>\n\n\n\n<p>El encuentro, denominado \u201cLa trama en com\u00fan\u201d, reunir\u00e1 a mujeres tejedoras de la provincia, desde una perspectiva intercultural, incluyendo alumnas del taller municipal de tejido mapuche, que encabeza Georgina Tripailaf, coordinadora de esta actividad provincial.<\/p>\n\n\n\n<p>El Taller Municipal de Tejido cuenta con casi 40 alumnas que se re\u00fanen los martes y viernes, entre las 13 y las 16.30, en el Espacio Trama.<\/p>\n\n\n\n<figure class=\"wp-block-gallery has-nested-images columns-default is-cropped wp-block-gallery-1 is-layout-flex wp-block-gallery-is-layout-flex\">\n<figure class=\"wp-block-image size-large\"><img loading=\"lazy\" decoding=\"async\" width=\"1024\" height=\"576\" data-id=\"3234\" src=\"https:\/\/prensa.sma.gob.ar\/wp-content\/uploads\/2024\/10\/WhatsApp-Image-2024-10-25-at-15.40.051-1024x576.jpeg\" alt=\"\" class=\"wp-image-3234\" srcset=\"https:\/\/prensa.sma.gob.ar\/wp-content\/uploads\/2024\/10\/WhatsApp-Image-2024-10-25-at-15.40.051-1024x576.jpeg 1024w, https:\/\/prensa.sma.gob.ar\/wp-content\/uploads\/2024\/10\/WhatsApp-Image-2024-10-25-at-15.40.051-300x169.jpeg 300w, https:\/\/prensa.sma.gob.ar\/wp-content\/uploads\/2024\/10\/WhatsApp-Image-2024-10-25-at-15.40.051-768x432.jpeg 768w, https:\/\/prensa.sma.gob.ar\/wp-content\/uploads\/2024\/10\/WhatsApp-Image-2024-10-25-at-15.40.051-1536x864.jpeg 1536w, https:\/\/prensa.sma.gob.ar\/wp-content\/uploads\/2024\/10\/WhatsApp-Image-2024-10-25-at-15.40.051-747x420.jpeg 747w, https:\/\/prensa.sma.gob.ar\/wp-content\/uploads\/2024\/10\/WhatsApp-Image-2024-10-25-at-15.40.051-696x392.jpeg 696w, https:\/\/prensa.sma.gob.ar\/wp-content\/uploads\/2024\/10\/WhatsApp-Image-2024-10-25-at-15.40.051-1068x601.jpeg 1068w, https:\/\/prensa.sma.gob.ar\/wp-content\/uploads\/2024\/10\/WhatsApp-Image-2024-10-25-at-15.40.051.jpeg 1600w\" sizes=\"auto, (max-width: 1024px) 100vw, 1024px\" \/><\/figure>\n\n\n\n<figure class=\"wp-block-image size-large\"><img loading=\"lazy\" decoding=\"async\" width=\"1024\" height=\"576\" data-id=\"3229\" src=\"https:\/\/prensa.sma.gob.ar\/wp-content\/uploads\/2024\/10\/WhatsApp-Image-2024-10-25-at-15.40.12-1024x576.jpeg\" alt=\"\" class=\"wp-image-3229\" srcset=\"https:\/\/prensa.sma.gob.ar\/wp-content\/uploads\/2024\/10\/WhatsApp-Image-2024-10-25-at-15.40.12-1024x576.jpeg 1024w, https:\/\/prensa.sma.gob.ar\/wp-content\/uploads\/2024\/10\/WhatsApp-Image-2024-10-25-at-15.40.12-300x169.jpeg 300w, https:\/\/prensa.sma.gob.ar\/wp-content\/uploads\/2024\/10\/WhatsApp-Image-2024-10-25-at-15.40.12-768x432.jpeg 768w, https:\/\/prensa.sma.gob.ar\/wp-content\/uploads\/2024\/10\/WhatsApp-Image-2024-10-25-at-15.40.12-1536x864.jpeg 1536w, https:\/\/prensa.sma.gob.ar\/wp-content\/uploads\/2024\/10\/WhatsApp-Image-2024-10-25-at-15.40.12-747x420.jpeg 747w, https:\/\/prensa.sma.gob.ar\/wp-content\/uploads\/2024\/10\/WhatsApp-Image-2024-10-25-at-15.40.12-696x392.jpeg 696w, https:\/\/prensa.sma.gob.ar\/wp-content\/uploads\/2024\/10\/WhatsApp-Image-2024-10-25-at-15.40.12-1068x601.jpeg 1068w, https:\/\/prensa.sma.gob.ar\/wp-content\/uploads\/2024\/10\/WhatsApp-Image-2024-10-25-at-15.40.12.jpeg 1600w\" sizes=\"auto, (max-width: 1024px) 100vw, 1024px\" \/><\/figure>\n\n\n\n<figure class=\"wp-block-image size-large\"><img loading=\"lazy\" decoding=\"async\" width=\"1024\" height=\"657\" data-id=\"3226\" src=\"https:\/\/prensa.sma.gob.ar\/wp-content\/uploads\/2024\/10\/WhatsApp-Image-2024-10-25-at-15.40.17-1024x657.jpeg\" alt=\"\" class=\"wp-image-3226\" srcset=\"https:\/\/prensa.sma.gob.ar\/wp-content\/uploads\/2024\/10\/WhatsApp-Image-2024-10-25-at-15.40.17-1024x657.jpeg 1024w, https:\/\/prensa.sma.gob.ar\/wp-content\/uploads\/2024\/10\/WhatsApp-Image-2024-10-25-at-15.40.17-300x192.jpeg 300w, https:\/\/prensa.sma.gob.ar\/wp-content\/uploads\/2024\/10\/WhatsApp-Image-2024-10-25-at-15.40.17-768x492.jpeg 768w, https:\/\/prensa.sma.gob.ar\/wp-content\/uploads\/2024\/10\/WhatsApp-Image-2024-10-25-at-15.40.17-1536x985.jpeg 1536w, https:\/\/prensa.sma.gob.ar\/wp-content\/uploads\/2024\/10\/WhatsApp-Image-2024-10-25-at-15.40.17-655x420.jpeg 655w, https:\/\/prensa.sma.gob.ar\/wp-content\/uploads\/2024\/10\/WhatsApp-Image-2024-10-25-at-15.40.17-696x446.jpeg 696w, https:\/\/prensa.sma.gob.ar\/wp-content\/uploads\/2024\/10\/WhatsApp-Image-2024-10-25-at-15.40.17-1068x685.jpeg 1068w, https:\/\/prensa.sma.gob.ar\/wp-content\/uploads\/2024\/10\/WhatsApp-Image-2024-10-25-at-15.40.17.jpeg 1600w\" sizes=\"auto, (max-width: 1024px) 100vw, 1024px\" \/><\/figure>\n\n\n\n<figure class=\"wp-block-image size-large\"><img loading=\"lazy\" decoding=\"async\" width=\"1024\" height=\"576\" data-id=\"3219\" src=\"https:\/\/prensa.sma.gob.ar\/wp-content\/uploads\/2024\/10\/WhatsApp-Image-2024-10-25-at-15.40.211-1024x576.jpeg\" alt=\"\" class=\"wp-image-3219\" srcset=\"https:\/\/prensa.sma.gob.ar\/wp-content\/uploads\/2024\/10\/WhatsApp-Image-2024-10-25-at-15.40.211-1024x576.jpeg 1024w, https:\/\/prensa.sma.gob.ar\/wp-content\/uploads\/2024\/10\/WhatsApp-Image-2024-10-25-at-15.40.211-300x169.jpeg 300w, https:\/\/prensa.sma.gob.ar\/wp-content\/uploads\/2024\/10\/WhatsApp-Image-2024-10-25-at-15.40.211-768x432.jpeg 768w, https:\/\/prensa.sma.gob.ar\/wp-content\/uploads\/2024\/10\/WhatsApp-Image-2024-10-25-at-15.40.211-1536x864.jpeg 1536w, https:\/\/prensa.sma.gob.ar\/wp-content\/uploads\/2024\/10\/WhatsApp-Image-2024-10-25-at-15.40.211-747x420.jpeg 747w, https:\/\/prensa.sma.gob.ar\/wp-content\/uploads\/2024\/10\/WhatsApp-Image-2024-10-25-at-15.40.211-696x392.jpeg 696w, https:\/\/prensa.sma.gob.ar\/wp-content\/uploads\/2024\/10\/WhatsApp-Image-2024-10-25-at-15.40.211-1068x601.jpeg 1068w, https:\/\/prensa.sma.gob.ar\/wp-content\/uploads\/2024\/10\/WhatsApp-Image-2024-10-25-at-15.40.211.jpeg 1600w\" sizes=\"auto, (max-width: 1024px) 100vw, 1024px\" \/><\/figure>\n\n\n\n<figure class=\"wp-block-image size-large\"><img loading=\"lazy\" decoding=\"async\" width=\"1024\" height=\"576\" data-id=\"3221\" src=\"https:\/\/prensa.sma.gob.ar\/wp-content\/uploads\/2024\/10\/WhatsApp-Image-2024-10-25-at-15.40.20-1024x576.jpeg\" alt=\"\" class=\"wp-image-3221\" srcset=\"https:\/\/prensa.sma.gob.ar\/wp-content\/uploads\/2024\/10\/WhatsApp-Image-2024-10-25-at-15.40.20-1024x576.jpeg 1024w, https:\/\/prensa.sma.gob.ar\/wp-content\/uploads\/2024\/10\/WhatsApp-Image-2024-10-25-at-15.40.20-300x169.jpeg 300w, https:\/\/prensa.sma.gob.ar\/wp-content\/uploads\/2024\/10\/WhatsApp-Image-2024-10-25-at-15.40.20-768x432.jpeg 768w, https:\/\/prensa.sma.gob.ar\/wp-content\/uploads\/2024\/10\/WhatsApp-Image-2024-10-25-at-15.40.20-1536x864.jpeg 1536w, https:\/\/prensa.sma.gob.ar\/wp-content\/uploads\/2024\/10\/WhatsApp-Image-2024-10-25-at-15.40.20-747x420.jpeg 747w, https:\/\/prensa.sma.gob.ar\/wp-content\/uploads\/2024\/10\/WhatsApp-Image-2024-10-25-at-15.40.20-696x392.jpeg 696w, https:\/\/prensa.sma.gob.ar\/wp-content\/uploads\/2024\/10\/WhatsApp-Image-2024-10-25-at-15.40.20-1068x601.jpeg 1068w, https:\/\/prensa.sma.gob.ar\/wp-content\/uploads\/2024\/10\/WhatsApp-Image-2024-10-25-at-15.40.20.jpeg 1600w\" sizes=\"auto, (max-width: 1024px) 100vw, 1024px\" \/><\/figure>\n\n\n\n<figure class=\"wp-block-image size-large\"><img loading=\"lazy\" decoding=\"async\" width=\"1024\" height=\"576\" data-id=\"3222\" src=\"https:\/\/prensa.sma.gob.ar\/wp-content\/uploads\/2024\/10\/WhatsApp-Image-2024-10-25-at-15.40.192-1024x576.jpeg\" alt=\"\" class=\"wp-image-3222\" srcset=\"https:\/\/prensa.sma.gob.ar\/wp-content\/uploads\/2024\/10\/WhatsApp-Image-2024-10-25-at-15.40.192-1024x576.jpeg 1024w, https:\/\/prensa.sma.gob.ar\/wp-content\/uploads\/2024\/10\/WhatsApp-Image-2024-10-25-at-15.40.192-300x169.jpeg 300w, https:\/\/prensa.sma.gob.ar\/wp-content\/uploads\/2024\/10\/WhatsApp-Image-2024-10-25-at-15.40.192-768x432.jpeg 768w, https:\/\/prensa.sma.gob.ar\/wp-content\/uploads\/2024\/10\/WhatsApp-Image-2024-10-25-at-15.40.192-1536x864.jpeg 1536w, https:\/\/prensa.sma.gob.ar\/wp-content\/uploads\/2024\/10\/WhatsApp-Image-2024-10-25-at-15.40.192-747x420.jpeg 747w, https:\/\/prensa.sma.gob.ar\/wp-content\/uploads\/2024\/10\/WhatsApp-Image-2024-10-25-at-15.40.192-696x392.jpeg 696w, https:\/\/prensa.sma.gob.ar\/wp-content\/uploads\/2024\/10\/WhatsApp-Image-2024-10-25-at-15.40.192-1068x601.jpeg 1068w, https:\/\/prensa.sma.gob.ar\/wp-content\/uploads\/2024\/10\/WhatsApp-Image-2024-10-25-at-15.40.192.jpeg 1600w\" sizes=\"auto, (max-width: 1024px) 100vw, 1024px\" \/><\/figure>\n<\/figure>\n\n\n\n<p>El encuentro del 16 de noviembre ser\u00e1 el tercero, luego de dos experiencias llevadas a cabo en la ciudad capital, cuya finalidad es generar un espacio de encuentro y de aprendizaje orientado a la recuperaci\u00f3n de saberes, t\u00e9cnicas y experiencias sobre el universo del tejido.<\/p>\n\n\n\n<p>La profesora Tripailaf explic\u00f3 que ella acept\u00f3 el desaf\u00edo de organizar este encuentro tras participar en los dos anteriores y resalt\u00f3 que se busca realzar al territorio, las labores culturales de las comunidades y visibilizar los conocimientos sobre hilado, tintura y tejidos.<\/p>\n\n\n\n<p>El encuentro est\u00e1 organizado por el Ministerio de Desarrollo Humano, Gobiernos Locales y Mujeres de la provincia; la Secretar\u00eda provincial de Cultura, Inclusi\u00f3n y Gesti\u00f3n Comunitaria; la Subsecretar\u00eda de Cultura de la Provincia y la Secretar\u00eda de Cultura del Municipio de San Mart\u00edn de los Andes. Cuenta con el auspicio de las municipalidades de Jun\u00edn de los Andes y Villa La Angostura. Es parte del Programa de Salvaguarda del Patrimonio Inmaterial del Neuqu\u00e9n.<\/p>\n\n\n\n<figure class=\"wp-block-gallery has-nested-images columns-default is-cropped wp-block-gallery-2 is-layout-flex wp-block-gallery-is-layout-flex\">\n<figure class=\"wp-block-image size-large\"><img loading=\"lazy\" decoding=\"async\" width=\"1024\" height=\"576\" data-id=\"3236\" src=\"https:\/\/prensa.sma.gob.ar\/wp-content\/uploads\/2024\/10\/WhatsApp-Image-2024-10-25-at-15.40.04-1024x576.jpeg\" alt=\"\" class=\"wp-image-3236\" srcset=\"https:\/\/prensa.sma.gob.ar\/wp-content\/uploads\/2024\/10\/WhatsApp-Image-2024-10-25-at-15.40.04-1024x576.jpeg 1024w, https:\/\/prensa.sma.gob.ar\/wp-content\/uploads\/2024\/10\/WhatsApp-Image-2024-10-25-at-15.40.04-300x169.jpeg 300w, https:\/\/prensa.sma.gob.ar\/wp-content\/uploads\/2024\/10\/WhatsApp-Image-2024-10-25-at-15.40.04-768x432.jpeg 768w, https:\/\/prensa.sma.gob.ar\/wp-content\/uploads\/2024\/10\/WhatsApp-Image-2024-10-25-at-15.40.04-1536x864.jpeg 1536w, https:\/\/prensa.sma.gob.ar\/wp-content\/uploads\/2024\/10\/WhatsApp-Image-2024-10-25-at-15.40.04-747x420.jpeg 747w, https:\/\/prensa.sma.gob.ar\/wp-content\/uploads\/2024\/10\/WhatsApp-Image-2024-10-25-at-15.40.04-696x392.jpeg 696w, https:\/\/prensa.sma.gob.ar\/wp-content\/uploads\/2024\/10\/WhatsApp-Image-2024-10-25-at-15.40.04-1068x601.jpeg 1068w, https:\/\/prensa.sma.gob.ar\/wp-content\/uploads\/2024\/10\/WhatsApp-Image-2024-10-25-at-15.40.04.jpeg 1600w\" sizes=\"auto, (max-width: 1024px) 100vw, 1024px\" \/><\/figure>\n\n\n\n<figure class=\"wp-block-image size-large\"><img loading=\"lazy\" decoding=\"async\" width=\"1024\" height=\"576\" data-id=\"3233\" src=\"https:\/\/prensa.sma.gob.ar\/wp-content\/uploads\/2024\/10\/WhatsApp-Image-2024-10-25-at-15.40.06-1024x576.jpeg\" alt=\"\" class=\"wp-image-3233\" srcset=\"https:\/\/prensa.sma.gob.ar\/wp-content\/uploads\/2024\/10\/WhatsApp-Image-2024-10-25-at-15.40.06-1024x576.jpeg 1024w, https:\/\/prensa.sma.gob.ar\/wp-content\/uploads\/2024\/10\/WhatsApp-Image-2024-10-25-at-15.40.06-300x169.jpeg 300w, https:\/\/prensa.sma.gob.ar\/wp-content\/uploads\/2024\/10\/WhatsApp-Image-2024-10-25-at-15.40.06-768x432.jpeg 768w, https:\/\/prensa.sma.gob.ar\/wp-content\/uploads\/2024\/10\/WhatsApp-Image-2024-10-25-at-15.40.06-1536x864.jpeg 1536w, https:\/\/prensa.sma.gob.ar\/wp-content\/uploads\/2024\/10\/WhatsApp-Image-2024-10-25-at-15.40.06-747x420.jpeg 747w, https:\/\/prensa.sma.gob.ar\/wp-content\/uploads\/2024\/10\/WhatsApp-Image-2024-10-25-at-15.40.06-696x392.jpeg 696w, https:\/\/prensa.sma.gob.ar\/wp-content\/uploads\/2024\/10\/WhatsApp-Image-2024-10-25-at-15.40.06-1068x601.jpeg 1068w, https:\/\/prensa.sma.gob.ar\/wp-content\/uploads\/2024\/10\/WhatsApp-Image-2024-10-25-at-15.40.06.jpeg 1600w\" sizes=\"auto, (max-width: 1024px) 100vw, 1024px\" \/><\/figure>\n\n\n\n<figure class=\"wp-block-image size-large\"><img loading=\"lazy\" decoding=\"async\" width=\"1024\" height=\"576\" data-id=\"3231\" src=\"https:\/\/prensa.sma.gob.ar\/wp-content\/uploads\/2024\/10\/WhatsApp-Image-2024-10-25-at-15.40.071-1024x576.jpeg\" alt=\"\" class=\"wp-image-3231\" srcset=\"https:\/\/prensa.sma.gob.ar\/wp-content\/uploads\/2024\/10\/WhatsApp-Image-2024-10-25-at-15.40.071-1024x576.jpeg 1024w, https:\/\/prensa.sma.gob.ar\/wp-content\/uploads\/2024\/10\/WhatsApp-Image-2024-10-25-at-15.40.071-300x169.jpeg 300w, https:\/\/prensa.sma.gob.ar\/wp-content\/uploads\/2024\/10\/WhatsApp-Image-2024-10-25-at-15.40.071-768x432.jpeg 768w, https:\/\/prensa.sma.gob.ar\/wp-content\/uploads\/2024\/10\/WhatsApp-Image-2024-10-25-at-15.40.071-1536x864.jpeg 1536w, https:\/\/prensa.sma.gob.ar\/wp-content\/uploads\/2024\/10\/WhatsApp-Image-2024-10-25-at-15.40.071-747x420.jpeg 747w, https:\/\/prensa.sma.gob.ar\/wp-content\/uploads\/2024\/10\/WhatsApp-Image-2024-10-25-at-15.40.071-696x392.jpeg 696w, https:\/\/prensa.sma.gob.ar\/wp-content\/uploads\/2024\/10\/WhatsApp-Image-2024-10-25-at-15.40.071-1068x601.jpeg 1068w, https:\/\/prensa.sma.gob.ar\/wp-content\/uploads\/2024\/10\/WhatsApp-Image-2024-10-25-at-15.40.071.jpeg 1600w\" sizes=\"auto, (max-width: 1024px) 100vw, 1024px\" \/><\/figure>\n\n\n\n<figure class=\"wp-block-image size-large\"><img loading=\"lazy\" decoding=\"async\" width=\"1024\" height=\"576\" data-id=\"3230\" src=\"https:\/\/prensa.sma.gob.ar\/wp-content\/uploads\/2024\/10\/WhatsApp-Image-2024-10-25-at-15.40.08-1024x576.jpeg\" alt=\"\" class=\"wp-image-3230\" srcset=\"https:\/\/prensa.sma.gob.ar\/wp-content\/uploads\/2024\/10\/WhatsApp-Image-2024-10-25-at-15.40.08-1024x576.jpeg 1024w, https:\/\/prensa.sma.gob.ar\/wp-content\/uploads\/2024\/10\/WhatsApp-Image-2024-10-25-at-15.40.08-300x169.jpeg 300w, https:\/\/prensa.sma.gob.ar\/wp-content\/uploads\/2024\/10\/WhatsApp-Image-2024-10-25-at-15.40.08-768x432.jpeg 768w, https:\/\/prensa.sma.gob.ar\/wp-content\/uploads\/2024\/10\/WhatsApp-Image-2024-10-25-at-15.40.08-1536x864.jpeg 1536w, https:\/\/prensa.sma.gob.ar\/wp-content\/uploads\/2024\/10\/WhatsApp-Image-2024-10-25-at-15.40.08-747x420.jpeg 747w, https:\/\/prensa.sma.gob.ar\/wp-content\/uploads\/2024\/10\/WhatsApp-Image-2024-10-25-at-15.40.08-696x392.jpeg 696w, https:\/\/prensa.sma.gob.ar\/wp-content\/uploads\/2024\/10\/WhatsApp-Image-2024-10-25-at-15.40.08-1068x601.jpeg 1068w, https:\/\/prensa.sma.gob.ar\/wp-content\/uploads\/2024\/10\/WhatsApp-Image-2024-10-25-at-15.40.08.jpeg 1600w\" sizes=\"auto, (max-width: 1024px) 100vw, 1024px\" \/><\/figure>\n\n\n\n<figure class=\"wp-block-image size-large\"><img loading=\"lazy\" decoding=\"async\" width=\"1024\" height=\"629\" data-id=\"3225\" src=\"https:\/\/prensa.sma.gob.ar\/wp-content\/uploads\/2024\/10\/WhatsApp-Image-2024-10-25-at-15.40.18-1024x629.jpeg\" alt=\"\" class=\"wp-image-3225\" srcset=\"https:\/\/prensa.sma.gob.ar\/wp-content\/uploads\/2024\/10\/WhatsApp-Image-2024-10-25-at-15.40.18-1024x629.jpeg 1024w, https:\/\/prensa.sma.gob.ar\/wp-content\/uploads\/2024\/10\/WhatsApp-Image-2024-10-25-at-15.40.18-300x184.jpeg 300w, https:\/\/prensa.sma.gob.ar\/wp-content\/uploads\/2024\/10\/WhatsApp-Image-2024-10-25-at-15.40.18-768x472.jpeg 768w, https:\/\/prensa.sma.gob.ar\/wp-content\/uploads\/2024\/10\/WhatsApp-Image-2024-10-25-at-15.40.18-1536x944.jpeg 1536w, https:\/\/prensa.sma.gob.ar\/wp-content\/uploads\/2024\/10\/WhatsApp-Image-2024-10-25-at-15.40.18-684x420.jpeg 684w, https:\/\/prensa.sma.gob.ar\/wp-content\/uploads\/2024\/10\/WhatsApp-Image-2024-10-25-at-15.40.18-696x428.jpeg 696w, https:\/\/prensa.sma.gob.ar\/wp-content\/uploads\/2024\/10\/WhatsApp-Image-2024-10-25-at-15.40.18-1068x656.jpeg 1068w, https:\/\/prensa.sma.gob.ar\/wp-content\/uploads\/2024\/10\/WhatsApp-Image-2024-10-25-at-15.40.18.jpeg 1600w\" sizes=\"auto, (max-width: 1024px) 100vw, 1024px\" \/><\/figure>\n\n\n\n<figure class=\"wp-block-image size-large\"><img loading=\"lazy\" decoding=\"async\" width=\"1024\" height=\"613\" data-id=\"3224\" src=\"https:\/\/prensa.sma.gob.ar\/wp-content\/uploads\/2024\/10\/WhatsApp-Image-2024-10-25-at-15.40.19-1024x613.jpeg\" alt=\"\" class=\"wp-image-3224\" srcset=\"https:\/\/prensa.sma.gob.ar\/wp-content\/uploads\/2024\/10\/WhatsApp-Image-2024-10-25-at-15.40.19-1024x613.jpeg 1024w, https:\/\/prensa.sma.gob.ar\/wp-content\/uploads\/2024\/10\/WhatsApp-Image-2024-10-25-at-15.40.19-300x180.jpeg 300w, https:\/\/prensa.sma.gob.ar\/wp-content\/uploads\/2024\/10\/WhatsApp-Image-2024-10-25-at-15.40.19-768x460.jpeg 768w, https:\/\/prensa.sma.gob.ar\/wp-content\/uploads\/2024\/10\/WhatsApp-Image-2024-10-25-at-15.40.19-1536x920.jpeg 1536w, https:\/\/prensa.sma.gob.ar\/wp-content\/uploads\/2024\/10\/WhatsApp-Image-2024-10-25-at-15.40.19-701x420.jpeg 701w, https:\/\/prensa.sma.gob.ar\/wp-content\/uploads\/2024\/10\/WhatsApp-Image-2024-10-25-at-15.40.19-696x417.jpeg 696w, https:\/\/prensa.sma.gob.ar\/wp-content\/uploads\/2024\/10\/WhatsApp-Image-2024-10-25-at-15.40.19-1068x639.jpeg 1068w, https:\/\/prensa.sma.gob.ar\/wp-content\/uploads\/2024\/10\/WhatsApp-Image-2024-10-25-at-15.40.19.jpeg 1600w\" sizes=\"auto, (max-width: 1024px) 100vw, 1024px\" \/><\/figure>\n<\/figure>\n\n\n\n<figure class=\"wp-block-gallery has-nested-images columns-default is-cropped wp-block-gallery-3 is-layout-flex wp-block-gallery-is-layout-flex\">\n<figure class=\"wp-block-image size-large\"><img loading=\"lazy\" decoding=\"async\" width=\"1024\" height=\"576\" data-id=\"3237\" src=\"https:\/\/prensa.sma.gob.ar\/wp-content\/uploads\/2024\/10\/WhatsApp-Image-2024-10-25-at-15.40.03-1024x576.jpeg\" alt=\"\" class=\"wp-image-3237\" srcset=\"https:\/\/prensa.sma.gob.ar\/wp-content\/uploads\/2024\/10\/WhatsApp-Image-2024-10-25-at-15.40.03-1024x576.jpeg 1024w, https:\/\/prensa.sma.gob.ar\/wp-content\/uploads\/2024\/10\/WhatsApp-Image-2024-10-25-at-15.40.03-300x169.jpeg 300w, https:\/\/prensa.sma.gob.ar\/wp-content\/uploads\/2024\/10\/WhatsApp-Image-2024-10-25-at-15.40.03-768x432.jpeg 768w, https:\/\/prensa.sma.gob.ar\/wp-content\/uploads\/2024\/10\/WhatsApp-Image-2024-10-25-at-15.40.03-1536x864.jpeg 1536w, https:\/\/prensa.sma.gob.ar\/wp-content\/uploads\/2024\/10\/WhatsApp-Image-2024-10-25-at-15.40.03-747x420.jpeg 747w, https:\/\/prensa.sma.gob.ar\/wp-content\/uploads\/2024\/10\/WhatsApp-Image-2024-10-25-at-15.40.03-696x392.jpeg 696w, https:\/\/prensa.sma.gob.ar\/wp-content\/uploads\/2024\/10\/WhatsApp-Image-2024-10-25-at-15.40.03-1068x601.jpeg 1068w, https:\/\/prensa.sma.gob.ar\/wp-content\/uploads\/2024\/10\/WhatsApp-Image-2024-10-25-at-15.40.03.jpeg 1600w\" sizes=\"auto, (max-width: 1024px) 100vw, 1024px\" \/><\/figure>\n\n\n\n<figure class=\"wp-block-image size-large\"><img loading=\"lazy\" decoding=\"async\" width=\"1024\" height=\"576\" data-id=\"3223\" src=\"https:\/\/prensa.sma.gob.ar\/wp-content\/uploads\/2024\/10\/WhatsApp-Image-2024-10-25-at-15.40.191-1024x576.jpeg\" alt=\"\" class=\"wp-image-3223\" srcset=\"https:\/\/prensa.sma.gob.ar\/wp-content\/uploads\/2024\/10\/WhatsApp-Image-2024-10-25-at-15.40.191-1024x576.jpeg 1024w, https:\/\/prensa.sma.gob.ar\/wp-content\/uploads\/2024\/10\/WhatsApp-Image-2024-10-25-at-15.40.191-300x169.jpeg 300w, https:\/\/prensa.sma.gob.ar\/wp-content\/uploads\/2024\/10\/WhatsApp-Image-2024-10-25-at-15.40.191-768x432.jpeg 768w, https:\/\/prensa.sma.gob.ar\/wp-content\/uploads\/2024\/10\/WhatsApp-Image-2024-10-25-at-15.40.191-1536x864.jpeg 1536w, https:\/\/prensa.sma.gob.ar\/wp-content\/uploads\/2024\/10\/WhatsApp-Image-2024-10-25-at-15.40.191-747x420.jpeg 747w, https:\/\/prensa.sma.gob.ar\/wp-content\/uploads\/2024\/10\/WhatsApp-Image-2024-10-25-at-15.40.191-696x392.jpeg 696w, https:\/\/prensa.sma.gob.ar\/wp-content\/uploads\/2024\/10\/WhatsApp-Image-2024-10-25-at-15.40.191-1068x601.jpeg 1068w, https:\/\/prensa.sma.gob.ar\/wp-content\/uploads\/2024\/10\/WhatsApp-Image-2024-10-25-at-15.40.191.jpeg 1600w\" sizes=\"auto, (max-width: 1024px) 100vw, 1024px\" \/><\/figure>\n\n\n\n<figure class=\"wp-block-image size-large\"><img loading=\"lazy\" decoding=\"async\" width=\"576\" height=\"1024\" data-id=\"3228\" src=\"https:\/\/prensa.sma.gob.ar\/wp-content\/uploads\/2024\/10\/WhatsApp-Image-2024-10-25-at-15.40.13-576x1024.jpeg\" alt=\"\" class=\"wp-image-3228\" srcset=\"https:\/\/prensa.sma.gob.ar\/wp-content\/uploads\/2024\/10\/WhatsApp-Image-2024-10-25-at-15.40.13-576x1024.jpeg 576w, https:\/\/prensa.sma.gob.ar\/wp-content\/uploads\/2024\/10\/WhatsApp-Image-2024-10-25-at-15.40.13-169x300.jpeg 169w, https:\/\/prensa.sma.gob.ar\/wp-content\/uploads\/2024\/10\/WhatsApp-Image-2024-10-25-at-15.40.13-768x1365.jpeg 768w, https:\/\/prensa.sma.gob.ar\/wp-content\/uploads\/2024\/10\/WhatsApp-Image-2024-10-25-at-15.40.13-864x1536.jpeg 864w, https:\/\/prensa.sma.gob.ar\/wp-content\/uploads\/2024\/10\/WhatsApp-Image-2024-10-25-at-15.40.13-236x420.jpeg 236w, https:\/\/prensa.sma.gob.ar\/wp-content\/uploads\/2024\/10\/WhatsApp-Image-2024-10-25-at-15.40.13-696x1237.jpeg 696w, https:\/\/prensa.sma.gob.ar\/wp-content\/uploads\/2024\/10\/WhatsApp-Image-2024-10-25-at-15.40.13.jpeg 900w\" sizes=\"auto, (max-width: 576px) 100vw, 576px\" \/><\/figure>\n<\/figure>\n\n\n\n<figure class=\"wp-block-embed is-type-video is-provider-youtube wp-block-embed-youtube wp-embed-aspect-16-9 wp-has-aspect-ratio\"><div class=\"wp-block-embed__wrapper\">\n<iframe loading=\"lazy\" title=\"SE REALIZAR\u00c1 EN SAN MART\u00cdN DE LOS ANDES EL III ENCUENTRO DE TEJEDORAS DEL NEUQU\u00c9N\" width=\"696\" height=\"392\" src=\"https:\/\/www.youtube.com\/embed\/knboghWG7Rc?feature=oembed\" frameborder=\"0\" allow=\"accelerometer; autoplay; clipboard-write; encrypted-media; gyroscope; picture-in-picture; web-share\" referrerpolicy=\"strict-origin-when-cross-origin\" allowfullscreen><\/iframe>\n<\/div><\/figure>\n","protected":false},"excerpt":{"rendered":"<p>El pr\u00f3ximo s\u00e1bado 16 de noviembre se realizar\u00e1 en San Mart\u00edn de los Andes el Tercer Encuentro de Mujeres Tejedoras del Neuqu\u00e9n, durante una jornada que incluir\u00e1 exposici\u00f3n y vetas, entre las 12 y las 18, en la Plaza San Mart\u00edn. El encuentro, denominado \u201cLa trama en com\u00fan\u201d, reunir\u00e1 a mujeres tejedoras de la provincia, [&hellip;]<\/p>\n","protected":false},"author":2,"featured_media":3232,"comment_status":"closed","ping_status":"open","sticky":false,"template":"","format":"standard","meta":{"footnotes":""},"categories":[5,16,14],"tags":[],"class_list":{"0":"post-3218","1":"post","2":"type-post","3":"status-publish","4":"format-standard","5":"has-post-thumbnail","7":"category-cultura","8":"category-destacadas","9":"category-noticias"},"_links":{"self":[{"href":"https:\/\/prensa.sma.gob.ar\/index.php?rest_route=\/wp\/v2\/posts\/3218","targetHints":{"allow":["GET"]}}],"collection":[{"href":"https:\/\/prensa.sma.gob.ar\/index.php?rest_route=\/wp\/v2\/posts"}],"about":[{"href":"https:\/\/prensa.sma.gob.ar\/index.php?rest_route=\/wp\/v2\/types\/post"}],"author":[{"embeddable":true,"href":"https:\/\/prensa.sma.gob.ar\/index.php?rest_route=\/wp\/v2\/users\/2"}],"replies":[{"embeddable":true,"href":"https:\/\/prensa.sma.gob.ar\/index.php?rest_route=%2Fwp%2Fv2%2Fcomments&post=3218"}],"version-history":[{"count":3,"href":"https:\/\/prensa.sma.gob.ar\/index.php?rest_route=\/wp\/v2\/posts\/3218\/revisions"}],"predecessor-version":[{"id":3659,"href":"https:\/\/prensa.sma.gob.ar\/index.php?rest_route=\/wp\/v2\/posts\/3218\/revisions\/3659"}],"wp:featuredmedia":[{"embeddable":true,"href":"https:\/\/prensa.sma.gob.ar\/index.php?rest_route=\/wp\/v2\/media\/3232"}],"wp:attachment":[{"href":"https:\/\/prensa.sma.gob.ar\/index.php?rest_route=%2Fwp%2Fv2%2Fmedia&parent=3218"}],"wp:term":[{"taxonomy":"category","embeddable":true,"href":"https:\/\/prensa.sma.gob.ar\/index.php?rest_route=%2Fwp%2Fv2%2Fcategories&post=3218"},{"taxonomy":"post_tag","embeddable":true,"href":"https:\/\/prensa.sma.gob.ar\/index.php?rest_route=%2Fwp%2Fv2%2Ftags&post=3218"}],"curies":[{"name":"wp","href":"https:\/\/api.w.org\/{rel}","templated":true}]}}