{"id":3246,"date":"2024-10-28T03:40:58","date_gmt":"2024-10-28T03:40:58","guid":{"rendered":"https:\/\/prensa.sma.gob.ar\/?p=3246"},"modified":"2024-10-28T03:41:00","modified_gmt":"2024-10-28T03:41:00","slug":"el-gobierno-provincial-envio-fondos-a-la-cooperativa-de-agua-potable-y-saneamiento","status":"publish","type":"post","link":"https:\/\/prensa.sma.gob.ar\/?p=3246","title":{"rendered":"El Gobierno provincial envi\u00f3 fondos a la Cooperativa de Agua Potable y Saneamiento"},"content":{"rendered":"\n<p>El Gobierno provincial envi\u00f3 un aporte no reintegrable por algo m\u00e1s de 57 millones de pesos a la Cooperativa de Agua Potable y Saneamiento para la compra de la electrobomba que ser\u00e1 instalada en la Planta de Tratamiento de efluentes cloacales N\u00b0 3, PTE 3.<\/p>\n\n\n\n<p>Los fondos, por $57.138.011,38, fueron el resultado de las gestiones iniciadas por el intendente Carlos Saloniti ante el ministro de Infraestructura de Neuqu\u00e9n, Rub\u00e9n Etcheverry, cuando visit\u00f3 nuestra ciudad, a fines de julio.<\/p>\n\n\n\n<p>De un encuentro realizado el 30 de julio entre el ministro Echeverry, el intendente Saloniti, el concejal Pablo Padilla y directivos del Consejo de Administraci\u00f3n de la Cooperativa de Agua Potable y Saneamiento, surgi\u00f3 el compromiso de encontrar soluciones conjuntas para las mejoras que necesitan las Plantas de Saneamiento para el tratamiento de l\u00edquidos cloacales.<\/p>\n\n\n\n<p>Luego de aquel compromiso, el jefe comunal y el ministro continuaron las negociaciones en la ciudad de Neuqu\u00e9n. El desembolso del dinero para la compra del equipo fue comunicado en forma personal al intendente Saloniti por el gobernador neuquino, Rolando Figueroa.<\/p>\n\n\n\n<p>El equipo es una electrobomba sumergible marca FLYGT, modelo NP 3171 MT 431, versi\u00f3n est\u00e1ndar, de fundici\u00f3n de hierro gris, apta para el bombeo de aguas residuales, cloacales, con contenidos de s\u00f3lidos o fibras largas, para instalaci\u00f3n en pozo colector de ingreso a Planta de Tratamiento de efluentes cloacales PTE 3. Est\u00e1 provista con motor el\u00e9ctrico de 22 Kw a 1455 rpm y c\u00e1mara de refrigeraci\u00f3n.<\/p>\n","protected":false},"excerpt":{"rendered":"<p>El Gobierno provincial envi\u00f3 un aporte no reintegrable por algo m\u00e1s de 57 millones de pesos a la Cooperativa de Agua Potable y Saneamiento para la compra de la electrobomba que ser\u00e1 instalada en la Planta de Tratamiento de efluentes cloacales N\u00b0 3, PTE 3. Los fondos, por $57.138.011,38, fueron el resultado de las gestiones [&hellip;]<\/p>\n","protected":false},"author":2,"featured_media":3247,"comment_status":"closed","ping_status":"open","sticky":false,"template":"","format":"standard","meta":{"footnotes":""},"categories":[16,14],"tags":[],"class_list":{"0":"post-3246","1":"post","2":"type-post","3":"status-publish","4":"format-standard","5":"has-post-thumbnail","7":"category-destacadas","8":"category-noticias"},"_links":{"self":[{"href":"https:\/\/prensa.sma.gob.ar\/index.php?rest_route=\/wp\/v2\/posts\/3246","targetHints":{"allow":["GET"]}}],"collection":[{"href":"https:\/\/prensa.sma.gob.ar\/index.php?rest_route=\/wp\/v2\/posts"}],"about":[{"href":"https:\/\/prensa.sma.gob.ar\/index.php?rest_route=\/wp\/v2\/types\/post"}],"author":[{"embeddable":true,"href":"https:\/\/prensa.sma.gob.ar\/index.php?rest_route=\/wp\/v2\/users\/2"}],"replies":[{"embeddable":true,"href":"https:\/\/prensa.sma.gob.ar\/index.php?rest_route=%2Fwp%2Fv2%2Fcomments&post=3246"}],"version-history":[{"count":1,"href":"https:\/\/prensa.sma.gob.ar\/index.php?rest_route=\/wp\/v2\/posts\/3246\/revisions"}],"predecessor-version":[{"id":3248,"href":"https:\/\/prensa.sma.gob.ar\/index.php?rest_route=\/wp\/v2\/posts\/3246\/revisions\/3248"}],"wp:featuredmedia":[{"embeddable":true,"href":"https:\/\/prensa.sma.gob.ar\/index.php?rest_route=\/wp\/v2\/media\/3247"}],"wp:attachment":[{"href":"https:\/\/prensa.sma.gob.ar\/index.php?rest_route=%2Fwp%2Fv2%2Fmedia&parent=3246"}],"wp:term":[{"taxonomy":"category","embeddable":true,"href":"https:\/\/prensa.sma.gob.ar\/index.php?rest_route=%2Fwp%2Fv2%2Fcategories&post=3246"},{"taxonomy":"post_tag","embeddable":true,"href":"https:\/\/prensa.sma.gob.ar\/index.php?rest_route=%2Fwp%2Fv2%2Ftags&post=3246"}],"curies":[{"name":"wp","href":"https:\/\/api.w.org\/{rel}","templated":true}]}}