{"id":3251,"date":"2024-10-28T14:57:04","date_gmt":"2024-10-28T14:57:04","guid":{"rendered":"https:\/\/prensa.sma.gob.ar\/?p=3251"},"modified":"2024-10-28T14:57:06","modified_gmt":"2024-10-28T14:57:06","slug":"vecinas-y-vecinos-de-los-callejones-tienen-su-primera-comision-vecinal","status":"publish","type":"post","link":"https:\/\/prensa.sma.gob.ar\/?p=3251","title":{"rendered":"Vecinas y vecinos de Los Callejones tienen su primera Comisi\u00f3n Vecinal"},"content":{"rendered":"\n<p>La primera Comisi\u00f3n Vecinal de Los Callejones logr\u00f3 en las elecciones de este domingo el apoyo del 22 % del padr\u00f3n y, por lo tanto, qued\u00f3 compuesta en los cargos titulares por Rosa Castillo, Juan Gattelli, Mariana Rojo, Liliana Ramos y Fabi\u00e1n D\u00edaz.<\/p>\n\n\n\n<p>Las elecciones se realizaron este domingo 27 de octubre, entre las 10 y hasta las 14 hs, en el quincho de la familia Mera, ubicado sobre Callej\u00f3n de Torres.<\/p>\n\n\n\n<p>Esta junta vecinal fue creada en mayo pasado cuando se aprob\u00f3 la divisi\u00f3n de la junta vecinal Vega Maip\u00fa por pedido de los propios vecinos y acompa\u00f1ados por la Subsecretaria de Juntas Vecinales.<\/p>\n\n\n\n<p>El acto de este domingo fue presidido por la subsecretaria de Juntas Vecinales, Irina Allegri. Fiscalizaron: Sandra Gal\u00e1n, vecina del barrio; Rosana Casiari y Angel Costa, del Consejo de Juntas Vecinales. La fiscalizaci\u00f3n general, log\u00edstica y coordinaci\u00f3n estuvo a cargo de Lorena Gonz\u00e1lez, jefa del \u00e1rea.<\/p>\n\n\n\n<p><\/p>\n","protected":false},"excerpt":{"rendered":"<p>La primera Comisi\u00f3n Vecinal de Los Callejones logr\u00f3 en las elecciones de este domingo el apoyo del 22 % del padr\u00f3n y, por lo tanto, qued\u00f3 compuesta en los cargos titulares por Rosa Castillo, Juan Gattelli, Mariana Rojo, Liliana Ramos y Fabi\u00e1n D\u00edaz. Las elecciones se realizaron este domingo 27 de octubre, entre las 10 [&hellip;]<\/p>\n","protected":false},"author":1,"featured_media":3252,"comment_status":"closed","ping_status":"open","sticky":false,"template":"","format":"standard","meta":{"footnotes":""},"categories":[16,14],"tags":[],"class_list":{"0":"post-3251","1":"post","2":"type-post","3":"status-publish","4":"format-standard","5":"has-post-thumbnail","7":"category-destacadas","8":"category-noticias"},"_links":{"self":[{"href":"https:\/\/prensa.sma.gob.ar\/index.php?rest_route=\/wp\/v2\/posts\/3251","targetHints":{"allow":["GET"]}}],"collection":[{"href":"https:\/\/prensa.sma.gob.ar\/index.php?rest_route=\/wp\/v2\/posts"}],"about":[{"href":"https:\/\/prensa.sma.gob.ar\/index.php?rest_route=\/wp\/v2\/types\/post"}],"author":[{"embeddable":true,"href":"https:\/\/prensa.sma.gob.ar\/index.php?rest_route=\/wp\/v2\/users\/1"}],"replies":[{"embeddable":true,"href":"https:\/\/prensa.sma.gob.ar\/index.php?rest_route=%2Fwp%2Fv2%2Fcomments&post=3251"}],"version-history":[{"count":1,"href":"https:\/\/prensa.sma.gob.ar\/index.php?rest_route=\/wp\/v2\/posts\/3251\/revisions"}],"predecessor-version":[{"id":3253,"href":"https:\/\/prensa.sma.gob.ar\/index.php?rest_route=\/wp\/v2\/posts\/3251\/revisions\/3253"}],"wp:featuredmedia":[{"embeddable":true,"href":"https:\/\/prensa.sma.gob.ar\/index.php?rest_route=\/wp\/v2\/media\/3252"}],"wp:attachment":[{"href":"https:\/\/prensa.sma.gob.ar\/index.php?rest_route=%2Fwp%2Fv2%2Fmedia&parent=3251"}],"wp:term":[{"taxonomy":"category","embeddable":true,"href":"https:\/\/prensa.sma.gob.ar\/index.php?rest_route=%2Fwp%2Fv2%2Fcategories&post=3251"},{"taxonomy":"post_tag","embeddable":true,"href":"https:\/\/prensa.sma.gob.ar\/index.php?rest_route=%2Fwp%2Fv2%2Ftags&post=3251"}],"curies":[{"name":"wp","href":"https:\/\/api.w.org\/{rel}","templated":true}]}}