{"id":3255,"date":"2024-10-28T16:22:46","date_gmt":"2024-10-28T16:22:46","guid":{"rendered":"https:\/\/prensa.sma.gob.ar\/?p=3255"},"modified":"2024-10-28T16:22:48","modified_gmt":"2024-10-28T16:22:48","slug":"la-junta-vecinal-de-chacra-4-presento-dos-listas-para-las-elecciones-vecinales","status":"publish","type":"post","link":"https:\/\/prensa.sma.gob.ar\/?p=3255","title":{"rendered":"La Junta Vecinal de Chacra 4 present\u00f3 dos listas para las elecciones vecinales"},"content":{"rendered":"\n<p>Luego de vencidos los plazos que establece la ordenanza que reglamenta las Juntas Vecinales en su Cap\u00edtulo IV, art\u00edculo 26, se presentaron dos listas de vecinos y vecinas para las elecciones vecinales de Chacra 4, previstas para el d\u00eda 17 de noviembre del corriente a\u00f1o.<\/p>\n\n\n\n<p>Las listas postulantes para la renovaci\u00f3n de la Comisi\u00f3n Vecinal quedan oficializadas de la siguiente manera:<\/p>\n\n\n\n<p>LISTA VERDE<\/p>\n\n\n\n<p>Cargos Titulares: Rosa Delgado, Tamara Aguirre, Lorena Cifuentes, Mar\u00eda Vera, Eduardo Mar\u00edn.<\/p>\n\n\n\n<p>Cargos Suplentes: Luis Silva, Ulda Jofre, Omar Montecino, Juana Catalan, Patricia Pelozo.<\/p>\n\n\n\n<p>S\u00edndico Revisor de Cuenta: Cristina Figueroa y Luis Ancafil.<\/p>\n\n\n\n<p>Fiscales: Quentrey Mar\u00eda de los \u00c1ngeles y Enedina Mellado N.<\/p>\n\n\n\n<p>LISTA VIOLETA:<\/p>\n\n\n\n<p>Cargos Titulares: Bustos Olga, Cintia Silva, Esteban Huaiquifil, Carmen Aguirre, Andrea Silva.<\/p>\n\n\n\n<p>Cargos Suplentes: Carina Ancafil, Beatriz Suarez, Haydee Vasquez, Silvia Amoyado, Elvira Albornoz.<\/p>\n\n\n\n<p>S\u00edndico revisor de Cuenta: Mar\u00eda Prieto y Elida Pargade.<\/p>\n\n\n\n<p>Fiscales: Vanesa Parra<\/p>\n","protected":false},"excerpt":{"rendered":"<p>Luego de vencidos los plazos que establece la ordenanza que reglamenta las Juntas Vecinales en su Cap\u00edtulo IV, art\u00edculo 26, se presentaron dos listas de vecinos y vecinas para las elecciones vecinales de Chacra 4, previstas para el d\u00eda 17 de noviembre del corriente a\u00f1o. Las listas postulantes para la renovaci\u00f3n de la Comisi\u00f3n Vecinal [&hellip;]<\/p>\n","protected":false},"author":1,"featured_media":1195,"comment_status":"closed","ping_status":"open","sticky":false,"template":"","format":"standard","meta":{"footnotes":""},"categories":[16,39,14],"tags":[],"class_list":{"0":"post-3255","1":"post","2":"type-post","3":"status-publish","4":"format-standard","5":"has-post-thumbnail","7":"category-destacadas","8":"category-subs-juntas-vecinales","9":"category-noticias"},"_links":{"self":[{"href":"https:\/\/prensa.sma.gob.ar\/index.php?rest_route=\/wp\/v2\/posts\/3255","targetHints":{"allow":["GET"]}}],"collection":[{"href":"https:\/\/prensa.sma.gob.ar\/index.php?rest_route=\/wp\/v2\/posts"}],"about":[{"href":"https:\/\/prensa.sma.gob.ar\/index.php?rest_route=\/wp\/v2\/types\/post"}],"author":[{"embeddable":true,"href":"https:\/\/prensa.sma.gob.ar\/index.php?rest_route=\/wp\/v2\/users\/1"}],"replies":[{"embeddable":true,"href":"https:\/\/prensa.sma.gob.ar\/index.php?rest_route=%2Fwp%2Fv2%2Fcomments&post=3255"}],"version-history":[{"count":1,"href":"https:\/\/prensa.sma.gob.ar\/index.php?rest_route=\/wp\/v2\/posts\/3255\/revisions"}],"predecessor-version":[{"id":3256,"href":"https:\/\/prensa.sma.gob.ar\/index.php?rest_route=\/wp\/v2\/posts\/3255\/revisions\/3256"}],"wp:featuredmedia":[{"embeddable":true,"href":"https:\/\/prensa.sma.gob.ar\/index.php?rest_route=\/wp\/v2\/media\/1195"}],"wp:attachment":[{"href":"https:\/\/prensa.sma.gob.ar\/index.php?rest_route=%2Fwp%2Fv2%2Fmedia&parent=3255"}],"wp:term":[{"taxonomy":"category","embeddable":true,"href":"https:\/\/prensa.sma.gob.ar\/index.php?rest_route=%2Fwp%2Fv2%2Fcategories&post=3255"},{"taxonomy":"post_tag","embeddable":true,"href":"https:\/\/prensa.sma.gob.ar\/index.php?rest_route=%2Fwp%2Fv2%2Ftags&post=3255"}],"curies":[{"name":"wp","href":"https:\/\/api.w.org\/{rel}","templated":true}]}}