{"id":3259,"date":"2024-10-29T13:32:35","date_gmt":"2024-10-29T13:32:35","guid":{"rendered":"https:\/\/prensa.sma.gob.ar\/?p=3259"},"modified":"2024-10-29T13:44:30","modified_gmt":"2024-10-29T13:44:30","slug":"llego-a-san-martin-de-los-andes-la-cruzada-ciclistica-de-la-policia-del-neuquen","status":"publish","type":"post","link":"https:\/\/prensa.sma.gob.ar\/?p=3259","title":{"rendered":"Lleg\u00f3 a San Mart\u00edn de los Andes la Cruzada Cicl\u00edstica de la Polic\u00eda del Neuqu\u00e9n"},"content":{"rendered":"\n<p>El secretario de Gobierno del Municipio, Federico Vita, particip\u00f3 del acto que se realiz\u00f3 en nuestra ciudad, con motivo de la llegada de la cruzada cicl\u00edstica que la Polic\u00eda del Neuqu\u00e9n realiza para recordar a los ca\u00eddos en cumplimiento del deber.<\/p>\n\n\n\n<figure class=\"wp-block-image size-large\"><img loading=\"lazy\" decoding=\"async\" width=\"1024\" height=\"768\" src=\"https:\/\/prensa.sma.gob.ar\/wp-content\/uploads\/2024\/10\/COMISARIA-1024x768.jpg\" alt=\"\" class=\"wp-image-3261\" srcset=\"https:\/\/prensa.sma.gob.ar\/wp-content\/uploads\/2024\/10\/COMISARIA-1024x768.jpg 1024w, https:\/\/prensa.sma.gob.ar\/wp-content\/uploads\/2024\/10\/COMISARIA-300x225.jpg 300w, https:\/\/prensa.sma.gob.ar\/wp-content\/uploads\/2024\/10\/COMISARIA-768x576.jpg 768w, https:\/\/prensa.sma.gob.ar\/wp-content\/uploads\/2024\/10\/COMISARIA-560x420.jpg 560w, https:\/\/prensa.sma.gob.ar\/wp-content\/uploads\/2024\/10\/COMISARIA-80x60.jpg 80w, https:\/\/prensa.sma.gob.ar\/wp-content\/uploads\/2024\/10\/COMISARIA-696x522.jpg 696w, https:\/\/prensa.sma.gob.ar\/wp-content\/uploads\/2024\/10\/COMISARIA-1068x801.jpg 1068w, https:\/\/prensa.sma.gob.ar\/wp-content\/uploads\/2024\/10\/COMISARIA.jpg 1280w\" sizes=\"auto, (max-width: 1024px) 100vw, 1024px\" \/><\/figure>\n\n\n\n<p>Los jefes policiales de nuestra ciudad estuvieron acompa\u00f1ados por el concejal C\u00e9sar Meza; Veteranos de Malvinas; autoridades del Parque Nacional Lanin, y Gendarmer\u00eda Nacional, entre otras autoridades.<\/p>\n\n\n\n<figure class=\"wp-block-image size-large\"><img loading=\"lazy\" decoding=\"async\" width=\"1024\" height=\"768\" src=\"https:\/\/prensa.sma.gob.ar\/wp-content\/uploads\/2024\/10\/CRUZADA-BIKE-43-3-1024x768.jpeg\" alt=\"\" class=\"wp-image-3262\" srcset=\"https:\/\/prensa.sma.gob.ar\/wp-content\/uploads\/2024\/10\/CRUZADA-BIKE-43-3-1024x768.jpeg 1024w, https:\/\/prensa.sma.gob.ar\/wp-content\/uploads\/2024\/10\/CRUZADA-BIKE-43-3-300x225.jpeg 300w, https:\/\/prensa.sma.gob.ar\/wp-content\/uploads\/2024\/10\/CRUZADA-BIKE-43-3-768x576.jpeg 768w, https:\/\/prensa.sma.gob.ar\/wp-content\/uploads\/2024\/10\/CRUZADA-BIKE-43-3-1536x1152.jpeg 1536w, https:\/\/prensa.sma.gob.ar\/wp-content\/uploads\/2024\/10\/CRUZADA-BIKE-43-3-560x420.jpeg 560w, https:\/\/prensa.sma.gob.ar\/wp-content\/uploads\/2024\/10\/CRUZADA-BIKE-43-3-80x60.jpeg 80w, https:\/\/prensa.sma.gob.ar\/wp-content\/uploads\/2024\/10\/CRUZADA-BIKE-43-3-696x522.jpeg 696w, https:\/\/prensa.sma.gob.ar\/wp-content\/uploads\/2024\/10\/CRUZADA-BIKE-43-3-1068x801.jpeg 1068w, https:\/\/prensa.sma.gob.ar\/wp-content\/uploads\/2024\/10\/CRUZADA-BIKE-43-3.jpeg 1600w\" sizes=\"auto, (max-width: 1024px) 100vw, 1024px\" \/><\/figure>\n\n\n\n<p>La traves\u00eda, que hab\u00eda estado en los d\u00edas previos en Zapala y Alumin\u00e9, record\u00f3 especialmente al subinspector Enzo Gabriel Z\u00fa\u00f1iga, de Loncopu\u00e9, quien falleci\u00f3 este domingo atropellado mientras cumpl\u00eda funciones en Ruta 237, cerca de Piedra del \u00c1guila.<\/p>\n\n\n\n<figure class=\"wp-block-image size-large\"><img loading=\"lazy\" decoding=\"async\" width=\"1024\" height=\"768\" src=\"https:\/\/prensa.sma.gob.ar\/wp-content\/uploads\/2024\/10\/CRUZADA-BIKE-43-2-1024x768.jpg\" alt=\"\" class=\"wp-image-3263\" srcset=\"https:\/\/prensa.sma.gob.ar\/wp-content\/uploads\/2024\/10\/CRUZADA-BIKE-43-2-1024x768.jpg 1024w, https:\/\/prensa.sma.gob.ar\/wp-content\/uploads\/2024\/10\/CRUZADA-BIKE-43-2-300x225.jpg 300w, https:\/\/prensa.sma.gob.ar\/wp-content\/uploads\/2024\/10\/CRUZADA-BIKE-43-2-768x576.jpg 768w, https:\/\/prensa.sma.gob.ar\/wp-content\/uploads\/2024\/10\/CRUZADA-BIKE-43-2-1536x1152.jpg 1536w, https:\/\/prensa.sma.gob.ar\/wp-content\/uploads\/2024\/10\/CRUZADA-BIKE-43-2-560x420.jpg 560w, https:\/\/prensa.sma.gob.ar\/wp-content\/uploads\/2024\/10\/CRUZADA-BIKE-43-2-80x60.jpg 80w, https:\/\/prensa.sma.gob.ar\/wp-content\/uploads\/2024\/10\/CRUZADA-BIKE-43-2-696x522.jpg 696w, https:\/\/prensa.sma.gob.ar\/wp-content\/uploads\/2024\/10\/CRUZADA-BIKE-43-2-1068x801.jpg 1068w, https:\/\/prensa.sma.gob.ar\/wp-content\/uploads\/2024\/10\/CRUZADA-BIKE-43-2.jpg 1600w\" sizes=\"auto, (max-width: 1024px) 100vw, 1024px\" \/><\/figure>\n\n\n\n<p><\/p>\n","protected":false},"excerpt":{"rendered":"<p>El secretario de Gobierno del Municipio, Federico Vita, particip\u00f3 del acto que se realiz\u00f3 en nuestra ciudad, con motivo de la llegada de la cruzada cicl\u00edstica que la Polic\u00eda del Neuqu\u00e9n realiza para recordar a los ca\u00eddos en cumplimiento del deber. Los jefes policiales de nuestra ciudad estuvieron acompa\u00f1ados por el concejal C\u00e9sar Meza; Veteranos [&hellip;]<\/p>\n","protected":false},"author":1,"featured_media":3260,"comment_status":"closed","ping_status":"open","sticky":false,"template":"","format":"standard","meta":{"footnotes":""},"categories":[11,14],"tags":[],"class_list":{"0":"post-3259","1":"post","2":"type-post","3":"status-publish","4":"format-standard","5":"has-post-thumbnail","7":"category-gobierno","8":"category-noticias"},"_links":{"self":[{"href":"https:\/\/prensa.sma.gob.ar\/index.php?rest_route=\/wp\/v2\/posts\/3259","targetHints":{"allow":["GET"]}}],"collection":[{"href":"https:\/\/prensa.sma.gob.ar\/index.php?rest_route=\/wp\/v2\/posts"}],"about":[{"href":"https:\/\/prensa.sma.gob.ar\/index.php?rest_route=\/wp\/v2\/types\/post"}],"author":[{"embeddable":true,"href":"https:\/\/prensa.sma.gob.ar\/index.php?rest_route=\/wp\/v2\/users\/1"}],"replies":[{"embeddable":true,"href":"https:\/\/prensa.sma.gob.ar\/index.php?rest_route=%2Fwp%2Fv2%2Fcomments&post=3259"}],"version-history":[{"count":1,"href":"https:\/\/prensa.sma.gob.ar\/index.php?rest_route=\/wp\/v2\/posts\/3259\/revisions"}],"predecessor-version":[{"id":3264,"href":"https:\/\/prensa.sma.gob.ar\/index.php?rest_route=\/wp\/v2\/posts\/3259\/revisions\/3264"}],"wp:featuredmedia":[{"embeddable":true,"href":"https:\/\/prensa.sma.gob.ar\/index.php?rest_route=\/wp\/v2\/media\/3260"}],"wp:attachment":[{"href":"https:\/\/prensa.sma.gob.ar\/index.php?rest_route=%2Fwp%2Fv2%2Fmedia&parent=3259"}],"wp:term":[{"taxonomy":"category","embeddable":true,"href":"https:\/\/prensa.sma.gob.ar\/index.php?rest_route=%2Fwp%2Fv2%2Fcategories&post=3259"},{"taxonomy":"post_tag","embeddable":true,"href":"https:\/\/prensa.sma.gob.ar\/index.php?rest_route=%2Fwp%2Fv2%2Ftags&post=3259"}],"curies":[{"name":"wp","href":"https:\/\/api.w.org\/{rel}","templated":true}]}}