{"id":3288,"date":"2024-10-30T18:46:08","date_gmt":"2024-10-30T18:46:08","guid":{"rendered":"https:\/\/prensa.sma.gob.ar\/?p=3288"},"modified":"2024-10-30T18:47:53","modified_gmt":"2024-10-30T18:47:53","slug":"el-gobernador-figueroa-informo-a-los-intendentes-detalles-del-presupuesto-2025","status":"publish","type":"post","link":"https:\/\/prensa.sma.gob.ar\/?p=3288","title":{"rendered":"El gobernador Figueroa inform\u00f3 a los intendentes detalles del Presupuesto 2025"},"content":{"rendered":"\n<p>El gobernador de Neuqu\u00e9n, Rolando Figueroa, inform\u00f3 a los intendentes de toda la provincia, delegados de las siete regiones de la provincia y miembros de su gabinete los principales puntos del proyecto de Presupuesto 2025 que ser\u00e1 enviado ma\u00f1ana a la Legislatura.<\/p>\n\n\n\n<p>El mandatario provincial destac\u00f3 que este presupuesto refleja el trabajo conjunto con los intendentes, atendiendo las necesidades de cada localidad. Por primera vez, los jefes comunales realizaron aportes para la redacci\u00f3n del proyecto y para la prioridad de obras.<\/p>\n\n\n\n<p>La reuni\u00f3n de este mi\u00e9rcoles tuvo como objetivo reforzar el compromiso de colaboraci\u00f3n establecido en el Pacto de Gobernanza firmado a principios de a\u00f1o, a trav\u00e9s del cual se priorizan las obras p\u00fablicas consideradas esenciales por cada comunidad.<\/p>\n\n\n\n<p>El proyecto de presupuesto pone un \u00e9nfasis especial en la obra p\u00fablica, que representa uno de los pilares fundamentales de la gesti\u00f3n, en el desarrollo de las regiones y en atender las prioridades planteadas por los jefes comunales.<\/p>\n\n\n\n<p>Al hablar en el acto, realizado en el espacio Duam, Figueroa puso \u00e9nfasis en la regionalizaci\u00f3n como eje medular de las acciones pol\u00edticas y la neuquinidad como premisa fundamental.<\/p>\n\n\n\n<p>Por primera vez en la historia de la provincia, el proyecto de la llamada ley de leyes fue redactado a partir del relevamiento de las necesidades de obras e inversiones de cada una de las ciudades y localidades que componen las siete regiones de la provincia. <\/p>\n\n\n\n<p>La iniciativa incluye la pauta salarial 2025, que el gobierno acord\u00f3 con los cuatro gremios que representan a los trabajadores de la administraci\u00f3n p\u00fablica provincial (ATE, ATEN, UPCN y Viales).<\/p>\n\n\n\n<p>\u201cDesde el pacto de Gobernanza que realizamos a principios del a\u00f1o nos propusimos trabajar codo a codo con los intendentes, para priorizar las obras que son importantes en cada comunidad\u201d, sostuvo el gobernador.<\/p>\n\n\n\n<p>Reafirm\u00f3 que \u201cese trabajo es el que estamos plasmando en este proyecto, que tiene en la obra p\u00fablica una de sus principales fortalezas\u201d.<\/p>\n\n\n\n<figure class=\"wp-block-gallery has-nested-images columns-default is-cropped wp-block-gallery-1 is-layout-flex wp-block-gallery-is-layout-flex\">\n<figure class=\"wp-block-image size-large\"><img loading=\"lazy\" decoding=\"async\" width=\"1024\" height=\"682\" data-id=\"3291\" src=\"https:\/\/prensa.sma.gob.ar\/wp-content\/uploads\/2024\/10\/WhatsApp-Image-2024-10-30-at-14.56.50-1024x682.jpeg\" alt=\"\" class=\"wp-image-3291\" srcset=\"https:\/\/prensa.sma.gob.ar\/wp-content\/uploads\/2024\/10\/WhatsApp-Image-2024-10-30-at-14.56.50-1024x682.jpeg 1024w, https:\/\/prensa.sma.gob.ar\/wp-content\/uploads\/2024\/10\/WhatsApp-Image-2024-10-30-at-14.56.50-300x200.jpeg 300w, https:\/\/prensa.sma.gob.ar\/wp-content\/uploads\/2024\/10\/WhatsApp-Image-2024-10-30-at-14.56.50-768x512.jpeg 768w, https:\/\/prensa.sma.gob.ar\/wp-content\/uploads\/2024\/10\/WhatsApp-Image-2024-10-30-at-14.56.50-1536x1023.jpeg 1536w, https:\/\/prensa.sma.gob.ar\/wp-content\/uploads\/2024\/10\/WhatsApp-Image-2024-10-30-at-14.56.50-630x420.jpeg 630w, https:\/\/prensa.sma.gob.ar\/wp-content\/uploads\/2024\/10\/WhatsApp-Image-2024-10-30-at-14.56.50-696x464.jpeg 696w, https:\/\/prensa.sma.gob.ar\/wp-content\/uploads\/2024\/10\/WhatsApp-Image-2024-10-30-at-14.56.50-1068x712.jpeg 1068w, https:\/\/prensa.sma.gob.ar\/wp-content\/uploads\/2024\/10\/WhatsApp-Image-2024-10-30-at-14.56.50.jpeg 1600w\" sizes=\"auto, (max-width: 1024px) 100vw, 1024px\" \/><\/figure>\n\n\n\n<figure class=\"wp-block-image size-large\"><img loading=\"lazy\" decoding=\"async\" width=\"1024\" height=\"768\" data-id=\"3289\" src=\"https:\/\/prensa.sma.gob.ar\/wp-content\/uploads\/2024\/10\/WhatsApp-Image-2024-10-30-at-14.56.57-1024x768.jpeg\" alt=\"\" class=\"wp-image-3289\" srcset=\"https:\/\/prensa.sma.gob.ar\/wp-content\/uploads\/2024\/10\/WhatsApp-Image-2024-10-30-at-14.56.57-1024x768.jpeg 1024w, https:\/\/prensa.sma.gob.ar\/wp-content\/uploads\/2024\/10\/WhatsApp-Image-2024-10-30-at-14.56.57-300x225.jpeg 300w, https:\/\/prensa.sma.gob.ar\/wp-content\/uploads\/2024\/10\/WhatsApp-Image-2024-10-30-at-14.56.57-768x576.jpeg 768w, https:\/\/prensa.sma.gob.ar\/wp-content\/uploads\/2024\/10\/WhatsApp-Image-2024-10-30-at-14.56.57-1536x1152.jpeg 1536w, https:\/\/prensa.sma.gob.ar\/wp-content\/uploads\/2024\/10\/WhatsApp-Image-2024-10-30-at-14.56.57-560x420.jpeg 560w, https:\/\/prensa.sma.gob.ar\/wp-content\/uploads\/2024\/10\/WhatsApp-Image-2024-10-30-at-14.56.57-80x60.jpeg 80w, https:\/\/prensa.sma.gob.ar\/wp-content\/uploads\/2024\/10\/WhatsApp-Image-2024-10-30-at-14.56.57-696x522.jpeg 696w, https:\/\/prensa.sma.gob.ar\/wp-content\/uploads\/2024\/10\/WhatsApp-Image-2024-10-30-at-14.56.57-1068x801.jpeg 1068w, https:\/\/prensa.sma.gob.ar\/wp-content\/uploads\/2024\/10\/WhatsApp-Image-2024-10-30-at-14.56.57.jpeg 1600w\" sizes=\"auto, (max-width: 1024px) 100vw, 1024px\" \/><\/figure>\n<\/figure>\n\n\n\n<p><strong>\u00abLa provincia muestra previsibilidad en tiempos muy complejos\u00bb<\/strong><\/p>\n\n\n\n<p>El intendente Saloniti viaj\u00f3 a Neuqu\u00e9n para participar del encuentro donde se dieron los detalles del Presupuesto de Recursos y Gastos 2025.<\/p>\n\n\n\n<p>Luego de escuchar al gobernador Figuera, Saloniti calific\u00f3 como \u00abimportante y muy valioso\u00bb el hecho de que \u00abla provincia tenga previsibilidad en contextos tan complejos como los que vivimos; previsibilidad presupuestaria, financiera, salarial y el detalles de las obras\u00bb.<\/p>\n\n\n\n<p>El jefe comunal se\u00f1al\u00f3 que esta previsibilidad \u00abnos da certidumbre y nos ayuda a ordenarnos\u00bb, en la gesti\u00f3n y en la planificaci\u00f3n.<\/p>\n\n\n\n<p>Durante septiembre, el gobernador Figueroa recorri\u00f3 las siete regiones de la provincia en reuniones con intendentes y concejales para adelantarles las caracter\u00edsticas que tendr\u00e1 el pr\u00f3ximo presupuesto. En nuestra regi\u00f3n, el encuentro se realiz\u00f3 en Villa La Angostura.<\/p>\n\n\n\n<p>Esta semana, adem\u00e1s, el mandatario adelant\u00f3 que, por primera vez, la Ley de Presupuesto de la Provincia, contemplar\u00e1 la pauta salarial del a\u00f1o pr\u00f3ximo. \u201cNeuqu\u00e9n es la \u00fanica provincia de la Rep\u00fablica Argentina que va a presentar el presupuesto provincial con toda la previsibilidad para los empleados p\u00fablicos, esto es hist\u00f3rico\u201d, enfatiz\u00f3.<\/p>\n","protected":false},"excerpt":{"rendered":"<p>El gobernador de Neuqu\u00e9n, Rolando Figueroa, inform\u00f3 a los intendentes de toda la provincia, delegados de las siete regiones de la provincia y miembros de su gabinete los principales puntos del proyecto de Presupuesto 2025 que ser\u00e1 enviado ma\u00f1ana a la Legislatura. El mandatario provincial destac\u00f3 que este presupuesto refleja el trabajo conjunto con los [&hellip;]<\/p>\n","protected":false},"author":2,"featured_media":3290,"comment_status":"closed","ping_status":"open","sticky":false,"template":"","format":"standard","meta":{"footnotes":""},"categories":[16,14,17],"tags":[],"class_list":{"0":"post-3288","1":"post","2":"type-post","3":"status-publish","4":"format-standard","5":"has-post-thumbnail","7":"category-destacadas","8":"category-noticias","9":"category-portada"},"_links":{"self":[{"href":"https:\/\/prensa.sma.gob.ar\/index.php?rest_route=\/wp\/v2\/posts\/3288","targetHints":{"allow":["GET"]}}],"collection":[{"href":"https:\/\/prensa.sma.gob.ar\/index.php?rest_route=\/wp\/v2\/posts"}],"about":[{"href":"https:\/\/prensa.sma.gob.ar\/index.php?rest_route=\/wp\/v2\/types\/post"}],"author":[{"embeddable":true,"href":"https:\/\/prensa.sma.gob.ar\/index.php?rest_route=\/wp\/v2\/users\/2"}],"replies":[{"embeddable":true,"href":"https:\/\/prensa.sma.gob.ar\/index.php?rest_route=%2Fwp%2Fv2%2Fcomments&post=3288"}],"version-history":[{"count":2,"href":"https:\/\/prensa.sma.gob.ar\/index.php?rest_route=\/wp\/v2\/posts\/3288\/revisions"}],"predecessor-version":[{"id":3293,"href":"https:\/\/prensa.sma.gob.ar\/index.php?rest_route=\/wp\/v2\/posts\/3288\/revisions\/3293"}],"wp:featuredmedia":[{"embeddable":true,"href":"https:\/\/prensa.sma.gob.ar\/index.php?rest_route=\/wp\/v2\/media\/3290"}],"wp:attachment":[{"href":"https:\/\/prensa.sma.gob.ar\/index.php?rest_route=%2Fwp%2Fv2%2Fmedia&parent=3288"}],"wp:term":[{"taxonomy":"category","embeddable":true,"href":"https:\/\/prensa.sma.gob.ar\/index.php?rest_route=%2Fwp%2Fv2%2Fcategories&post=3288"},{"taxonomy":"post_tag","embeddable":true,"href":"https:\/\/prensa.sma.gob.ar\/index.php?rest_route=%2Fwp%2Fv2%2Ftags&post=3288"}],"curies":[{"name":"wp","href":"https:\/\/api.w.org\/{rel}","templated":true}]}}