{"id":3359,"date":"2024-11-04T15:02:26","date_gmt":"2024-11-04T15:02:26","guid":{"rendered":"https:\/\/prensa.sma.gob.ar\/?p=3359"},"modified":"2024-11-04T15:04:56","modified_gmt":"2024-11-04T15:04:56","slug":"el-compromiso-de-la-comunidad-para-la-recoleccion-de-pilas-fue-excelente","status":"publish","type":"post","link":"https:\/\/prensa.sma.gob.ar\/?p=3359","title":{"rendered":"\u201cEl compromiso de la comunidad para la recolecci\u00f3n de pilas fue excelente\u201d"},"content":{"rendered":"\n<p>El Municipio de San Mart\u00edn de los Andes traslad\u00f3 al sitio de disposici\u00f3n segura de Jun\u00edn de los Andes 180 kilos de pilas, producto de la campa\u00f1a comunitaria que se realiz\u00f3 entre septiembre y octubre, de acuerdo a los protocolos de la Secretar\u00eda de Ambiente de Provincia.<\/p>\n\n\n\n<p>Los t\u00e9cnicos de Guardas Ambientales Carol Danielli y Alejandro Platero, t\u00e9cnicos de Guardas Ambientales, se\u00f1alaron que \u201cel aporte de la comunidad fue muy bueno, el compromiso fue excelente\u201d y que la respuesta super\u00f3 las expectativas.<\/p>\n\n\n\n<p>La semana pasada fueron cargados en una camioneta 20 bidones de seis litros casi completos de pilas, completando 180 kilogramos, y fueron enviados al Nodo de Jun\u00edn de los Andes, donde ser\u00e1n sometidos a un tratamiento de disposici\u00f3n segura, de acuerdo a lo dispuesto por el Gobierno provincial.<\/p>\n\n\n\n<figure class=\"wp-block-embed is-type-video is-provider-youtube wp-block-embed-youtube wp-embed-aspect-16-9 wp-has-aspect-ratio\"><div class=\"wp-block-embed__wrapper\">\n<iframe loading=\"lazy\" title=\"CAMPA\u00d1A PROVINCIAL DE RECOLECCI\u00d3N DE PILAS EN EL PREDIO DE GUARDAS AMBIENTALES DE CHACRA 2\" width=\"696\" height=\"392\" src=\"https:\/\/www.youtube.com\/embed\/SLhhPq3kZek?feature=oembed\" frameborder=\"0\" allow=\"accelerometer; autoplay; clipboard-write; encrypted-media; gyroscope; picture-in-picture; web-share\" referrerpolicy=\"strict-origin-when-cross-origin\" allowfullscreen><\/iframe>\n<\/div><\/figure>\n\n\n\n<p>Danielli explic\u00f3 que \u201cantes, las pilas no ten\u00edan una disposici\u00f3n segura, las recib\u00edamos aqu\u00ed en Guardas pero no ten\u00edamos una disposici\u00f3n segura de estos residuos, considerados como peligrosos\u201d. Detall\u00f3 que, luego el Municipio lo incluy\u00f3 \u201cen nuestra planificaci\u00f3n y ahora los recibimos de acuerdo al protocolo de Provincia\u201d.<\/p>\n\n\n\n<p>Este protocolo establece que las pilas se almacenen \u201cen botellas pl\u00e1sticas recicladas, se recolecten y se trasladen al nodo en Jun\u00edn, que es el que design\u00f3 Provincia. Luego, estas botellas van a una celda de seguridad donde se hace un tratamiento, se les pone una cubierta de cemento y se lo coloca en una celda de seguridad\u201d, detall\u00f3.<\/p>\n\n\n\n<p>Complet\u00f3 que las pilas, por su grado de contaminaci\u00f3n, \u201cno tiene tratamiento de reciclaje, tienen disposici\u00f3n segura\u201d con un protocolo que logra \u201cdisminuir la contaminaci\u00f3n de suelo\u201d.<\/p>\n\n\n\n<p>Alejandro Platero inform\u00f3 que, en Guardas Ambientales, \u201cseguimos recepcionando pilas y las guardamos en botellones hasta la pr\u00f3xima campa\u00f1a\u201d.<\/p>\n\n\n\n<figure class=\"wp-block-gallery has-nested-images columns-default is-cropped td-modal-on-gallery wp-block-gallery-1 is-layout-flex wp-block-gallery-is-layout-flex\">\n<figure class=\"wp-block-image size-large\"><img loading=\"lazy\" decoding=\"async\" width=\"1024\" height=\"576\" data-id=\"3366\" src=\"https:\/\/prensa.sma.gob.ar\/wp-content\/uploads\/2024\/11\/PILAS-GUARDAS-1-1024x576.jpg\" alt=\"\" class=\"wp-image-3366\" srcset=\"https:\/\/prensa.sma.gob.ar\/wp-content\/uploads\/2024\/11\/PILAS-GUARDAS-1-1024x576.jpg 1024w, https:\/\/prensa.sma.gob.ar\/wp-content\/uploads\/2024\/11\/PILAS-GUARDAS-1-300x169.jpg 300w, https:\/\/prensa.sma.gob.ar\/wp-content\/uploads\/2024\/11\/PILAS-GUARDAS-1-768x432.jpg 768w, https:\/\/prensa.sma.gob.ar\/wp-content\/uploads\/2024\/11\/PILAS-GUARDAS-1-1536x864.jpg 1536w, https:\/\/prensa.sma.gob.ar\/wp-content\/uploads\/2024\/11\/PILAS-GUARDAS-1-747x420.jpg 747w, https:\/\/prensa.sma.gob.ar\/wp-content\/uploads\/2024\/11\/PILAS-GUARDAS-1-696x392.jpg 696w, https:\/\/prensa.sma.gob.ar\/wp-content\/uploads\/2024\/11\/PILAS-GUARDAS-1-1068x601.jpg 1068w, https:\/\/prensa.sma.gob.ar\/wp-content\/uploads\/2024\/11\/PILAS-GUARDAS-1.jpg 1600w\" sizes=\"auto, (max-width: 1024px) 100vw, 1024px\" \/><\/figure>\n\n\n\n<figure class=\"wp-block-image size-large\"><img loading=\"lazy\" decoding=\"async\" width=\"1024\" height=\"576\" data-id=\"3362\" src=\"https:\/\/prensa.sma.gob.ar\/wp-content\/uploads\/2024\/11\/PILAS-GUARDAS-2-1024x576.jpg\" alt=\"\" class=\"wp-image-3362\" srcset=\"https:\/\/prensa.sma.gob.ar\/wp-content\/uploads\/2024\/11\/PILAS-GUARDAS-2-1024x576.jpg 1024w, https:\/\/prensa.sma.gob.ar\/wp-content\/uploads\/2024\/11\/PILAS-GUARDAS-2-300x169.jpg 300w, https:\/\/prensa.sma.gob.ar\/wp-content\/uploads\/2024\/11\/PILAS-GUARDAS-2-768x432.jpg 768w, https:\/\/prensa.sma.gob.ar\/wp-content\/uploads\/2024\/11\/PILAS-GUARDAS-2-1536x864.jpg 1536w, https:\/\/prensa.sma.gob.ar\/wp-content\/uploads\/2024\/11\/PILAS-GUARDAS-2-747x420.jpg 747w, https:\/\/prensa.sma.gob.ar\/wp-content\/uploads\/2024\/11\/PILAS-GUARDAS-2-696x392.jpg 696w, https:\/\/prensa.sma.gob.ar\/wp-content\/uploads\/2024\/11\/PILAS-GUARDAS-2-1068x601.jpg 1068w, https:\/\/prensa.sma.gob.ar\/wp-content\/uploads\/2024\/11\/PILAS-GUARDAS-2.jpg 1600w\" sizes=\"auto, (max-width: 1024px) 100vw, 1024px\" \/><\/figure>\n\n\n\n<figure class=\"wp-block-image size-large\"><img loading=\"lazy\" decoding=\"async\" width=\"1024\" height=\"576\" data-id=\"3364\" src=\"https:\/\/prensa.sma.gob.ar\/wp-content\/uploads\/2024\/11\/PILAS-GUARDAS-3-1024x576.jpg\" alt=\"\" class=\"wp-image-3364\" srcset=\"https:\/\/prensa.sma.gob.ar\/wp-content\/uploads\/2024\/11\/PILAS-GUARDAS-3-1024x576.jpg 1024w, https:\/\/prensa.sma.gob.ar\/wp-content\/uploads\/2024\/11\/PILAS-GUARDAS-3-300x169.jpg 300w, https:\/\/prensa.sma.gob.ar\/wp-content\/uploads\/2024\/11\/PILAS-GUARDAS-3-768x432.jpg 768w, https:\/\/prensa.sma.gob.ar\/wp-content\/uploads\/2024\/11\/PILAS-GUARDAS-3-1536x864.jpg 1536w, https:\/\/prensa.sma.gob.ar\/wp-content\/uploads\/2024\/11\/PILAS-GUARDAS-3-747x420.jpg 747w, https:\/\/prensa.sma.gob.ar\/wp-content\/uploads\/2024\/11\/PILAS-GUARDAS-3-696x392.jpg 696w, https:\/\/prensa.sma.gob.ar\/wp-content\/uploads\/2024\/11\/PILAS-GUARDAS-3-1068x601.jpg 1068w, https:\/\/prensa.sma.gob.ar\/wp-content\/uploads\/2024\/11\/PILAS-GUARDAS-3.jpg 1600w\" sizes=\"auto, (max-width: 1024px) 100vw, 1024px\" \/><\/figure>\n\n\n\n<figure class=\"wp-block-image size-large\"><img loading=\"lazy\" decoding=\"async\" width=\"1024\" height=\"576\" data-id=\"3365\" src=\"https:\/\/prensa.sma.gob.ar\/wp-content\/uploads\/2024\/11\/PILAS-GUARDAS-4-1024x576.jpg\" alt=\"\" class=\"wp-image-3365\" srcset=\"https:\/\/prensa.sma.gob.ar\/wp-content\/uploads\/2024\/11\/PILAS-GUARDAS-4-1024x576.jpg 1024w, https:\/\/prensa.sma.gob.ar\/wp-content\/uploads\/2024\/11\/PILAS-GUARDAS-4-300x169.jpg 300w, https:\/\/prensa.sma.gob.ar\/wp-content\/uploads\/2024\/11\/PILAS-GUARDAS-4-768x432.jpg 768w, https:\/\/prensa.sma.gob.ar\/wp-content\/uploads\/2024\/11\/PILAS-GUARDAS-4-1536x864.jpg 1536w, https:\/\/prensa.sma.gob.ar\/wp-content\/uploads\/2024\/11\/PILAS-GUARDAS-4-747x420.jpg 747w, https:\/\/prensa.sma.gob.ar\/wp-content\/uploads\/2024\/11\/PILAS-GUARDAS-4-696x392.jpg 696w, https:\/\/prensa.sma.gob.ar\/wp-content\/uploads\/2024\/11\/PILAS-GUARDAS-4-1068x601.jpg 1068w, https:\/\/prensa.sma.gob.ar\/wp-content\/uploads\/2024\/11\/PILAS-GUARDAS-4.jpg 1600w\" sizes=\"auto, (max-width: 1024px) 100vw, 1024px\" \/><\/figure>\n\n\n\n<figure class=\"wp-block-image size-large\"><img loading=\"lazy\" decoding=\"async\" width=\"1024\" height=\"576\" data-id=\"3363\" src=\"https:\/\/prensa.sma.gob.ar\/wp-content\/uploads\/2024\/11\/PILAS-GUARDAS-5-1024x576.jpg\" alt=\"\" class=\"wp-image-3363\" srcset=\"https:\/\/prensa.sma.gob.ar\/wp-content\/uploads\/2024\/11\/PILAS-GUARDAS-5-1024x576.jpg 1024w, https:\/\/prensa.sma.gob.ar\/wp-content\/uploads\/2024\/11\/PILAS-GUARDAS-5-300x169.jpg 300w, https:\/\/prensa.sma.gob.ar\/wp-content\/uploads\/2024\/11\/PILAS-GUARDAS-5-768x432.jpg 768w, https:\/\/prensa.sma.gob.ar\/wp-content\/uploads\/2024\/11\/PILAS-GUARDAS-5-1536x864.jpg 1536w, https:\/\/prensa.sma.gob.ar\/wp-content\/uploads\/2024\/11\/PILAS-GUARDAS-5-747x420.jpg 747w, https:\/\/prensa.sma.gob.ar\/wp-content\/uploads\/2024\/11\/PILAS-GUARDAS-5-696x392.jpg 696w, https:\/\/prensa.sma.gob.ar\/wp-content\/uploads\/2024\/11\/PILAS-GUARDAS-5-1068x601.jpg 1068w, https:\/\/prensa.sma.gob.ar\/wp-content\/uploads\/2024\/11\/PILAS-GUARDAS-5.jpg 1600w\" sizes=\"auto, (max-width: 1024px) 100vw, 1024px\" \/><\/figure>\n\n\n\n<figure class=\"wp-block-image size-large\"><img loading=\"lazy\" decoding=\"async\" width=\"1024\" height=\"576\" data-id=\"3367\" src=\"https:\/\/prensa.sma.gob.ar\/wp-content\/uploads\/2024\/11\/PILAS-GUARDAS-6-1024x576.jpg\" alt=\"\" class=\"wp-image-3367\" srcset=\"https:\/\/prensa.sma.gob.ar\/wp-content\/uploads\/2024\/11\/PILAS-GUARDAS-6-1024x576.jpg 1024w, https:\/\/prensa.sma.gob.ar\/wp-content\/uploads\/2024\/11\/PILAS-GUARDAS-6-300x169.jpg 300w, https:\/\/prensa.sma.gob.ar\/wp-content\/uploads\/2024\/11\/PILAS-GUARDAS-6-768x432.jpg 768w, https:\/\/prensa.sma.gob.ar\/wp-content\/uploads\/2024\/11\/PILAS-GUARDAS-6-1536x864.jpg 1536w, https:\/\/prensa.sma.gob.ar\/wp-content\/uploads\/2024\/11\/PILAS-GUARDAS-6-747x420.jpg 747w, https:\/\/prensa.sma.gob.ar\/wp-content\/uploads\/2024\/11\/PILAS-GUARDAS-6-696x392.jpg 696w, https:\/\/prensa.sma.gob.ar\/wp-content\/uploads\/2024\/11\/PILAS-GUARDAS-6-1068x601.jpg 1068w, https:\/\/prensa.sma.gob.ar\/wp-content\/uploads\/2024\/11\/PILAS-GUARDAS-6.jpg 1600w\" sizes=\"auto, (max-width: 1024px) 100vw, 1024px\" \/><\/figure>\n\n\n\n<figure class=\"wp-block-image size-large\"><img loading=\"lazy\" decoding=\"async\" width=\"1024\" height=\"576\" data-id=\"3368\" src=\"https:\/\/prensa.sma.gob.ar\/wp-content\/uploads\/2024\/11\/PILAS-GUARDAS-8-1024x576.jpg\" alt=\"\" class=\"wp-image-3368\" srcset=\"https:\/\/prensa.sma.gob.ar\/wp-content\/uploads\/2024\/11\/PILAS-GUARDAS-8-1024x576.jpg 1024w, https:\/\/prensa.sma.gob.ar\/wp-content\/uploads\/2024\/11\/PILAS-GUARDAS-8-300x169.jpg 300w, https:\/\/prensa.sma.gob.ar\/wp-content\/uploads\/2024\/11\/PILAS-GUARDAS-8-768x432.jpg 768w, https:\/\/prensa.sma.gob.ar\/wp-content\/uploads\/2024\/11\/PILAS-GUARDAS-8-1536x864.jpg 1536w, https:\/\/prensa.sma.gob.ar\/wp-content\/uploads\/2024\/11\/PILAS-GUARDAS-8-747x420.jpg 747w, https:\/\/prensa.sma.gob.ar\/wp-content\/uploads\/2024\/11\/PILAS-GUARDAS-8-696x392.jpg 696w, https:\/\/prensa.sma.gob.ar\/wp-content\/uploads\/2024\/11\/PILAS-GUARDAS-8-1068x601.jpg 1068w, https:\/\/prensa.sma.gob.ar\/wp-content\/uploads\/2024\/11\/PILAS-GUARDAS-8.jpg 1600w\" sizes=\"auto, (max-width: 1024px) 100vw, 1024px\" \/><\/figure>\n\n\n\n<figure class=\"wp-block-image size-large\"><img loading=\"lazy\" decoding=\"async\" width=\"1024\" height=\"576\" data-id=\"3369\" src=\"https:\/\/prensa.sma.gob.ar\/wp-content\/uploads\/2024\/11\/PILAS-GUARDAS-9-1024x576.jpg\" alt=\"\" class=\"wp-image-3369\" srcset=\"https:\/\/prensa.sma.gob.ar\/wp-content\/uploads\/2024\/11\/PILAS-GUARDAS-9-1024x576.jpg 1024w, https:\/\/prensa.sma.gob.ar\/wp-content\/uploads\/2024\/11\/PILAS-GUARDAS-9-300x169.jpg 300w, https:\/\/prensa.sma.gob.ar\/wp-content\/uploads\/2024\/11\/PILAS-GUARDAS-9-768x432.jpg 768w, https:\/\/prensa.sma.gob.ar\/wp-content\/uploads\/2024\/11\/PILAS-GUARDAS-9-1536x864.jpg 1536w, https:\/\/prensa.sma.gob.ar\/wp-content\/uploads\/2024\/11\/PILAS-GUARDAS-9-747x420.jpg 747w, https:\/\/prensa.sma.gob.ar\/wp-content\/uploads\/2024\/11\/PILAS-GUARDAS-9-696x392.jpg 696w, https:\/\/prensa.sma.gob.ar\/wp-content\/uploads\/2024\/11\/PILAS-GUARDAS-9-1068x601.jpg 1068w, https:\/\/prensa.sma.gob.ar\/wp-content\/uploads\/2024\/11\/PILAS-GUARDAS-9.jpg 1600w\" sizes=\"auto, (max-width: 1024px) 100vw, 1024px\" \/><\/figure>\n\n\n\n<figure class=\"wp-block-image size-large\"><img loading=\"lazy\" decoding=\"async\" width=\"1024\" height=\"576\" data-id=\"3370\" src=\"https:\/\/prensa.sma.gob.ar\/wp-content\/uploads\/2024\/11\/PILAS-GUARDAS-10-1024x576.jpg\" alt=\"\" class=\"wp-image-3370\" srcset=\"https:\/\/prensa.sma.gob.ar\/wp-content\/uploads\/2024\/11\/PILAS-GUARDAS-10-1024x576.jpg 1024w, https:\/\/prensa.sma.gob.ar\/wp-content\/uploads\/2024\/11\/PILAS-GUARDAS-10-300x169.jpg 300w, https:\/\/prensa.sma.gob.ar\/wp-content\/uploads\/2024\/11\/PILAS-GUARDAS-10-768x432.jpg 768w, https:\/\/prensa.sma.gob.ar\/wp-content\/uploads\/2024\/11\/PILAS-GUARDAS-10-1536x864.jpg 1536w, https:\/\/prensa.sma.gob.ar\/wp-content\/uploads\/2024\/11\/PILAS-GUARDAS-10-747x420.jpg 747w, https:\/\/prensa.sma.gob.ar\/wp-content\/uploads\/2024\/11\/PILAS-GUARDAS-10-696x392.jpg 696w, https:\/\/prensa.sma.gob.ar\/wp-content\/uploads\/2024\/11\/PILAS-GUARDAS-10-1068x601.jpg 1068w, https:\/\/prensa.sma.gob.ar\/wp-content\/uploads\/2024\/11\/PILAS-GUARDAS-10.jpg 1600w\" sizes=\"auto, (max-width: 1024px) 100vw, 1024px\" \/><\/figure>\n\n\n\n<figure class=\"wp-block-image size-large\"><img loading=\"lazy\" decoding=\"async\" width=\"1024\" height=\"576\" data-id=\"3371\" src=\"https:\/\/prensa.sma.gob.ar\/wp-content\/uploads\/2024\/11\/PILAS-GUARDAS-11-1024x576.jpg\" alt=\"\" class=\"wp-image-3371\" srcset=\"https:\/\/prensa.sma.gob.ar\/wp-content\/uploads\/2024\/11\/PILAS-GUARDAS-11-1024x576.jpg 1024w, https:\/\/prensa.sma.gob.ar\/wp-content\/uploads\/2024\/11\/PILAS-GUARDAS-11-300x169.jpg 300w, https:\/\/prensa.sma.gob.ar\/wp-content\/uploads\/2024\/11\/PILAS-GUARDAS-11-768x432.jpg 768w, https:\/\/prensa.sma.gob.ar\/wp-content\/uploads\/2024\/11\/PILAS-GUARDAS-11-1536x864.jpg 1536w, https:\/\/prensa.sma.gob.ar\/wp-content\/uploads\/2024\/11\/PILAS-GUARDAS-11-747x420.jpg 747w, https:\/\/prensa.sma.gob.ar\/wp-content\/uploads\/2024\/11\/PILAS-GUARDAS-11-696x392.jpg 696w, https:\/\/prensa.sma.gob.ar\/wp-content\/uploads\/2024\/11\/PILAS-GUARDAS-11-1068x601.jpg 1068w, https:\/\/prensa.sma.gob.ar\/wp-content\/uploads\/2024\/11\/PILAS-GUARDAS-11.jpg 1600w\" sizes=\"auto, (max-width: 1024px) 100vw, 1024px\" \/><\/figure>\n\n\n\n<figure class=\"wp-block-image size-large\"><img loading=\"lazy\" decoding=\"async\" width=\"1024\" height=\"576\" data-id=\"3372\" src=\"https:\/\/prensa.sma.gob.ar\/wp-content\/uploads\/2024\/11\/PILAS-GUARDAS-1024x576.jpg\" alt=\"\" class=\"wp-image-3372\" srcset=\"https:\/\/prensa.sma.gob.ar\/wp-content\/uploads\/2024\/11\/PILAS-GUARDAS-1024x576.jpg 1024w, https:\/\/prensa.sma.gob.ar\/wp-content\/uploads\/2024\/11\/PILAS-GUARDAS-300x169.jpg 300w, https:\/\/prensa.sma.gob.ar\/wp-content\/uploads\/2024\/11\/PILAS-GUARDAS-768x432.jpg 768w, https:\/\/prensa.sma.gob.ar\/wp-content\/uploads\/2024\/11\/PILAS-GUARDAS-1536x864.jpg 1536w, https:\/\/prensa.sma.gob.ar\/wp-content\/uploads\/2024\/11\/PILAS-GUARDAS-747x420.jpg 747w, https:\/\/prensa.sma.gob.ar\/wp-content\/uploads\/2024\/11\/PILAS-GUARDAS-696x392.jpg 696w, https:\/\/prensa.sma.gob.ar\/wp-content\/uploads\/2024\/11\/PILAS-GUARDAS-1068x601.jpg 1068w, https:\/\/prensa.sma.gob.ar\/wp-content\/uploads\/2024\/11\/PILAS-GUARDAS.jpg 1600w\" sizes=\"auto, (max-width: 1024px) 100vw, 1024px\" \/><\/figure>\n<\/figure>\n","protected":false},"excerpt":{"rendered":"<p>El Municipio de San Mart\u00edn de los Andes traslad\u00f3 al sitio de disposici\u00f3n segura de Jun\u00edn de los Andes 180 kilos de pilas, producto de la campa\u00f1a comunitaria que se realiz\u00f3 entre septiembre y octubre, de acuerdo a los protocolos de la Secretar\u00eda de Ambiente de Provincia. Los t\u00e9cnicos de Guardas Ambientales Carol Danielli y [&hellip;]<\/p>\n","protected":false},"author":1,"featured_media":3361,"comment_status":"closed","ping_status":"open","sticky":false,"template":"","format":"standard","meta":{"footnotes":""},"categories":[16,14],"tags":[],"class_list":{"0":"post-3359","1":"post","2":"type-post","3":"status-publish","4":"format-standard","5":"has-post-thumbnail","7":"category-destacadas","8":"category-noticias"},"_links":{"self":[{"href":"https:\/\/prensa.sma.gob.ar\/index.php?rest_route=\/wp\/v2\/posts\/3359","targetHints":{"allow":["GET"]}}],"collection":[{"href":"https:\/\/prensa.sma.gob.ar\/index.php?rest_route=\/wp\/v2\/posts"}],"about":[{"href":"https:\/\/prensa.sma.gob.ar\/index.php?rest_route=\/wp\/v2\/types\/post"}],"author":[{"embeddable":true,"href":"https:\/\/prensa.sma.gob.ar\/index.php?rest_route=\/wp\/v2\/users\/1"}],"replies":[{"embeddable":true,"href":"https:\/\/prensa.sma.gob.ar\/index.php?rest_route=%2Fwp%2Fv2%2Fcomments&post=3359"}],"version-history":[{"count":2,"href":"https:\/\/prensa.sma.gob.ar\/index.php?rest_route=\/wp\/v2\/posts\/3359\/revisions"}],"predecessor-version":[{"id":3375,"href":"https:\/\/prensa.sma.gob.ar\/index.php?rest_route=\/wp\/v2\/posts\/3359\/revisions\/3375"}],"wp:featuredmedia":[{"embeddable":true,"href":"https:\/\/prensa.sma.gob.ar\/index.php?rest_route=\/wp\/v2\/media\/3361"}],"wp:attachment":[{"href":"https:\/\/prensa.sma.gob.ar\/index.php?rest_route=%2Fwp%2Fv2%2Fmedia&parent=3359"}],"wp:term":[{"taxonomy":"category","embeddable":true,"href":"https:\/\/prensa.sma.gob.ar\/index.php?rest_route=%2Fwp%2Fv2%2Fcategories&post=3359"},{"taxonomy":"post_tag","embeddable":true,"href":"https:\/\/prensa.sma.gob.ar\/index.php?rest_route=%2Fwp%2Fv2%2Ftags&post=3359"}],"curies":[{"name":"wp","href":"https:\/\/api.w.org\/{rel}","templated":true}]}}