{"id":3377,"date":"2024-11-04T15:18:41","date_gmt":"2024-11-04T15:18:41","guid":{"rendered":"https:\/\/prensa.sma.gob.ar\/?p=3377"},"modified":"2024-11-04T15:18:43","modified_gmt":"2024-11-04T15:18:43","slug":"enraizando-historias-para-conectar-con-la-tierra-capitulo-no-6","status":"publish","type":"post","link":"https:\/\/prensa.sma.gob.ar\/?p=3377","title":{"rendered":"Enraizando, historias para conectar con la tierra. Cap\u00edtulo N\u00ba 6"},"content":{"rendered":"\n<p>El programa de esta semana se titula \u201cProtegiendo el ambiente y la biodiversidad\u201d<\/p>\n\n\n\n<p>La ciudad y la regi\u00f3n en la que vivimos, tiene paisajes variados, bosque, lagos, r\u00edos, alta monta\u00f1a y humedales. Todos y cada uno de esos paisajes tienen su flora y fauna caracter\u00edstica y su importancia ecol\u00f3gica que necesitamos conocer para reconocer la importancia de cuidarlos.<\/p>\n\n\n\n<p>En este programa participa Antonella Panebianco, actual secretaria de Conservaci\u00f3n Patag\u00f3nica y parte del equipo de gesti\u00f3n de la Reserva Natural Urbana Cotesma.<\/p>\n\n\n\n<p>Adem\u00e1s, el programa de esta semana incluye, como siempre, noticias, columnas y m\u00fasica para compartir.<\/p>\n\n\n\n<figure class=\"wp-block-embed is-type-video is-provider-youtube wp-block-embed-youtube wp-embed-aspect-16-9 wp-has-aspect-ratio\"><div class=\"wp-block-embed__wrapper\">\n<iframe loading=\"lazy\" title=\"Enraizando, historias para conectar con la tierra. Cap\u00edtulo N\u00ba 6\" width=\"696\" height=\"392\" src=\"https:\/\/www.youtube.com\/embed\/SfCaRbzF3H0?feature=oembed\" frameborder=\"0\" allow=\"accelerometer; autoplay; clipboard-write; encrypted-media; gyroscope; picture-in-picture; web-share\" referrerpolicy=\"strict-origin-when-cross-origin\" allowfullscreen><\/iframe>\n<\/div><\/figure>\n\n\n\n<p><\/p>\n","protected":false},"excerpt":{"rendered":"<p>El programa de esta semana se titula \u201cProtegiendo el ambiente y la biodiversidad\u201d La ciudad y la regi\u00f3n en la que vivimos, tiene paisajes variados, bosque, lagos, r\u00edos, alta monta\u00f1a y humedales. Todos y cada uno de esos paisajes tienen su flora y fauna caracter\u00edstica y su importancia ecol\u00f3gica que necesitamos conocer para reconocer la [&hellip;]<\/p>\n","protected":false},"author":1,"featured_media":3267,"comment_status":"closed","ping_status":"open","sticky":false,"template":"","format":"standard","meta":{"footnotes":""},"categories":[42],"tags":[43],"class_list":{"0":"post-3377","1":"post","2":"type-post","3":"status-publish","4":"format-standard","5":"has-post-thumbnail","7":"category-radio-municipal","8":"tag-enraizando"},"_links":{"self":[{"href":"https:\/\/prensa.sma.gob.ar\/index.php?rest_route=\/wp\/v2\/posts\/3377","targetHints":{"allow":["GET"]}}],"collection":[{"href":"https:\/\/prensa.sma.gob.ar\/index.php?rest_route=\/wp\/v2\/posts"}],"about":[{"href":"https:\/\/prensa.sma.gob.ar\/index.php?rest_route=\/wp\/v2\/types\/post"}],"author":[{"embeddable":true,"href":"https:\/\/prensa.sma.gob.ar\/index.php?rest_route=\/wp\/v2\/users\/1"}],"replies":[{"embeddable":true,"href":"https:\/\/prensa.sma.gob.ar\/index.php?rest_route=%2Fwp%2Fv2%2Fcomments&post=3377"}],"version-history":[{"count":1,"href":"https:\/\/prensa.sma.gob.ar\/index.php?rest_route=\/wp\/v2\/posts\/3377\/revisions"}],"predecessor-version":[{"id":3378,"href":"https:\/\/prensa.sma.gob.ar\/index.php?rest_route=\/wp\/v2\/posts\/3377\/revisions\/3378"}],"wp:featuredmedia":[{"embeddable":true,"href":"https:\/\/prensa.sma.gob.ar\/index.php?rest_route=\/wp\/v2\/media\/3267"}],"wp:attachment":[{"href":"https:\/\/prensa.sma.gob.ar\/index.php?rest_route=%2Fwp%2Fv2%2Fmedia&parent=3377"}],"wp:term":[{"taxonomy":"category","embeddable":true,"href":"https:\/\/prensa.sma.gob.ar\/index.php?rest_route=%2Fwp%2Fv2%2Fcategories&post=3377"},{"taxonomy":"post_tag","embeddable":true,"href":"https:\/\/prensa.sma.gob.ar\/index.php?rest_route=%2Fwp%2Fv2%2Ftags&post=3377"}],"curies":[{"name":"wp","href":"https:\/\/api.w.org\/{rel}","templated":true}]}}