{"id":3381,"date":"2024-11-05T13:42:30","date_gmt":"2024-11-05T13:42:30","guid":{"rendered":"https:\/\/prensa.sma.gob.ar\/?p=3381"},"modified":"2024-11-05T16:59:05","modified_gmt":"2024-11-05T16:59:05","slug":"el-intendente-saloniti-reafirmo-el-rol-del-consejo-de-juntas-vecinales-ante-los-vecinos","status":"publish","type":"post","link":"https:\/\/prensa.sma.gob.ar\/?p=3381","title":{"rendered":"El intendente Saloniti reafirm\u00f3 el rol del Consejo de Juntas Vecinales ante los vecinos"},"content":{"rendered":"\n<p>El intendente Carlos Saloniti y el Consejo de Juntas Vecinales acordaron que todas las necesidades, proyectos, aportes e ideas de la comunidad nacer\u00e1n desde las Juntas Vecinales y se canalizaran a trav\u00e9s del Consejo de Juntas Vecinales, para darle legitimidad y ordenamiento a las necesidades de cada barrio.<\/p>\n\n\n\n<p>El jefe comunal recibi\u00f3 en su despacho a representantes del Consejo de Juntas Vecinales, durante un encuentro del que participaron las autoridades de la Subsecretar\u00eda de Juntas Vecinales, y donde se analizaron varios temas vinculados con necesidades barriales y las &nbsp;respuestas del Municipio.<\/p>\n\n\n\n<p>Durante el encuentro, Saloniti reafirm\u00f3 que, en esta nueva etapa de la gesti\u00f3n municipal, habr\u00e1 reuniones peri\u00f3dicas con los representantes del Consejo y con la Subsecretar\u00eda de Juntas Vecinales para hacer un seguimiento detallado de las necesidades de los barrios y las respuestas del Ejecutivo comunal.<\/p>\n\n\n\n<p>De la reuni\u00f3n participaron, por el Consejo de Juntas Vecinales, Noelia Galdames; Mar\u00eda Jos\u00e9 Fabro; Mara Cabrera; \u00c1ngel Costa; Yamila Mitra; Ra\u00fal Vargas y Laura Baroni. Tambi\u00e9n asistieron la subsecretaria de Juntas Vecinales, Irina Allegri, y la jefa del \u00e1rea, Lorena Gonz\u00e1lez.<\/p>\n\n\n\n<p>El intendente Saloniti detall\u00f3 a las vecinas y vecinos los alcances de las 35 obras que el estado provincial financiar\u00e1 en San Mart\u00edn de los Andes durante 2025 y los proyectos del Municipio para la pavimentaci\u00f3n de calles en El Arenal y Chacra 4, luego de la terminaci\u00f3n de Av. Los Lagos. Tambi\u00e9n mencion\u00f3 las gestiones que realiza ante Provincia para la pavimentaci\u00f3n de otras calles y callejones.<\/p>\n\n\n\n<figure class=\"wp-block-gallery has-nested-images columns-default is-cropped wp-block-gallery-1 is-layout-flex wp-block-gallery-is-layout-flex\">\n<figure class=\"wp-block-image size-large\"><img loading=\"lazy\" decoding=\"async\" width=\"1024\" height=\"576\" data-id=\"3392\" src=\"https:\/\/prensa.sma.gob.ar\/wp-content\/uploads\/2024\/11\/WhatsApp-Image-2024-11-04-at-17.35.10-2-1024x576.jpeg\" alt=\"\" class=\"wp-image-3392\" srcset=\"https:\/\/prensa.sma.gob.ar\/wp-content\/uploads\/2024\/11\/WhatsApp-Image-2024-11-04-at-17.35.10-2-1024x576.jpeg 1024w, https:\/\/prensa.sma.gob.ar\/wp-content\/uploads\/2024\/11\/WhatsApp-Image-2024-11-04-at-17.35.10-2-300x169.jpeg 300w, https:\/\/prensa.sma.gob.ar\/wp-content\/uploads\/2024\/11\/WhatsApp-Image-2024-11-04-at-17.35.10-2-768x432.jpeg 768w, https:\/\/prensa.sma.gob.ar\/wp-content\/uploads\/2024\/11\/WhatsApp-Image-2024-11-04-at-17.35.10-2-1536x864.jpeg 1536w, https:\/\/prensa.sma.gob.ar\/wp-content\/uploads\/2024\/11\/WhatsApp-Image-2024-11-04-at-17.35.10-2-747x420.jpeg 747w, https:\/\/prensa.sma.gob.ar\/wp-content\/uploads\/2024\/11\/WhatsApp-Image-2024-11-04-at-17.35.10-2-696x391.jpeg 696w, https:\/\/prensa.sma.gob.ar\/wp-content\/uploads\/2024\/11\/WhatsApp-Image-2024-11-04-at-17.35.10-2-1068x600.jpeg 1068w, https:\/\/prensa.sma.gob.ar\/wp-content\/uploads\/2024\/11\/WhatsApp-Image-2024-11-04-at-17.35.10-2.jpeg 1599w\" sizes=\"auto, (max-width: 1024px) 100vw, 1024px\" \/><\/figure>\n\n\n\n<figure class=\"wp-block-image size-large\"><img loading=\"lazy\" decoding=\"async\" width=\"1024\" height=\"576\" data-id=\"3393\" src=\"https:\/\/prensa.sma.gob.ar\/wp-content\/uploads\/2024\/11\/WhatsApp-Image-2024-11-04-at-17.34.38-1-1024x576.jpeg\" alt=\"\" class=\"wp-image-3393\" srcset=\"https:\/\/prensa.sma.gob.ar\/wp-content\/uploads\/2024\/11\/WhatsApp-Image-2024-11-04-at-17.34.38-1-1024x576.jpeg 1024w, https:\/\/prensa.sma.gob.ar\/wp-content\/uploads\/2024\/11\/WhatsApp-Image-2024-11-04-at-17.34.38-1-300x169.jpeg 300w, https:\/\/prensa.sma.gob.ar\/wp-content\/uploads\/2024\/11\/WhatsApp-Image-2024-11-04-at-17.34.38-1-768x432.jpeg 768w, https:\/\/prensa.sma.gob.ar\/wp-content\/uploads\/2024\/11\/WhatsApp-Image-2024-11-04-at-17.34.38-1-1536x864.jpeg 1536w, https:\/\/prensa.sma.gob.ar\/wp-content\/uploads\/2024\/11\/WhatsApp-Image-2024-11-04-at-17.34.38-1-747x420.jpeg 747w, https:\/\/prensa.sma.gob.ar\/wp-content\/uploads\/2024\/11\/WhatsApp-Image-2024-11-04-at-17.34.38-1-696x391.jpeg 696w, https:\/\/prensa.sma.gob.ar\/wp-content\/uploads\/2024\/11\/WhatsApp-Image-2024-11-04-at-17.34.38-1-1068x600.jpeg 1068w, https:\/\/prensa.sma.gob.ar\/wp-content\/uploads\/2024\/11\/WhatsApp-Image-2024-11-04-at-17.34.38-1.jpeg 1599w\" sizes=\"auto, (max-width: 1024px) 100vw, 1024px\" \/><\/figure>\n\n\n\n<figure class=\"wp-block-image size-large\"><img loading=\"lazy\" decoding=\"async\" width=\"1024\" height=\"771\" data-id=\"3394\" src=\"https:\/\/prensa.sma.gob.ar\/wp-content\/uploads\/2024\/11\/WhatsApp-Image-2024-11-05-at-10.15.45-1-1-1024x771.jpeg\" alt=\"\" class=\"wp-image-3394\" srcset=\"https:\/\/prensa.sma.gob.ar\/wp-content\/uploads\/2024\/11\/WhatsApp-Image-2024-11-05-at-10.15.45-1-1-1024x771.jpeg 1024w, https:\/\/prensa.sma.gob.ar\/wp-content\/uploads\/2024\/11\/WhatsApp-Image-2024-11-05-at-10.15.45-1-1-300x226.jpeg 300w, https:\/\/prensa.sma.gob.ar\/wp-content\/uploads\/2024\/11\/WhatsApp-Image-2024-11-05-at-10.15.45-1-1-768x578.jpeg 768w, https:\/\/prensa.sma.gob.ar\/wp-content\/uploads\/2024\/11\/WhatsApp-Image-2024-11-05-at-10.15.45-1-1-1536x1156.jpeg 1536w, https:\/\/prensa.sma.gob.ar\/wp-content\/uploads\/2024\/11\/WhatsApp-Image-2024-11-05-at-10.15.45-1-1-558x420.jpeg 558w, https:\/\/prensa.sma.gob.ar\/wp-content\/uploads\/2024\/11\/WhatsApp-Image-2024-11-05-at-10.15.45-1-1-80x60.jpeg 80w, https:\/\/prensa.sma.gob.ar\/wp-content\/uploads\/2024\/11\/WhatsApp-Image-2024-11-05-at-10.15.45-1-1-696x524.jpeg 696w, https:\/\/prensa.sma.gob.ar\/wp-content\/uploads\/2024\/11\/WhatsApp-Image-2024-11-05-at-10.15.45-1-1-1068x804.jpeg 1068w, https:\/\/prensa.sma.gob.ar\/wp-content\/uploads\/2024\/11\/WhatsApp-Image-2024-11-05-at-10.15.45-1-1.jpeg 1600w\" sizes=\"auto, (max-width: 1024px) 100vw, 1024px\" \/><\/figure>\n<\/figure>\n\n\n\n<p>Tambi\u00e9n se analizaron necesidades y posibles soluciones en diferentes barrios de nuestra ciudad y, en particular, proyectos abandonados por Naci\u00f3n pese a que contaban con financiamiento internacional, como el del agua al barrio Cantera.<\/p>\n\n\n\n<p>El Consejo de Juntas Vecinales present\u00f3 al intendente una carpeta con los trabajos y las gestiones de cada una de las comisiones en las que est\u00e1 estructurado, y se plantearon proyectos comunes que contemplen trabajos conjuntos de vecinos y del Municipio, como espacios comunes, carteler\u00eda, etc.<\/p>\n\n\n\n<p>Saloniti reafirm\u00f3 que, a partir del nuevo organigrama de gesti\u00f3n, anunciado la semana pasada, habr\u00e1 un contacto m\u00e1s directo con los vecinos, a trav\u00e9s del Consejo y de la Subsecretar\u00eda. \u201cJuntas Vecinales y el Consejo de Juntas Vecinales son el lugar donde se legitiman las decisiones y los acuerdos con los vecinos\u201d, reiter\u00f3 el intendente, al anunciar el comienzo de reuniones semanales con la Subsecretar\u00eda que encabeza Irina Allegri.<\/p>\n","protected":false},"excerpt":{"rendered":"<p>El intendente Carlos Saloniti y el Consejo de Juntas Vecinales acordaron que todas las necesidades, proyectos, aportes e ideas de la comunidad nacer\u00e1n desde las Juntas Vecinales y se canalizaran a trav\u00e9s del Consejo de Juntas Vecinales, para darle legitimidad y ordenamiento a las necesidades de cada barrio. El jefe comunal recibi\u00f3 en su despacho [&hellip;]<\/p>\n","protected":false},"author":2,"featured_media":3387,"comment_status":"closed","ping_status":"open","sticky":false,"template":"","format":"standard","meta":{"footnotes":""},"categories":[16,39,14,17],"tags":[],"class_list":{"0":"post-3381","1":"post","2":"type-post","3":"status-publish","4":"format-standard","5":"has-post-thumbnail","7":"category-destacadas","8":"category-subs-juntas-vecinales","9":"category-noticias","10":"category-portada"},"_links":{"self":[{"href":"https:\/\/prensa.sma.gob.ar\/index.php?rest_route=\/wp\/v2\/posts\/3381","targetHints":{"allow":["GET"]}}],"collection":[{"href":"https:\/\/prensa.sma.gob.ar\/index.php?rest_route=\/wp\/v2\/posts"}],"about":[{"href":"https:\/\/prensa.sma.gob.ar\/index.php?rest_route=\/wp\/v2\/types\/post"}],"author":[{"embeddable":true,"href":"https:\/\/prensa.sma.gob.ar\/index.php?rest_route=\/wp\/v2\/users\/2"}],"replies":[{"embeddable":true,"href":"https:\/\/prensa.sma.gob.ar\/index.php?rest_route=%2Fwp%2Fv2%2Fcomments&post=3381"}],"version-history":[{"count":2,"href":"https:\/\/prensa.sma.gob.ar\/index.php?rest_route=\/wp\/v2\/posts\/3381\/revisions"}],"predecessor-version":[{"id":3397,"href":"https:\/\/prensa.sma.gob.ar\/index.php?rest_route=\/wp\/v2\/posts\/3381\/revisions\/3397"}],"wp:featuredmedia":[{"embeddable":true,"href":"https:\/\/prensa.sma.gob.ar\/index.php?rest_route=\/wp\/v2\/media\/3387"}],"wp:attachment":[{"href":"https:\/\/prensa.sma.gob.ar\/index.php?rest_route=%2Fwp%2Fv2%2Fmedia&parent=3381"}],"wp:term":[{"taxonomy":"category","embeddable":true,"href":"https:\/\/prensa.sma.gob.ar\/index.php?rest_route=%2Fwp%2Fv2%2Fcategories&post=3381"},{"taxonomy":"post_tag","embeddable":true,"href":"https:\/\/prensa.sma.gob.ar\/index.php?rest_route=%2Fwp%2Fv2%2Ftags&post=3381"}],"curies":[{"name":"wp","href":"https:\/\/api.w.org\/{rel}","templated":true}]}}