{"id":3398,"date":"2024-11-05T23:02:02","date_gmt":"2024-11-05T23:02:02","guid":{"rendered":"https:\/\/prensa.sma.gob.ar\/?p=3398"},"modified":"2024-11-07T13:34:48","modified_gmt":"2024-11-07T13:34:48","slug":"el-municipio-articula-entre-provincia-y-vecinos-de-el-trebol-para-financiar-la-infraestructura-de-servicios","status":"publish","type":"post","link":"https:\/\/prensa.sma.gob.ar\/?p=3398","title":{"rendered":"El Municipio articula entre Provincia y vecinos de El Tr\u00e9bol para financiar la infraestructura"},"content":{"rendered":"\n<p>La propuesta del Instituto Provincial de Vivienda y Urbanismo (IPVU-ADUS) de financiar las infraestructuras a los propietarios de lotes en el barrio El Tr\u00e9bol dio un nuevo paso en las \u00faltimas horas, luego de la propuesta del Municipio de articular con el organismo provincial para acompa\u00f1ar la capacidad de pago de los vecinos.<\/p>\n\n\n\n<p>El IPVU-ADUS confirm\u00f3 que acompa\u00f1ar\u00e1 a <a><\/a>los vecinos para financiar el tendido de baja tensi\u00f3n, los pilares, el servicio de agua y la consolidaci\u00f3n de calles, y que ese acompa\u00f1amiento ser\u00e1 a trav\u00e9s del Municipio, que ser\u00e1 el encargado del recupero del cr\u00e9dito a trav\u00e9s de la tasa municipal de las vecinas y vecinos del barrio.<\/p>\n\n\n\n<p>El anuncio se realiz\u00f3 este lunes durante una reuni\u00f3n en el Sal\u00f3n Municipal, de la que participaron representantes del IPVU-ADUS, funcionarios municipales y regionales, concejales y vecinos del barrio autogestionado El Tr\u00e9bol.<\/p>\n\n\n\n<p>Durante el encuentro se inform\u00f3 c\u00f3mo ser\u00e1 el financiamiento y el rol que tendr\u00e1 cada una de las partes. El Estado provincial mandar\u00e1 los fondos al Municipio, el Municipio coparticipar\u00e1 esos fondos con los vecinos y luego cobrar\u00e1 el recupero a trav\u00e9s de la tasa municipal, para evitar el endeudamiento hipotecario de las familias que poseen lotes en El Tr\u00e9bol.<\/p>\n\n\n\n<figure class=\"wp-block-gallery has-nested-images columns-default is-cropped wp-block-gallery-1 is-layout-flex wp-block-gallery-is-layout-flex\">\n<figure class=\"wp-block-image size-large\"><img loading=\"lazy\" decoding=\"async\" width=\"1024\" height=\"576\" data-id=\"3403\" src=\"https:\/\/prensa.sma.gob.ar\/wp-content\/uploads\/2024\/11\/WhatsApp-Image-2024-11-04-at-20.46.06-1-1024x576.jpeg\" alt=\"\" class=\"wp-image-3403\" srcset=\"https:\/\/prensa.sma.gob.ar\/wp-content\/uploads\/2024\/11\/WhatsApp-Image-2024-11-04-at-20.46.06-1-1024x576.jpeg 1024w, https:\/\/prensa.sma.gob.ar\/wp-content\/uploads\/2024\/11\/WhatsApp-Image-2024-11-04-at-20.46.06-1-300x169.jpeg 300w, https:\/\/prensa.sma.gob.ar\/wp-content\/uploads\/2024\/11\/WhatsApp-Image-2024-11-04-at-20.46.06-1-768x432.jpeg 768w, https:\/\/prensa.sma.gob.ar\/wp-content\/uploads\/2024\/11\/WhatsApp-Image-2024-11-04-at-20.46.06-1-1536x864.jpeg 1536w, https:\/\/prensa.sma.gob.ar\/wp-content\/uploads\/2024\/11\/WhatsApp-Image-2024-11-04-at-20.46.06-1-2048x1152.jpeg 2048w, https:\/\/prensa.sma.gob.ar\/wp-content\/uploads\/2024\/11\/WhatsApp-Image-2024-11-04-at-20.46.06-1-747x420.jpeg 747w, https:\/\/prensa.sma.gob.ar\/wp-content\/uploads\/2024\/11\/WhatsApp-Image-2024-11-04-at-20.46.06-1-696x392.jpeg 696w, https:\/\/prensa.sma.gob.ar\/wp-content\/uploads\/2024\/11\/WhatsApp-Image-2024-11-04-at-20.46.06-1-1068x601.jpeg 1068w, https:\/\/prensa.sma.gob.ar\/wp-content\/uploads\/2024\/11\/WhatsApp-Image-2024-11-04-at-20.46.06-1-1920x1080.jpeg 1920w\" sizes=\"auto, (max-width: 1024px) 100vw, 1024px\" \/><\/figure>\n\n\n\n<figure class=\"wp-block-image size-large\"><img loading=\"lazy\" decoding=\"async\" width=\"1024\" height=\"770\" data-id=\"3399\" src=\"https:\/\/prensa.sma.gob.ar\/wp-content\/uploads\/2024\/11\/WhatsApp-Image-2024-11-04-at-21.24.40-1024x770.jpeg\" alt=\"\" class=\"wp-image-3399\" srcset=\"https:\/\/prensa.sma.gob.ar\/wp-content\/uploads\/2024\/11\/WhatsApp-Image-2024-11-04-at-21.24.40-1024x770.jpeg 1024w, https:\/\/prensa.sma.gob.ar\/wp-content\/uploads\/2024\/11\/WhatsApp-Image-2024-11-04-at-21.24.40-300x226.jpeg 300w, https:\/\/prensa.sma.gob.ar\/wp-content\/uploads\/2024\/11\/WhatsApp-Image-2024-11-04-at-21.24.40-768x578.jpeg 768w, https:\/\/prensa.sma.gob.ar\/wp-content\/uploads\/2024\/11\/WhatsApp-Image-2024-11-04-at-21.24.40-558x420.jpeg 558w, https:\/\/prensa.sma.gob.ar\/wp-content\/uploads\/2024\/11\/WhatsApp-Image-2024-11-04-at-21.24.40-80x60.jpeg 80w, https:\/\/prensa.sma.gob.ar\/wp-content\/uploads\/2024\/11\/WhatsApp-Image-2024-11-04-at-21.24.40-696x524.jpeg 696w, https:\/\/prensa.sma.gob.ar\/wp-content\/uploads\/2024\/11\/WhatsApp-Image-2024-11-04-at-21.24.40-1068x804.jpeg 1068w, https:\/\/prensa.sma.gob.ar\/wp-content\/uploads\/2024\/11\/WhatsApp-Image-2024-11-04-at-21.24.40.jpeg 1280w\" sizes=\"auto, (max-width: 1024px) 100vw, 1024px\" \/><\/figure>\n\n\n\n<figure class=\"wp-block-image size-large\"><img loading=\"lazy\" decoding=\"async\" width=\"1024\" height=\"576\" data-id=\"3402\" src=\"https:\/\/prensa.sma.gob.ar\/wp-content\/uploads\/2024\/11\/WhatsApp-Image-2024-11-04-at-20.46.07-1024x576.jpeg\" alt=\"\" class=\"wp-image-3402\" srcset=\"https:\/\/prensa.sma.gob.ar\/wp-content\/uploads\/2024\/11\/WhatsApp-Image-2024-11-04-at-20.46.07-1024x576.jpeg 1024w, https:\/\/prensa.sma.gob.ar\/wp-content\/uploads\/2024\/11\/WhatsApp-Image-2024-11-04-at-20.46.07-300x169.jpeg 300w, https:\/\/prensa.sma.gob.ar\/wp-content\/uploads\/2024\/11\/WhatsApp-Image-2024-11-04-at-20.46.07-768x432.jpeg 768w, https:\/\/prensa.sma.gob.ar\/wp-content\/uploads\/2024\/11\/WhatsApp-Image-2024-11-04-at-20.46.07-1536x864.jpeg 1536w, https:\/\/prensa.sma.gob.ar\/wp-content\/uploads\/2024\/11\/WhatsApp-Image-2024-11-04-at-20.46.07-2048x1152.jpeg 2048w, https:\/\/prensa.sma.gob.ar\/wp-content\/uploads\/2024\/11\/WhatsApp-Image-2024-11-04-at-20.46.07-747x420.jpeg 747w, https:\/\/prensa.sma.gob.ar\/wp-content\/uploads\/2024\/11\/WhatsApp-Image-2024-11-04-at-20.46.07-696x392.jpeg 696w, https:\/\/prensa.sma.gob.ar\/wp-content\/uploads\/2024\/11\/WhatsApp-Image-2024-11-04-at-20.46.07-1068x601.jpeg 1068w, https:\/\/prensa.sma.gob.ar\/wp-content\/uploads\/2024\/11\/WhatsApp-Image-2024-11-04-at-20.46.07-1920x1080.jpeg 1920w\" sizes=\"auto, (max-width: 1024px) 100vw, 1024px\" \/><\/figure>\n<\/figure>\n\n\n\n<p>Del encuentro con las vecinas y vecinos, participaron el intendente, Carlos Saloniti; la directora provincial de Infraestructura del IPVU-ADUS, Lorena Troncoso; la delegada en San Mart\u00edn de los Andes del IPVU-ADUS, Natalia Bruno; y la delegada provincial para a Regi\u00f3n Sur, Eliana rivera.<\/p>\n\n\n\n<p>Tambi\u00e9n estuvieron la Directora del Instituto Municipal de Vivienda y H\u00e1bitat, Carolina Amaya; el secretario de Coordinaci\u00f3n del COPE y Gesti\u00f3n de Proyectos, Mart\u00edn Rodr\u00edguez; la subsecretaria de Juntas Vecinales, Irina Allegri; y la jefa del \u00e1rea, Lorena Gonz\u00e1lez. Adem\u00e1s, asistieron los concejales Mar\u00eda Laura Da Pieve; C\u00e9sar Meza; Santiago Fern\u00e1ndez y Carlos Men\u00e9ndez.<\/p>\n\n\n\n<p>Durante el encuentro se reafirm\u00f3 la l\u00f3gica del Estado provincial, el Estado municipal y la comunidad, con los vecinos que autogestionan el barrio, para trabajar juntos en el financiamiento de las infraestructuras de servicios para sus lotes.<\/p>\n","protected":false},"excerpt":{"rendered":"<p>La propuesta del Instituto Provincial de Vivienda y Urbanismo (IPVU-ADUS) de financiar las infraestructuras a los propietarios de lotes en el barrio El Tr\u00e9bol dio un nuevo paso en las \u00faltimas horas, luego de la propuesta del Municipio de articular con el organismo provincial para acompa\u00f1ar la capacidad de pago de los vecinos. El IPVU-ADUS [&hellip;]<\/p>\n","protected":false},"author":2,"featured_media":3404,"comment_status":"closed","ping_status":"open","sticky":false,"template":"","format":"standard","meta":{"footnotes":""},"categories":[16,14,17,37],"tags":[],"class_list":{"0":"post-3398","1":"post","2":"type-post","3":"status-publish","4":"format-standard","5":"has-post-thumbnail","7":"category-destacadas","8":"category-noticias","9":"category-portada","10":"category-vivienda"},"_links":{"self":[{"href":"https:\/\/prensa.sma.gob.ar\/index.php?rest_route=\/wp\/v2\/posts\/3398","targetHints":{"allow":["GET"]}}],"collection":[{"href":"https:\/\/prensa.sma.gob.ar\/index.php?rest_route=\/wp\/v2\/posts"}],"about":[{"href":"https:\/\/prensa.sma.gob.ar\/index.php?rest_route=\/wp\/v2\/types\/post"}],"author":[{"embeddable":true,"href":"https:\/\/prensa.sma.gob.ar\/index.php?rest_route=\/wp\/v2\/users\/2"}],"replies":[{"embeddable":true,"href":"https:\/\/prensa.sma.gob.ar\/index.php?rest_route=%2Fwp%2Fv2%2Fcomments&post=3398"}],"version-history":[{"count":2,"href":"https:\/\/prensa.sma.gob.ar\/index.php?rest_route=\/wp\/v2\/posts\/3398\/revisions"}],"predecessor-version":[{"id":3455,"href":"https:\/\/prensa.sma.gob.ar\/index.php?rest_route=\/wp\/v2\/posts\/3398\/revisions\/3455"}],"wp:featuredmedia":[{"embeddable":true,"href":"https:\/\/prensa.sma.gob.ar\/index.php?rest_route=\/wp\/v2\/media\/3404"}],"wp:attachment":[{"href":"https:\/\/prensa.sma.gob.ar\/index.php?rest_route=%2Fwp%2Fv2%2Fmedia&parent=3398"}],"wp:term":[{"taxonomy":"category","embeddable":true,"href":"https:\/\/prensa.sma.gob.ar\/index.php?rest_route=%2Fwp%2Fv2%2Fcategories&post=3398"},{"taxonomy":"post_tag","embeddable":true,"href":"https:\/\/prensa.sma.gob.ar\/index.php?rest_route=%2Fwp%2Fv2%2Ftags&post=3398"}],"curies":[{"name":"wp","href":"https:\/\/api.w.org\/{rel}","templated":true}]}}