{"id":3456,"date":"2024-11-07T13:54:52","date_gmt":"2024-11-07T13:54:52","guid":{"rendered":"https:\/\/prensa.sma.gob.ar\/?p=3456"},"modified":"2024-11-07T14:49:28","modified_gmt":"2024-11-07T14:49:28","slug":"el-intendente-saloniti-ratifico-la-importancia-de-las-juntas-vecinales-en-esta-nueva-etapa-de-la-gestion","status":"publish","type":"post","link":"https:\/\/prensa.sma.gob.ar\/?p=3456","title":{"rendered":"El intendente Saloniti ratific\u00f3 la importancia de las Juntas Vecinales en esta etapa de la gesti\u00f3n"},"content":{"rendered":"\n<p>El intendente Carlos Saloniti recibi\u00f3 en su despacho a la Subsecretaria de Juntas Vecinales y a la jefa del \u00e1rea, Irina Allegri y Lorena Gonz\u00e1lez, respectivamente.<\/p>\n\n\n\n<p>Durante el encuentro se reafirmaron los lineamientos de la reuni\u00f3n que el jefe comunal mantuvo esta semana con los miembros del Consejo de Juntas Vecinales.<\/p>\n\n\n\n<p>Durante el encuentro se trazaron los lineamientos de la nueva etapa que se abre desde la gesti\u00f3n municipal para revalorizar la participaci\u00f3n de vecinas y vecinos a trav\u00e9s de la Subsecretar\u00eda y del Consejo.<\/p>\n\n\n\n<p>La reuni\u00f3n permiti\u00f3 ratificar el rol de las juntas vecinales y la importancia que tiene para el Municipio que se conformen nuevas comisiones barriales.<\/p>\n\n\n\n<p>El intendente Saloniti convoc\u00f3 a reuniones peri\u00f3dicas con las responsables de la Subsecretar\u00eda de Juntas Vecinales; agradeci\u00f3 la participaci\u00f3n de vecinas y vecinos que integran las comisiones barriales y dio la bienvenida a quienes se suman a esta instancia participativa comunitaria.<\/p>\n\n\n\n<figure class=\"wp-block-gallery has-nested-images columns-default is-cropped wp-block-gallery-1 is-layout-flex wp-block-gallery-is-layout-flex\">\n<figure class=\"wp-block-image size-large\"><img loading=\"lazy\" decoding=\"async\" width=\"1024\" height=\"576\" data-id=\"3459\" src=\"https:\/\/prensa.sma.gob.ar\/wp-content\/uploads\/2024\/11\/JUNTAS-1-1024x576.jpg\" alt=\"\" class=\"wp-image-3459\" srcset=\"https:\/\/prensa.sma.gob.ar\/wp-content\/uploads\/2024\/11\/JUNTAS-1-1024x576.jpg 1024w, https:\/\/prensa.sma.gob.ar\/wp-content\/uploads\/2024\/11\/JUNTAS-1-300x169.jpg 300w, https:\/\/prensa.sma.gob.ar\/wp-content\/uploads\/2024\/11\/JUNTAS-1-768x432.jpg 768w, https:\/\/prensa.sma.gob.ar\/wp-content\/uploads\/2024\/11\/JUNTAS-1-1536x864.jpg 1536w, https:\/\/prensa.sma.gob.ar\/wp-content\/uploads\/2024\/11\/JUNTAS-1-747x420.jpg 747w, https:\/\/prensa.sma.gob.ar\/wp-content\/uploads\/2024\/11\/JUNTAS-1-696x392.jpg 696w, https:\/\/prensa.sma.gob.ar\/wp-content\/uploads\/2024\/11\/JUNTAS-1-1068x601.jpg 1068w, https:\/\/prensa.sma.gob.ar\/wp-content\/uploads\/2024\/11\/JUNTAS-1.jpg 1600w\" sizes=\"auto, (max-width: 1024px) 100vw, 1024px\" \/><\/figure>\n\n\n\n<figure class=\"wp-block-image size-large\"><img loading=\"lazy\" decoding=\"async\" width=\"1024\" height=\"576\" data-id=\"3458\" src=\"https:\/\/prensa.sma.gob.ar\/wp-content\/uploads\/2024\/11\/JUNTAS-2-1024x576.jpg\" alt=\"\" class=\"wp-image-3458\" srcset=\"https:\/\/prensa.sma.gob.ar\/wp-content\/uploads\/2024\/11\/JUNTAS-2-1024x576.jpg 1024w, https:\/\/prensa.sma.gob.ar\/wp-content\/uploads\/2024\/11\/JUNTAS-2-300x169.jpg 300w, https:\/\/prensa.sma.gob.ar\/wp-content\/uploads\/2024\/11\/JUNTAS-2-768x432.jpg 768w, https:\/\/prensa.sma.gob.ar\/wp-content\/uploads\/2024\/11\/JUNTAS-2-1536x864.jpg 1536w, https:\/\/prensa.sma.gob.ar\/wp-content\/uploads\/2024\/11\/JUNTAS-2-747x420.jpg 747w, https:\/\/prensa.sma.gob.ar\/wp-content\/uploads\/2024\/11\/JUNTAS-2-696x392.jpg 696w, https:\/\/prensa.sma.gob.ar\/wp-content\/uploads\/2024\/11\/JUNTAS-2-1068x601.jpg 1068w, https:\/\/prensa.sma.gob.ar\/wp-content\/uploads\/2024\/11\/JUNTAS-2.jpg 1600w\" sizes=\"auto, (max-width: 1024px) 100vw, 1024px\" \/><\/figure>\n<\/figure>\n\n\n\n<p><\/p>\n","protected":false},"excerpt":{"rendered":"<p>El intendente Carlos Saloniti recibi\u00f3 en su despacho a la Subsecretaria de Juntas Vecinales y a la jefa del \u00e1rea, Irina Allegri y Lorena Gonz\u00e1lez, respectivamente. Durante el encuentro se reafirmaron los lineamientos de la reuni\u00f3n que el jefe comunal mantuvo esta semana con los miembros del Consejo de Juntas Vecinales. Durante el encuentro se [&hellip;]<\/p>\n","protected":false},"author":1,"featured_media":3457,"comment_status":"closed","ping_status":"open","sticky":false,"template":"","format":"standard","meta":{"footnotes":""},"categories":[16,39,14,17],"tags":[],"class_list":{"0":"post-3456","1":"post","2":"type-post","3":"status-publish","4":"format-standard","5":"has-post-thumbnail","7":"category-destacadas","8":"category-subs-juntas-vecinales","9":"category-noticias","10":"category-portada"},"_links":{"self":[{"href":"https:\/\/prensa.sma.gob.ar\/index.php?rest_route=\/wp\/v2\/posts\/3456","targetHints":{"allow":["GET"]}}],"collection":[{"href":"https:\/\/prensa.sma.gob.ar\/index.php?rest_route=\/wp\/v2\/posts"}],"about":[{"href":"https:\/\/prensa.sma.gob.ar\/index.php?rest_route=\/wp\/v2\/types\/post"}],"author":[{"embeddable":true,"href":"https:\/\/prensa.sma.gob.ar\/index.php?rest_route=\/wp\/v2\/users\/1"}],"replies":[{"embeddable":true,"href":"https:\/\/prensa.sma.gob.ar\/index.php?rest_route=%2Fwp%2Fv2%2Fcomments&post=3456"}],"version-history":[{"count":2,"href":"https:\/\/prensa.sma.gob.ar\/index.php?rest_route=\/wp\/v2\/posts\/3456\/revisions"}],"predecessor-version":[{"id":3462,"href":"https:\/\/prensa.sma.gob.ar\/index.php?rest_route=\/wp\/v2\/posts\/3456\/revisions\/3462"}],"wp:featuredmedia":[{"embeddable":true,"href":"https:\/\/prensa.sma.gob.ar\/index.php?rest_route=\/wp\/v2\/media\/3457"}],"wp:attachment":[{"href":"https:\/\/prensa.sma.gob.ar\/index.php?rest_route=%2Fwp%2Fv2%2Fmedia&parent=3456"}],"wp:term":[{"taxonomy":"category","embeddable":true,"href":"https:\/\/prensa.sma.gob.ar\/index.php?rest_route=%2Fwp%2Fv2%2Fcategories&post=3456"},{"taxonomy":"post_tag","embeddable":true,"href":"https:\/\/prensa.sma.gob.ar\/index.php?rest_route=%2Fwp%2Fv2%2Ftags&post=3456"}],"curies":[{"name":"wp","href":"https:\/\/api.w.org\/{rel}","templated":true}]}}