{"id":3558,"date":"2024-11-12T14:40:45","date_gmt":"2024-11-12T14:40:45","guid":{"rendered":"https:\/\/prensa.sma.gob.ar\/?p=3558"},"modified":"2024-11-12T14:40:46","modified_gmt":"2024-11-12T14:40:46","slug":"se-realizo-una-reunion-de-sensibilizacion-en-la-semana-de-los-derechos-de-la-ninez","status":"publish","type":"post","link":"https:\/\/prensa.sma.gob.ar\/?p=3558","title":{"rendered":"Se realiz\u00f3 una reuni\u00f3n de sensibilizaci\u00f3n en la Semana de los Derechos de la Ni\u00f1ez"},"content":{"rendered":"\n<p>El Consejo de la Comunidad para la Ni\u00f1ez, Adolescencia y Familia de San Mart\u00edn de los Andes (CoCoNAF) convoc\u00f3 este lunes a un espacio de sensibilizaci\u00f3n como parte de la Semana por los Derechos de Ni\u00f1as, Ni\u00f1os y Adolescentes. El encuentro reuni\u00f3 a representantes de diversas instituciones que integran el Consejo, como funcionarios municipales y provinciales, as\u00ed como polic\u00edas de Neuqu\u00e9n y de la Polic\u00eda Federal.<\/p>\n\n\n\n<p>En el encuentro, realizado en el Teatro San Jos\u00e9, se present\u00f3 un balance del trabajo que el CoCoNAF llev\u00f3 a cabo durante este a\u00f1o, detallando algunos aspectos de los programas que esta instituci\u00f3n desarrolla desde hace varios a\u00f1os con ni\u00f1as, ni\u00f1os y adolescentes.<\/p>\n\n\n\n<p>El objetivo del encuentro fue retomar el di\u00e1logo a nivel institucional para avanzar, a trav\u00e9s de acuerdos interinstitucionales, en la garant\u00eda de los derechos de ni\u00f1as y ni\u00f1os mediante acciones transversales a todos los espacios de la comunidad.<\/p>\n\n\n\n<p>Br\u00edgida Vilari\u00f1o, tallerista del CoCoNAF, record\u00f3 que este Consejo surgi\u00f3 en el marco de la Ley 2302 y de la Ordenanza Municipal 3457, con la premisa de que las pol\u00edticas para garantizar los derechos de las infancias y adolescencias deben ser llevadas adelante mediante la articulaci\u00f3n de instituciones y organizaciones. Asimismo, se promueve la participaci\u00f3n de ni\u00f1as, ni\u00f1os y adolescentes, la autonom\u00eda de las infancias y el derecho a jugar en San Mart\u00edn de los Andes, que ha sido declarada Ciudad de las Ni\u00f1as y Ni\u00f1os, a trav\u00e9s de los programas que desarrolla la Mesa Pol\u00edtica de Participaci\u00f3n Infantil (MEPPI).<\/p>\n\n\n\n<p>Adem\u00e1s de repasar las actividades realizadas durante este a\u00f1o y gestionar mejoras en el financiamiento de programas, se explicaron las actividades que se desarrollan en la ciudad para la promoci\u00f3n de los derechos de las infancias y adolescencias, las cuales continuar\u00e1n hasta el pr\u00f3ximo mi\u00e9rcoles 20.<\/p>\n\n\n\n<p>Se plante\u00f3 la necesidad de reactivar algunos Consejos de Ni\u00f1as y Ni\u00f1os Ciudadanos en los barrios, como en el caso del barrio Vamep, donde ni\u00f1as y ni\u00f1os se re\u00fanen para compartir sus inquietudes, necesidades y perspectivas sobre temas de su comunidad.<\/p>\n\n\n\n<p>En este sentido, se destac\u00f3 la importancia de contar nuevamente con los talleristas para los Consejos de Ni\u00f1as y Ni\u00f1os Ciudadanos, los Consejos Adolescentes, y la necesidad de articular m\u00e1s estrechamente con el gobierno provincial. Tambi\u00e9n se insisti\u00f3 en la implementaci\u00f3n de la ordenanza del Derecho a Jugar, que a\u00fan no ha sido puesta en vigencia.<\/p>\n\n\n\n<p>El funcionamiento de las Bicitecas Populares, un programa que recibe donaciones de bicicletas, las repara y las presta a la comunidad barrial y a las escuelas, gener\u00f3 preocupaci\u00f3n debido a la paralizaci\u00f3n de actividades de la sede ubicada en Cordones del Chapelco.<\/p>\n\n\n\n<p>Tambi\u00e9n se analizaron cuestiones relacionadas con la seguridad de las infancias y adolescencias en los barrios y los programas Puntos Amigables, Camino a la Escuela, Escuela Bonita y Puntos de Lactancia, entre otras iniciativas que lleva adelante la MEPPI.<\/p>\n\n\n\n<p>Se abordaron temas como la necesidad de mejorar el financiamiento provincial, establecer programas para evitar el acoso en los colectivos, habilitar nuevos senderos amigables, incrementar la difusi\u00f3n de los Puntos Amigables y tratar asuntos vinculados con consumos problem\u00e1ticos.<\/p>\n\n\n\n<figure class=\"wp-block-gallery has-nested-images columns-default is-cropped wp-block-gallery-1 is-layout-flex wp-block-gallery-is-layout-flex\">\n<figure class=\"wp-block-image size-large\"><img loading=\"lazy\" decoding=\"async\" width=\"1024\" height=\"575\" data-id=\"3562\" src=\"https:\/\/prensa.sma.gob.ar\/wp-content\/uploads\/2024\/11\/WhatsApp-Image-2024-11-12-at-10.34.09-10-1024x575.jpeg\" alt=\"\" class=\"wp-image-3562\" srcset=\"https:\/\/prensa.sma.gob.ar\/wp-content\/uploads\/2024\/11\/WhatsApp-Image-2024-11-12-at-10.34.09-10-1024x575.jpeg 1024w, https:\/\/prensa.sma.gob.ar\/wp-content\/uploads\/2024\/11\/WhatsApp-Image-2024-11-12-at-10.34.09-10-300x168.jpeg 300w, https:\/\/prensa.sma.gob.ar\/wp-content\/uploads\/2024\/11\/WhatsApp-Image-2024-11-12-at-10.34.09-10-768x431.jpeg 768w, https:\/\/prensa.sma.gob.ar\/wp-content\/uploads\/2024\/11\/WhatsApp-Image-2024-11-12-at-10.34.09-10-1536x862.jpeg 1536w, https:\/\/prensa.sma.gob.ar\/wp-content\/uploads\/2024\/11\/WhatsApp-Image-2024-11-12-at-10.34.09-10-748x420.jpeg 748w, https:\/\/prensa.sma.gob.ar\/wp-content\/uploads\/2024\/11\/WhatsApp-Image-2024-11-12-at-10.34.09-10-696x391.jpeg 696w, https:\/\/prensa.sma.gob.ar\/wp-content\/uploads\/2024\/11\/WhatsApp-Image-2024-11-12-at-10.34.09-10-1068x599.jpeg 1068w, https:\/\/prensa.sma.gob.ar\/wp-content\/uploads\/2024\/11\/WhatsApp-Image-2024-11-12-at-10.34.09-10.jpeg 1600w\" sizes=\"auto, (max-width: 1024px) 100vw, 1024px\" \/><\/figure>\n\n\n\n<figure class=\"wp-block-image size-large\"><img loading=\"lazy\" decoding=\"async\" width=\"1024\" height=\"739\" data-id=\"3563\" src=\"https:\/\/prensa.sma.gob.ar\/wp-content\/uploads\/2024\/11\/WhatsApp-Image-2024-11-12-at-10.34.09-9-1024x739.jpeg\" alt=\"\" class=\"wp-image-3563\" srcset=\"https:\/\/prensa.sma.gob.ar\/wp-content\/uploads\/2024\/11\/WhatsApp-Image-2024-11-12-at-10.34.09-9-1024x739.jpeg 1024w, https:\/\/prensa.sma.gob.ar\/wp-content\/uploads\/2024\/11\/WhatsApp-Image-2024-11-12-at-10.34.09-9-300x217.jpeg 300w, https:\/\/prensa.sma.gob.ar\/wp-content\/uploads\/2024\/11\/WhatsApp-Image-2024-11-12-at-10.34.09-9-768x554.jpeg 768w, https:\/\/prensa.sma.gob.ar\/wp-content\/uploads\/2024\/11\/WhatsApp-Image-2024-11-12-at-10.34.09-9-1536x1109.jpeg 1536w, https:\/\/prensa.sma.gob.ar\/wp-content\/uploads\/2024\/11\/WhatsApp-Image-2024-11-12-at-10.34.09-9-582x420.jpeg 582w, https:\/\/prensa.sma.gob.ar\/wp-content\/uploads\/2024\/11\/WhatsApp-Image-2024-11-12-at-10.34.09-9-696x502.jpeg 696w, https:\/\/prensa.sma.gob.ar\/wp-content\/uploads\/2024\/11\/WhatsApp-Image-2024-11-12-at-10.34.09-9-1068x771.jpeg 1068w, https:\/\/prensa.sma.gob.ar\/wp-content\/uploads\/2024\/11\/WhatsApp-Image-2024-11-12-at-10.34.09-9.jpeg 1600w\" sizes=\"auto, (max-width: 1024px) 100vw, 1024px\" \/><\/figure>\n\n\n\n<figure class=\"wp-block-image size-large\"><img loading=\"lazy\" decoding=\"async\" width=\"1024\" height=\"575\" data-id=\"3560\" src=\"https:\/\/prensa.sma.gob.ar\/wp-content\/uploads\/2024\/11\/WhatsApp-Image-2024-11-12-at-10.34.09-8-1024x575.jpeg\" alt=\"\" class=\"wp-image-3560\" srcset=\"https:\/\/prensa.sma.gob.ar\/wp-content\/uploads\/2024\/11\/WhatsApp-Image-2024-11-12-at-10.34.09-8-1024x575.jpeg 1024w, https:\/\/prensa.sma.gob.ar\/wp-content\/uploads\/2024\/11\/WhatsApp-Image-2024-11-12-at-10.34.09-8-300x169.jpeg 300w, https:\/\/prensa.sma.gob.ar\/wp-content\/uploads\/2024\/11\/WhatsApp-Image-2024-11-12-at-10.34.09-8-768x432.jpeg 768w, https:\/\/prensa.sma.gob.ar\/wp-content\/uploads\/2024\/11\/WhatsApp-Image-2024-11-12-at-10.34.09-8-1536x863.jpeg 1536w, https:\/\/prensa.sma.gob.ar\/wp-content\/uploads\/2024\/11\/WhatsApp-Image-2024-11-12-at-10.34.09-8-747x420.jpeg 747w, https:\/\/prensa.sma.gob.ar\/wp-content\/uploads\/2024\/11\/WhatsApp-Image-2024-11-12-at-10.34.09-8-696x391.jpeg 696w, https:\/\/prensa.sma.gob.ar\/wp-content\/uploads\/2024\/11\/WhatsApp-Image-2024-11-12-at-10.34.09-8-1068x600.jpeg 1068w, https:\/\/prensa.sma.gob.ar\/wp-content\/uploads\/2024\/11\/WhatsApp-Image-2024-11-12-at-10.34.09-8.jpeg 1600w\" sizes=\"auto, (max-width: 1024px) 100vw, 1024px\" \/><\/figure>\n\n\n\n<figure class=\"wp-block-image size-large\"><img loading=\"lazy\" decoding=\"async\" width=\"1024\" height=\"682\" data-id=\"3561\" src=\"https:\/\/prensa.sma.gob.ar\/wp-content\/uploads\/2024\/11\/WhatsApp-Image-2024-11-12-at-10.34.09-7-1024x682.jpeg\" alt=\"\" class=\"wp-image-3561\" srcset=\"https:\/\/prensa.sma.gob.ar\/wp-content\/uploads\/2024\/11\/WhatsApp-Image-2024-11-12-at-10.34.09-7-1024x682.jpeg 1024w, https:\/\/prensa.sma.gob.ar\/wp-content\/uploads\/2024\/11\/WhatsApp-Image-2024-11-12-at-10.34.09-7-300x200.jpeg 300w, https:\/\/prensa.sma.gob.ar\/wp-content\/uploads\/2024\/11\/WhatsApp-Image-2024-11-12-at-10.34.09-7-768x512.jpeg 768w, https:\/\/prensa.sma.gob.ar\/wp-content\/uploads\/2024\/11\/WhatsApp-Image-2024-11-12-at-10.34.09-7-1536x1023.jpeg 1536w, https:\/\/prensa.sma.gob.ar\/wp-content\/uploads\/2024\/11\/WhatsApp-Image-2024-11-12-at-10.34.09-7-630x420.jpeg 630w, https:\/\/prensa.sma.gob.ar\/wp-content\/uploads\/2024\/11\/WhatsApp-Image-2024-11-12-at-10.34.09-7-696x464.jpeg 696w, https:\/\/prensa.sma.gob.ar\/wp-content\/uploads\/2024\/11\/WhatsApp-Image-2024-11-12-at-10.34.09-7-1068x712.jpeg 1068w, https:\/\/prensa.sma.gob.ar\/wp-content\/uploads\/2024\/11\/WhatsApp-Image-2024-11-12-at-10.34.09-7.jpeg 1600w\" sizes=\"auto, (max-width: 1024px) 100vw, 1024px\" \/><\/figure>\n\n\n\n<figure class=\"wp-block-image size-large\"><img loading=\"lazy\" decoding=\"async\" width=\"1024\" height=\"682\" data-id=\"3564\" src=\"https:\/\/prensa.sma.gob.ar\/wp-content\/uploads\/2024\/11\/WhatsApp-Image-2024-11-12-at-10.34.09-6-1024x682.jpeg\" alt=\"\" class=\"wp-image-3564\" srcset=\"https:\/\/prensa.sma.gob.ar\/wp-content\/uploads\/2024\/11\/WhatsApp-Image-2024-11-12-at-10.34.09-6-1024x682.jpeg 1024w, https:\/\/prensa.sma.gob.ar\/wp-content\/uploads\/2024\/11\/WhatsApp-Image-2024-11-12-at-10.34.09-6-300x200.jpeg 300w, https:\/\/prensa.sma.gob.ar\/wp-content\/uploads\/2024\/11\/WhatsApp-Image-2024-11-12-at-10.34.09-6-768x512.jpeg 768w, https:\/\/prensa.sma.gob.ar\/wp-content\/uploads\/2024\/11\/WhatsApp-Image-2024-11-12-at-10.34.09-6-1536x1023.jpeg 1536w, https:\/\/prensa.sma.gob.ar\/wp-content\/uploads\/2024\/11\/WhatsApp-Image-2024-11-12-at-10.34.09-6-630x420.jpeg 630w, https:\/\/prensa.sma.gob.ar\/wp-content\/uploads\/2024\/11\/WhatsApp-Image-2024-11-12-at-10.34.09-6-696x464.jpeg 696w, https:\/\/prensa.sma.gob.ar\/wp-content\/uploads\/2024\/11\/WhatsApp-Image-2024-11-12-at-10.34.09-6-1068x712.jpeg 1068w, https:\/\/prensa.sma.gob.ar\/wp-content\/uploads\/2024\/11\/WhatsApp-Image-2024-11-12-at-10.34.09-6.jpeg 1600w\" sizes=\"auto, (max-width: 1024px) 100vw, 1024px\" \/><\/figure>\n\n\n\n<figure class=\"wp-block-image size-large\"><img loading=\"lazy\" decoding=\"async\" width=\"1024\" height=\"682\" data-id=\"3565\" src=\"https:\/\/prensa.sma.gob.ar\/wp-content\/uploads\/2024\/11\/WhatsApp-Image-2024-11-12-at-10.34.09-5-1024x682.jpeg\" alt=\"\" class=\"wp-image-3565\" srcset=\"https:\/\/prensa.sma.gob.ar\/wp-content\/uploads\/2024\/11\/WhatsApp-Image-2024-11-12-at-10.34.09-5-1024x682.jpeg 1024w, https:\/\/prensa.sma.gob.ar\/wp-content\/uploads\/2024\/11\/WhatsApp-Image-2024-11-12-at-10.34.09-5-300x200.jpeg 300w, https:\/\/prensa.sma.gob.ar\/wp-content\/uploads\/2024\/11\/WhatsApp-Image-2024-11-12-at-10.34.09-5-768x512.jpeg 768w, https:\/\/prensa.sma.gob.ar\/wp-content\/uploads\/2024\/11\/WhatsApp-Image-2024-11-12-at-10.34.09-5-1536x1023.jpeg 1536w, https:\/\/prensa.sma.gob.ar\/wp-content\/uploads\/2024\/11\/WhatsApp-Image-2024-11-12-at-10.34.09-5-630x420.jpeg 630w, https:\/\/prensa.sma.gob.ar\/wp-content\/uploads\/2024\/11\/WhatsApp-Image-2024-11-12-at-10.34.09-5-696x464.jpeg 696w, https:\/\/prensa.sma.gob.ar\/wp-content\/uploads\/2024\/11\/WhatsApp-Image-2024-11-12-at-10.34.09-5-1068x712.jpeg 1068w, https:\/\/prensa.sma.gob.ar\/wp-content\/uploads\/2024\/11\/WhatsApp-Image-2024-11-12-at-10.34.09-5.jpeg 1600w\" sizes=\"auto, (max-width: 1024px) 100vw, 1024px\" \/><\/figure>\n\n\n\n<figure class=\"wp-block-image size-large\"><img loading=\"lazy\" decoding=\"async\" width=\"1024\" height=\"682\" data-id=\"3566\" src=\"https:\/\/prensa.sma.gob.ar\/wp-content\/uploads\/2024\/11\/WhatsApp-Image-2024-11-12-at-10.34.09-4-1024x682.jpeg\" alt=\"\" class=\"wp-image-3566\" srcset=\"https:\/\/prensa.sma.gob.ar\/wp-content\/uploads\/2024\/11\/WhatsApp-Image-2024-11-12-at-10.34.09-4-1024x682.jpeg 1024w, https:\/\/prensa.sma.gob.ar\/wp-content\/uploads\/2024\/11\/WhatsApp-Image-2024-11-12-at-10.34.09-4-300x200.jpeg 300w, https:\/\/prensa.sma.gob.ar\/wp-content\/uploads\/2024\/11\/WhatsApp-Image-2024-11-12-at-10.34.09-4-768x512.jpeg 768w, https:\/\/prensa.sma.gob.ar\/wp-content\/uploads\/2024\/11\/WhatsApp-Image-2024-11-12-at-10.34.09-4-1536x1023.jpeg 1536w, https:\/\/prensa.sma.gob.ar\/wp-content\/uploads\/2024\/11\/WhatsApp-Image-2024-11-12-at-10.34.09-4-630x420.jpeg 630w, https:\/\/prensa.sma.gob.ar\/wp-content\/uploads\/2024\/11\/WhatsApp-Image-2024-11-12-at-10.34.09-4-696x464.jpeg 696w, https:\/\/prensa.sma.gob.ar\/wp-content\/uploads\/2024\/11\/WhatsApp-Image-2024-11-12-at-10.34.09-4-1068x712.jpeg 1068w, https:\/\/prensa.sma.gob.ar\/wp-content\/uploads\/2024\/11\/WhatsApp-Image-2024-11-12-at-10.34.09-4.jpeg 1600w\" sizes=\"auto, (max-width: 1024px) 100vw, 1024px\" \/><\/figure>\n\n\n\n<figure class=\"wp-block-image size-large\"><img loading=\"lazy\" decoding=\"async\" width=\"1024\" height=\"682\" data-id=\"3567\" src=\"https:\/\/prensa.sma.gob.ar\/wp-content\/uploads\/2024\/11\/WhatsApp-Image-2024-11-12-at-10.34.09-3-1024x682.jpeg\" alt=\"\" class=\"wp-image-3567\" srcset=\"https:\/\/prensa.sma.gob.ar\/wp-content\/uploads\/2024\/11\/WhatsApp-Image-2024-11-12-at-10.34.09-3-1024x682.jpeg 1024w, https:\/\/prensa.sma.gob.ar\/wp-content\/uploads\/2024\/11\/WhatsApp-Image-2024-11-12-at-10.34.09-3-300x200.jpeg 300w, https:\/\/prensa.sma.gob.ar\/wp-content\/uploads\/2024\/11\/WhatsApp-Image-2024-11-12-at-10.34.09-3-768x511.jpeg 768w, https:\/\/prensa.sma.gob.ar\/wp-content\/uploads\/2024\/11\/WhatsApp-Image-2024-11-12-at-10.34.09-3-1536x1022.jpeg 1536w, https:\/\/prensa.sma.gob.ar\/wp-content\/uploads\/2024\/11\/WhatsApp-Image-2024-11-12-at-10.34.09-3-631x420.jpeg 631w, https:\/\/prensa.sma.gob.ar\/wp-content\/uploads\/2024\/11\/WhatsApp-Image-2024-11-12-at-10.34.09-3-696x463.jpeg 696w, https:\/\/prensa.sma.gob.ar\/wp-content\/uploads\/2024\/11\/WhatsApp-Image-2024-11-12-at-10.34.09-3-1068x711.jpeg 1068w, https:\/\/prensa.sma.gob.ar\/wp-content\/uploads\/2024\/11\/WhatsApp-Image-2024-11-12-at-10.34.09-3.jpeg 1600w\" sizes=\"auto, (max-width: 1024px) 100vw, 1024px\" \/><\/figure>\n\n\n\n<figure class=\"wp-block-image size-large\"><img loading=\"lazy\" decoding=\"async\" width=\"1024\" height=\"682\" data-id=\"3568\" src=\"https:\/\/prensa.sma.gob.ar\/wp-content\/uploads\/2024\/11\/WhatsApp-Image-2024-11-12-at-10.34.09-2-1024x682.jpeg\" alt=\"\" class=\"wp-image-3568\" srcset=\"https:\/\/prensa.sma.gob.ar\/wp-content\/uploads\/2024\/11\/WhatsApp-Image-2024-11-12-at-10.34.09-2-1024x682.jpeg 1024w, https:\/\/prensa.sma.gob.ar\/wp-content\/uploads\/2024\/11\/WhatsApp-Image-2024-11-12-at-10.34.09-2-300x200.jpeg 300w, https:\/\/prensa.sma.gob.ar\/wp-content\/uploads\/2024\/11\/WhatsApp-Image-2024-11-12-at-10.34.09-2-768x512.jpeg 768w, https:\/\/prensa.sma.gob.ar\/wp-content\/uploads\/2024\/11\/WhatsApp-Image-2024-11-12-at-10.34.09-2-1536x1023.jpeg 1536w, https:\/\/prensa.sma.gob.ar\/wp-content\/uploads\/2024\/11\/WhatsApp-Image-2024-11-12-at-10.34.09-2-630x420.jpeg 630w, https:\/\/prensa.sma.gob.ar\/wp-content\/uploads\/2024\/11\/WhatsApp-Image-2024-11-12-at-10.34.09-2-696x464.jpeg 696w, https:\/\/prensa.sma.gob.ar\/wp-content\/uploads\/2024\/11\/WhatsApp-Image-2024-11-12-at-10.34.09-2-1068x712.jpeg 1068w, https:\/\/prensa.sma.gob.ar\/wp-content\/uploads\/2024\/11\/WhatsApp-Image-2024-11-12-at-10.34.09-2.jpeg 1600w\" sizes=\"auto, (max-width: 1024px) 100vw, 1024px\" \/><\/figure>\n\n\n\n<figure class=\"wp-block-image size-large\"><img loading=\"lazy\" decoding=\"async\" width=\"1024\" height=\"681\" data-id=\"3569\" src=\"https:\/\/prensa.sma.gob.ar\/wp-content\/uploads\/2024\/11\/WhatsApp-Image-2024-11-12-at-10.34.09-1024x681.jpeg\" alt=\"\" class=\"wp-image-3569\" srcset=\"https:\/\/prensa.sma.gob.ar\/wp-content\/uploads\/2024\/11\/WhatsApp-Image-2024-11-12-at-10.34.09-1024x681.jpeg 1024w, https:\/\/prensa.sma.gob.ar\/wp-content\/uploads\/2024\/11\/WhatsApp-Image-2024-11-12-at-10.34.09-300x200.jpeg 300w, https:\/\/prensa.sma.gob.ar\/wp-content\/uploads\/2024\/11\/WhatsApp-Image-2024-11-12-at-10.34.09-768x511.jpeg 768w, https:\/\/prensa.sma.gob.ar\/wp-content\/uploads\/2024\/11\/WhatsApp-Image-2024-11-12-at-10.34.09-1536x1021.jpeg 1536w, https:\/\/prensa.sma.gob.ar\/wp-content\/uploads\/2024\/11\/WhatsApp-Image-2024-11-12-at-10.34.09-632x420.jpeg 632w, https:\/\/prensa.sma.gob.ar\/wp-content\/uploads\/2024\/11\/WhatsApp-Image-2024-11-12-at-10.34.09-696x463.jpeg 696w, https:\/\/prensa.sma.gob.ar\/wp-content\/uploads\/2024\/11\/WhatsApp-Image-2024-11-12-at-10.34.09-1068x710.jpeg 1068w, https:\/\/prensa.sma.gob.ar\/wp-content\/uploads\/2024\/11\/WhatsApp-Image-2024-11-12-at-10.34.09.jpeg 1600w\" sizes=\"auto, (max-width: 1024px) 100vw, 1024px\" \/><\/figure>\n<\/figure>\n","protected":false},"excerpt":{"rendered":"<p>El Consejo de la Comunidad para la Ni\u00f1ez, Adolescencia y Familia de San Mart\u00edn de los Andes (CoCoNAF) convoc\u00f3 este lunes a un espacio de sensibilizaci\u00f3n como parte de la Semana por los Derechos de Ni\u00f1as, Ni\u00f1os y Adolescentes. El encuentro reuni\u00f3 a representantes de diversas instituciones que integran el Consejo, como funcionarios municipales y [&hellip;]<\/p>\n","protected":false},"author":1,"featured_media":3559,"comment_status":"closed","ping_status":"open","sticky":false,"template":"","format":"standard","meta":{"footnotes":""},"categories":[16,14],"tags":[],"class_list":{"0":"post-3558","1":"post","2":"type-post","3":"status-publish","4":"format-standard","5":"has-post-thumbnail","7":"category-destacadas","8":"category-noticias"},"_links":{"self":[{"href":"https:\/\/prensa.sma.gob.ar\/index.php?rest_route=\/wp\/v2\/posts\/3558","targetHints":{"allow":["GET"]}}],"collection":[{"href":"https:\/\/prensa.sma.gob.ar\/index.php?rest_route=\/wp\/v2\/posts"}],"about":[{"href":"https:\/\/prensa.sma.gob.ar\/index.php?rest_route=\/wp\/v2\/types\/post"}],"author":[{"embeddable":true,"href":"https:\/\/prensa.sma.gob.ar\/index.php?rest_route=\/wp\/v2\/users\/1"}],"replies":[{"embeddable":true,"href":"https:\/\/prensa.sma.gob.ar\/index.php?rest_route=%2Fwp%2Fv2%2Fcomments&post=3558"}],"version-history":[{"count":1,"href":"https:\/\/prensa.sma.gob.ar\/index.php?rest_route=\/wp\/v2\/posts\/3558\/revisions"}],"predecessor-version":[{"id":3570,"href":"https:\/\/prensa.sma.gob.ar\/index.php?rest_route=\/wp\/v2\/posts\/3558\/revisions\/3570"}],"wp:featuredmedia":[{"embeddable":true,"href":"https:\/\/prensa.sma.gob.ar\/index.php?rest_route=\/wp\/v2\/media\/3559"}],"wp:attachment":[{"href":"https:\/\/prensa.sma.gob.ar\/index.php?rest_route=%2Fwp%2Fv2%2Fmedia&parent=3558"}],"wp:term":[{"taxonomy":"category","embeddable":true,"href":"https:\/\/prensa.sma.gob.ar\/index.php?rest_route=%2Fwp%2Fv2%2Fcategories&post=3558"},{"taxonomy":"post_tag","embeddable":true,"href":"https:\/\/prensa.sma.gob.ar\/index.php?rest_route=%2Fwp%2Fv2%2Ftags&post=3558"}],"curies":[{"name":"wp","href":"https:\/\/api.w.org\/{rel}","templated":true}]}}