{"id":3571,"date":"2024-11-13T10:24:51","date_gmt":"2024-11-13T10:24:51","guid":{"rendered":"https:\/\/prensa.sma.gob.ar\/?p=3571"},"modified":"2024-11-13T10:24:52","modified_gmt":"2024-11-13T10:24:52","slug":"esta-abierta-la-preinscripcion-para-la-colonia-municipal-2025","status":"publish","type":"post","link":"https:\/\/prensa.sma.gob.ar\/?p=3571","title":{"rendered":"Est\u00e1 abierta la preinscripci\u00f3n para la Colonia Municipal 2025"},"content":{"rendered":"\n<p>A partir de este mi\u00e9rcoles 13 de noviembre y hasta el 22 de noviembre se realizar\u00e1 la preinscripci\u00f3n para la colonia municipal de 2025.<\/p>\n\n\n\n<p>Las actividades se realizar\u00e1n desde el 6 de enero al 14 de febrero, de lunes a viernes de 9 a 13, y funcionar\u00e1 en tres n\u00facleos: la Escuela 5, el gimnasio Javier Carriqueo y el gimnasio Chango Soria.<\/p>\n\n\n\n<p>La colonia municipal est\u00e1 destinada a ni\u00f1as y ni\u00f1os de entre 4 y 13 a\u00f1os e incluir\u00e1 talleres de Kayak, circo, multideporte o iniciaci\u00f3n al deporte.<\/p>\n\n\n\n<p>Tambi\u00e9n se realizar\u00e1n salidas y visitas a miradores, a plazas y al lagoLacar; salidas en minib\u00fas, senderismo, subida de palestra y otras actividades deportivas en cada n\u00facleo.<\/p>\n\n\n\n<p>Cada grupo contar\u00e1 con un profesor titulado con cargo y con un ayudante, estudiante de temas vinculados con la docencia y la actividad f\u00edsica.<\/p>\n\n\n\n<p>La colonia municipal es gratuita y cada jornada incluye desayuno y colaci\u00f3n de frutas<\/p>\n\n\n\n<p>El formulario se completa mediante este link:<\/p>\n\n\n\n<p><a href=\"https:\/\/docs.google.com\/forms\/d\/e\/1FAIpQLScPc-E5I01c3CRQ82VRmi-8yf8J8XdohizT2RQu7lljfKZIew\/viewform?fbclid=IwY2xjawGZuklleHRuA2FlbQIxMQABHdoNKXvajHGFa1oqiSNykto6nIS3AorO3-nALriUunN3DkFQi5z3cJ4vRw_aem_eAi241Yt4W0qnMn0hmlB-g&amp;sfnsn=scwspwa\"><strong>https:\/\/docs.google.com\/forms\/d\/e\/1FAIpQLScPc-E5I01c3CRQ82VRmi-8yf8J8XdohizT2RQu7lljfKZIew\/viewform?fbclid=IwY2xjawGZuklleHRuA2FlbQIxMQABHdoNKXvajHGFa1oqiSNykto6nIS3AorO3-nALriUunN3DkFQi5z3cJ4vRw_aem_eAi241Yt4W0qnMn0hmlB-g&amp;sfnsn=scwspwa<\/strong><\/a><\/p>\n\n\n\n<p>Se trata de una PRE inscripci\u00f3n, ya que completarlo NO asegura el cupo en la. La selecci\u00f3n de ni\u00f1as y ni\u00f1os ser\u00e1 por orden de entrega de documentaci\u00f3n requerida en el formulario.<\/p>\n","protected":false},"excerpt":{"rendered":"<p>A partir de este mi\u00e9rcoles 13 de noviembre y hasta el 22 de noviembre se realizar\u00e1 la preinscripci\u00f3n para la colonia municipal de 2025. Las actividades se realizar\u00e1n desde el 6 de enero al 14 de febrero, de lunes a viernes de 9 a 13, y funcionar\u00e1 en tres n\u00facleos: la Escuela 5, el gimnasio [&hellip;]<\/p>\n","protected":false},"author":2,"featured_media":3572,"comment_status":"closed","ping_status":"open","sticky":false,"template":"","format":"standard","meta":{"footnotes":""},"categories":[16,14],"tags":[],"class_list":{"0":"post-3571","1":"post","2":"type-post","3":"status-publish","4":"format-standard","5":"has-post-thumbnail","7":"category-destacadas","8":"category-noticias"},"_links":{"self":[{"href":"https:\/\/prensa.sma.gob.ar\/index.php?rest_route=\/wp\/v2\/posts\/3571","targetHints":{"allow":["GET"]}}],"collection":[{"href":"https:\/\/prensa.sma.gob.ar\/index.php?rest_route=\/wp\/v2\/posts"}],"about":[{"href":"https:\/\/prensa.sma.gob.ar\/index.php?rest_route=\/wp\/v2\/types\/post"}],"author":[{"embeddable":true,"href":"https:\/\/prensa.sma.gob.ar\/index.php?rest_route=\/wp\/v2\/users\/2"}],"replies":[{"embeddable":true,"href":"https:\/\/prensa.sma.gob.ar\/index.php?rest_route=%2Fwp%2Fv2%2Fcomments&post=3571"}],"version-history":[{"count":1,"href":"https:\/\/prensa.sma.gob.ar\/index.php?rest_route=\/wp\/v2\/posts\/3571\/revisions"}],"predecessor-version":[{"id":3575,"href":"https:\/\/prensa.sma.gob.ar\/index.php?rest_route=\/wp\/v2\/posts\/3571\/revisions\/3575"}],"wp:featuredmedia":[{"embeddable":true,"href":"https:\/\/prensa.sma.gob.ar\/index.php?rest_route=\/wp\/v2\/media\/3572"}],"wp:attachment":[{"href":"https:\/\/prensa.sma.gob.ar\/index.php?rest_route=%2Fwp%2Fv2%2Fmedia&parent=3571"}],"wp:term":[{"taxonomy":"category","embeddable":true,"href":"https:\/\/prensa.sma.gob.ar\/index.php?rest_route=%2Fwp%2Fv2%2Fcategories&post=3571"},{"taxonomy":"post_tag","embeddable":true,"href":"https:\/\/prensa.sma.gob.ar\/index.php?rest_route=%2Fwp%2Fv2%2Ftags&post=3571"}],"curies":[{"name":"wp","href":"https:\/\/api.w.org\/{rel}","templated":true}]}}