{"id":3576,"date":"2024-11-13T13:04:48","date_gmt":"2024-11-13T13:04:48","guid":{"rendered":"https:\/\/prensa.sma.gob.ar\/?p=3576"},"modified":"2025-01-27T16:52:13","modified_gmt":"2025-01-27T16:52:13","slug":"inauguraron-las-jornadas-de-salud-promovidas-por-la-camara-de-comercio-de-estados-unidos-en-argentina","status":"publish","type":"post","link":"https:\/\/prensa.sma.gob.ar\/?p=3576","title":{"rendered":"Inauguraron las Jornadas de Salud promovidas por la C\u00e1mara de Comercio de Estados Unidos"},"content":{"rendered":"\n<p>El ministro de Salud de Neuqu\u00e9n y el intendente Saloniti inauguraron las jornadas de salud promovidas por la C\u00e1mara de Comercio de Estados Unidos en Argentina.<\/p>\n\n\n\n<p>Las actividades, que comenzaron este mi\u00e9rcoles y finalizar\u00e1n ma\u00f1ana viernes, est\u00e1n organizadas por AmCham Argentina, la C\u00e1mara de Comercio de Estados Unidos en nuestro pa\u00eds, y cuenta con la visita de funcionarios de Salud de varias provincias y representantes del sector privado aplicado a la medicina.<\/p>\n\n\n\n<p>El Programa Promoviendo la Calidad e Innovaci\u00f3n en el Sector de la Salud Neuqu\u00e9n 2024 fue presentado por el ministro de Salud de la provincia, Mart\u00edn Regueiro, y por el intendente de San Mart\u00edn de los Andes, Carlos Saloniti. Ambos, acompa\u00f1ados por el director de la Zona Sanitar\u00eda del Sur de la provincia, Agust\u00edn Fag\u00e9s, abrieron tambi\u00e9n una mesa de di\u00e1logo de la que participaron todos los asistentes.<\/p>\n\n\n\n<figure class=\"wp-block-gallery has-nested-images columns-default is-cropped wp-block-gallery-1 is-layout-flex wp-block-gallery-is-layout-flex\">\n<figure class=\"wp-block-image size-large\"><img loading=\"lazy\" decoding=\"async\" width=\"1024\" height=\"615\" data-id=\"3592\" src=\"https:\/\/prensa.sma.gob.ar\/wp-content\/uploads\/2024\/11\/WhatsApp-Image-2024-11-12-at-22.25.11-1-1024x615.jpeg\" alt=\"\" class=\"wp-image-3592\" srcset=\"https:\/\/prensa.sma.gob.ar\/wp-content\/uploads\/2024\/11\/WhatsApp-Image-2024-11-12-at-22.25.11-1-1024x615.jpeg 1024w, https:\/\/prensa.sma.gob.ar\/wp-content\/uploads\/2024\/11\/WhatsApp-Image-2024-11-12-at-22.25.11-1-300x180.jpeg 300w, https:\/\/prensa.sma.gob.ar\/wp-content\/uploads\/2024\/11\/WhatsApp-Image-2024-11-12-at-22.25.11-1-768x461.jpeg 768w, https:\/\/prensa.sma.gob.ar\/wp-content\/uploads\/2024\/11\/WhatsApp-Image-2024-11-12-at-22.25.11-1-1536x923.jpeg 1536w, https:\/\/prensa.sma.gob.ar\/wp-content\/uploads\/2024\/11\/WhatsApp-Image-2024-11-12-at-22.25.11-1-699x420.jpeg 699w, https:\/\/prensa.sma.gob.ar\/wp-content\/uploads\/2024\/11\/WhatsApp-Image-2024-11-12-at-22.25.11-1-696x418.jpeg 696w, https:\/\/prensa.sma.gob.ar\/wp-content\/uploads\/2024\/11\/WhatsApp-Image-2024-11-12-at-22.25.11-1-1068x641.jpeg 1068w, https:\/\/prensa.sma.gob.ar\/wp-content\/uploads\/2024\/11\/WhatsApp-Image-2024-11-12-at-22.25.11-1.jpeg 1600w\" sizes=\"auto, (max-width: 1024px) 100vw, 1024px\" \/><\/figure>\n\n\n\n<figure class=\"wp-block-image size-large\"><img loading=\"lazy\" decoding=\"async\" width=\"1024\" height=\"620\" data-id=\"3591\" src=\"https:\/\/prensa.sma.gob.ar\/wp-content\/uploads\/2024\/11\/WhatsApp-Image-2024-11-12-at-22.25.12-1024x620.jpeg\" alt=\"\" class=\"wp-image-3591\" srcset=\"https:\/\/prensa.sma.gob.ar\/wp-content\/uploads\/2024\/11\/WhatsApp-Image-2024-11-12-at-22.25.12-1024x620.jpeg 1024w, https:\/\/prensa.sma.gob.ar\/wp-content\/uploads\/2024\/11\/WhatsApp-Image-2024-11-12-at-22.25.12-300x182.jpeg 300w, https:\/\/prensa.sma.gob.ar\/wp-content\/uploads\/2024\/11\/WhatsApp-Image-2024-11-12-at-22.25.12-768x465.jpeg 768w, https:\/\/prensa.sma.gob.ar\/wp-content\/uploads\/2024\/11\/WhatsApp-Image-2024-11-12-at-22.25.12-1536x929.jpeg 1536w, https:\/\/prensa.sma.gob.ar\/wp-content\/uploads\/2024\/11\/WhatsApp-Image-2024-11-12-at-22.25.12-694x420.jpeg 694w, https:\/\/prensa.sma.gob.ar\/wp-content\/uploads\/2024\/11\/WhatsApp-Image-2024-11-12-at-22.25.12-696x421.jpeg 696w, https:\/\/prensa.sma.gob.ar\/wp-content\/uploads\/2024\/11\/WhatsApp-Image-2024-11-12-at-22.25.12-1068x646.jpeg 1068w, https:\/\/prensa.sma.gob.ar\/wp-content\/uploads\/2024\/11\/WhatsApp-Image-2024-11-12-at-22.25.12.jpeg 1600w\" sizes=\"auto, (max-width: 1024px) 100vw, 1024px\" \/><\/figure>\n\n\n\n<figure class=\"wp-block-image size-large\"><img loading=\"lazy\" decoding=\"async\" width=\"1024\" height=\"637\" data-id=\"3590\" src=\"https:\/\/prensa.sma.gob.ar\/wp-content\/uploads\/2024\/11\/WhatsApp-Image-2024-11-12-at-22.25.13-1024x637.jpeg\" alt=\"\" class=\"wp-image-3590\" srcset=\"https:\/\/prensa.sma.gob.ar\/wp-content\/uploads\/2024\/11\/WhatsApp-Image-2024-11-12-at-22.25.13-1024x637.jpeg 1024w, https:\/\/prensa.sma.gob.ar\/wp-content\/uploads\/2024\/11\/WhatsApp-Image-2024-11-12-at-22.25.13-300x187.jpeg 300w, https:\/\/prensa.sma.gob.ar\/wp-content\/uploads\/2024\/11\/WhatsApp-Image-2024-11-12-at-22.25.13-768x478.jpeg 768w, https:\/\/prensa.sma.gob.ar\/wp-content\/uploads\/2024\/11\/WhatsApp-Image-2024-11-12-at-22.25.13-1536x955.jpeg 1536w, https:\/\/prensa.sma.gob.ar\/wp-content\/uploads\/2024\/11\/WhatsApp-Image-2024-11-12-at-22.25.13-675x420.jpeg 675w, https:\/\/prensa.sma.gob.ar\/wp-content\/uploads\/2024\/11\/WhatsApp-Image-2024-11-12-at-22.25.13-696x433.jpeg 696w, https:\/\/prensa.sma.gob.ar\/wp-content\/uploads\/2024\/11\/WhatsApp-Image-2024-11-12-at-22.25.13-1068x664.jpeg 1068w, https:\/\/prensa.sma.gob.ar\/wp-content\/uploads\/2024\/11\/WhatsApp-Image-2024-11-12-at-22.25.13.jpeg 1600w\" sizes=\"auto, (max-width: 1024px) 100vw, 1024px\" \/><\/figure>\n<\/figure>\n\n\n\n<p>Durante la presentaci\u00f3n, el jefe comunal dio la bienvenida a los participantes de estas jornadas e hizo referencia a los desaf\u00edos de salud y de otros \u00e1mbitos que se abren en nuestra comunidad a partir del crecimiento exponencial que tiene San Mart\u00edn de los Andes.<\/p>\n\n\n\n<p>Record\u00f3 que nuestra ciudad es una de las de mayor crecimiento en Neuqu\u00e9n y que, actualmente, ocupa el cuarto lugar entre las ciudades m\u00e1s pobladas de nuestra provincia que, a su vez, es una de las que registran mayores \u00edndices de aumento poblacional. Los datos, aplicados a la salud, fueron refrendados durante la exposici\u00f3n del ministro Regueiro.<\/p>\n\n\n\n<p>Saloniti resalt\u00f3 ante los asistentes las miradas coincidentes que atravesaron diferentes gestiones municipales vinculadas con el medio ambiente y el sostenimiento de la calidad de vida de sus habitantes.<\/p>\n\n\n\n<p>En ese sentido, mencion\u00f3 la construcci\u00f3n de plantas de tratamiento de efluentes; la preservaci\u00f3n de zonas protegidas y los l\u00edmites de altura en la construcci\u00f3n de viviendas. Asegur\u00f3 que estos y otros aspectos hacen que San Mart\u00edn de los Andes pueda transitar en equilibrio el crecimiento demogr\u00e1fico.<\/p>\n\n\n\n<figure class=\"wp-block-gallery has-nested-images columns-default is-cropped wp-block-gallery-2 is-layout-flex wp-block-gallery-is-layout-flex\">\n<figure class=\"wp-block-image size-large\"><img loading=\"lazy\" decoding=\"async\" width=\"1024\" height=\"621\" data-id=\"3589\" src=\"https:\/\/prensa.sma.gob.ar\/wp-content\/uploads\/2024\/11\/WhatsApp-Image-2024-11-12-at-22.25.14-1024x621.jpeg\" alt=\"\" class=\"wp-image-3589\" srcset=\"https:\/\/prensa.sma.gob.ar\/wp-content\/uploads\/2024\/11\/WhatsApp-Image-2024-11-12-at-22.25.14-1024x621.jpeg 1024w, https:\/\/prensa.sma.gob.ar\/wp-content\/uploads\/2024\/11\/WhatsApp-Image-2024-11-12-at-22.25.14-300x182.jpeg 300w, https:\/\/prensa.sma.gob.ar\/wp-content\/uploads\/2024\/11\/WhatsApp-Image-2024-11-12-at-22.25.14-768x466.jpeg 768w, https:\/\/prensa.sma.gob.ar\/wp-content\/uploads\/2024\/11\/WhatsApp-Image-2024-11-12-at-22.25.14-1536x931.jpeg 1536w, https:\/\/prensa.sma.gob.ar\/wp-content\/uploads\/2024\/11\/WhatsApp-Image-2024-11-12-at-22.25.14-693x420.jpeg 693w, https:\/\/prensa.sma.gob.ar\/wp-content\/uploads\/2024\/11\/WhatsApp-Image-2024-11-12-at-22.25.14-696x422.jpeg 696w, https:\/\/prensa.sma.gob.ar\/wp-content\/uploads\/2024\/11\/WhatsApp-Image-2024-11-12-at-22.25.14-1068x647.jpeg 1068w, https:\/\/prensa.sma.gob.ar\/wp-content\/uploads\/2024\/11\/WhatsApp-Image-2024-11-12-at-22.25.14.jpeg 1600w\" sizes=\"auto, (max-width: 1024px) 100vw, 1024px\" \/><\/figure>\n\n\n\n<figure class=\"wp-block-image size-large\"><img loading=\"lazy\" decoding=\"async\" width=\"1024\" height=\"576\" data-id=\"3587\" src=\"https:\/\/prensa.sma.gob.ar\/wp-content\/uploads\/2024\/11\/WhatsApp-Image-2024-11-12-at-22.25.19-1024x576.jpeg\" alt=\"\" class=\"wp-image-3587\" srcset=\"https:\/\/prensa.sma.gob.ar\/wp-content\/uploads\/2024\/11\/WhatsApp-Image-2024-11-12-at-22.25.19-1024x576.jpeg 1024w, https:\/\/prensa.sma.gob.ar\/wp-content\/uploads\/2024\/11\/WhatsApp-Image-2024-11-12-at-22.25.19-300x169.jpeg 300w, https:\/\/prensa.sma.gob.ar\/wp-content\/uploads\/2024\/11\/WhatsApp-Image-2024-11-12-at-22.25.19-768x432.jpeg 768w, https:\/\/prensa.sma.gob.ar\/wp-content\/uploads\/2024\/11\/WhatsApp-Image-2024-11-12-at-22.25.19-1536x864.jpeg 1536w, https:\/\/prensa.sma.gob.ar\/wp-content\/uploads\/2024\/11\/WhatsApp-Image-2024-11-12-at-22.25.19-747x420.jpeg 747w, https:\/\/prensa.sma.gob.ar\/wp-content\/uploads\/2024\/11\/WhatsApp-Image-2024-11-12-at-22.25.19-696x392.jpeg 696w, https:\/\/prensa.sma.gob.ar\/wp-content\/uploads\/2024\/11\/WhatsApp-Image-2024-11-12-at-22.25.19-1068x601.jpeg 1068w, https:\/\/prensa.sma.gob.ar\/wp-content\/uploads\/2024\/11\/WhatsApp-Image-2024-11-12-at-22.25.19.jpeg 1600w\" sizes=\"auto, (max-width: 1024px) 100vw, 1024px\" \/><\/figure>\n\n\n\n<figure class=\"wp-block-image size-large\"><img loading=\"lazy\" decoding=\"async\" width=\"1024\" height=\"576\" data-id=\"3586\" src=\"https:\/\/prensa.sma.gob.ar\/wp-content\/uploads\/2024\/11\/WhatsApp-Image-2024-11-12-at-22.25.20-1024x576.jpeg\" alt=\"\" class=\"wp-image-3586\" srcset=\"https:\/\/prensa.sma.gob.ar\/wp-content\/uploads\/2024\/11\/WhatsApp-Image-2024-11-12-at-22.25.20-1024x576.jpeg 1024w, https:\/\/prensa.sma.gob.ar\/wp-content\/uploads\/2024\/11\/WhatsApp-Image-2024-11-12-at-22.25.20-300x169.jpeg 300w, https:\/\/prensa.sma.gob.ar\/wp-content\/uploads\/2024\/11\/WhatsApp-Image-2024-11-12-at-22.25.20-768x432.jpeg 768w, https:\/\/prensa.sma.gob.ar\/wp-content\/uploads\/2024\/11\/WhatsApp-Image-2024-11-12-at-22.25.20-1536x864.jpeg 1536w, https:\/\/prensa.sma.gob.ar\/wp-content\/uploads\/2024\/11\/WhatsApp-Image-2024-11-12-at-22.25.20-747x420.jpeg 747w, https:\/\/prensa.sma.gob.ar\/wp-content\/uploads\/2024\/11\/WhatsApp-Image-2024-11-12-at-22.25.20-696x392.jpeg 696w, https:\/\/prensa.sma.gob.ar\/wp-content\/uploads\/2024\/11\/WhatsApp-Image-2024-11-12-at-22.25.20-1068x601.jpeg 1068w, https:\/\/prensa.sma.gob.ar\/wp-content\/uploads\/2024\/11\/WhatsApp-Image-2024-11-12-at-22.25.20.jpeg 1600w\" sizes=\"auto, (max-width: 1024px) 100vw, 1024px\" \/><\/figure>\n<\/figure>\n\n\n\n<p>El ministro de salud de Neuqu\u00e9n bas\u00f3 su exposici\u00f3n en la situaci\u00f3n sanitaria de la provincia frente al crecimiento y frente a la distribuci\u00f3n poblacional por regiones, avalada por las estad\u00edsticas m\u00e1s recientes que elabora el gobierno neuquino.<\/p>\n\n\n\n<p>Regueiro habl\u00f3 tambi\u00e9n del Plan Provincial de salud y ponder\u00f3 la decisi\u00f3n gubernamental de trabajar sobre estad\u00edsticas certeras para elaborar estrategias sanitarias pero, adem\u00e1s, para ajustar el sistema de compras de insumos por parte del Estado provincial. &nbsp;<\/p>\n\n\n\n<p>Respecto del Plan Provincial de Salud, presentado a fines de agosto pasado, el ministro se\u00f1al\u00f3 que el gobierno neuquino entiende a cada regi\u00f3n de la provincia con problemas comunes pero tambi\u00e9n particularidades epidemiol\u00f3gicas.<\/p>\n\n\n\n<p>El Plan Provincial est\u00e1 apoyado en programas regionales y basado en 15 l\u00edneas de cuidado: acceso a la salud, mortalidad infantil, suicidios y agresiones, consumos problem\u00e1ticos, incidentes viales, c\u00e1ncer de mama y de cuello de \u00fatero, c\u00e1ncer colorrectal, c\u00e1ncer de pulm\u00f3n, leucemias y linfomas, gripe y neumon\u00eda, hipertensi\u00f3n arterial, diabetes, enfermedades cerebrovasculares, enfermedades isqu\u00e9micas del coraz\u00f3n, y enfermedades cr\u00f3nicas de las v\u00edas respiratorias inferiores.<\/p>\n\n\n\n<figure class=\"wp-block-gallery has-nested-images columns-default is-cropped wp-block-gallery-3 is-layout-flex wp-block-gallery-is-layout-flex\">\n<figure class=\"wp-block-image size-large\"><img loading=\"lazy\" decoding=\"async\" width=\"1024\" height=\"624\" data-id=\"3594\" src=\"https:\/\/prensa.sma.gob.ar\/wp-content\/uploads\/2024\/11\/WhatsApp-Image-2024-11-12-at-22.25.23-1024x624.jpeg\" alt=\"\" class=\"wp-image-3594\" srcset=\"https:\/\/prensa.sma.gob.ar\/wp-content\/uploads\/2024\/11\/WhatsApp-Image-2024-11-12-at-22.25.23-1024x624.jpeg 1024w, https:\/\/prensa.sma.gob.ar\/wp-content\/uploads\/2024\/11\/WhatsApp-Image-2024-11-12-at-22.25.23-300x183.jpeg 300w, https:\/\/prensa.sma.gob.ar\/wp-content\/uploads\/2024\/11\/WhatsApp-Image-2024-11-12-at-22.25.23-768x468.jpeg 768w, https:\/\/prensa.sma.gob.ar\/wp-content\/uploads\/2024\/11\/WhatsApp-Image-2024-11-12-at-22.25.23-1536x936.jpeg 1536w, https:\/\/prensa.sma.gob.ar\/wp-content\/uploads\/2024\/11\/WhatsApp-Image-2024-11-12-at-22.25.23-689x420.jpeg 689w, https:\/\/prensa.sma.gob.ar\/wp-content\/uploads\/2024\/11\/WhatsApp-Image-2024-11-12-at-22.25.23-696x424.jpeg 696w, https:\/\/prensa.sma.gob.ar\/wp-content\/uploads\/2024\/11\/WhatsApp-Image-2024-11-12-at-22.25.23-1068x651.jpeg 1068w, https:\/\/prensa.sma.gob.ar\/wp-content\/uploads\/2024\/11\/WhatsApp-Image-2024-11-12-at-22.25.23.jpeg 1600w\" sizes=\"auto, (max-width: 1024px) 100vw, 1024px\" \/><\/figure>\n\n\n\n<figure class=\"wp-block-image size-large\"><img loading=\"lazy\" decoding=\"async\" width=\"1024\" height=\"672\" data-id=\"3595\" src=\"https:\/\/prensa.sma.gob.ar\/wp-content\/uploads\/2024\/11\/WhatsApp-Image-2024-11-12-at-22.25.19-1-1024x672.jpeg\" alt=\"\" class=\"wp-image-3595\" srcset=\"https:\/\/prensa.sma.gob.ar\/wp-content\/uploads\/2024\/11\/WhatsApp-Image-2024-11-12-at-22.25.19-1-1024x672.jpeg 1024w, https:\/\/prensa.sma.gob.ar\/wp-content\/uploads\/2024\/11\/WhatsApp-Image-2024-11-12-at-22.25.19-1-300x197.jpeg 300w, https:\/\/prensa.sma.gob.ar\/wp-content\/uploads\/2024\/11\/WhatsApp-Image-2024-11-12-at-22.25.19-1-768x504.jpeg 768w, https:\/\/prensa.sma.gob.ar\/wp-content\/uploads\/2024\/11\/WhatsApp-Image-2024-11-12-at-22.25.19-1-1536x1008.jpeg 1536w, https:\/\/prensa.sma.gob.ar\/wp-content\/uploads\/2024\/11\/WhatsApp-Image-2024-11-12-at-22.25.19-1-640x420.jpeg 640w, https:\/\/prensa.sma.gob.ar\/wp-content\/uploads\/2024\/11\/WhatsApp-Image-2024-11-12-at-22.25.19-1-696x457.jpeg 696w, https:\/\/prensa.sma.gob.ar\/wp-content\/uploads\/2024\/11\/WhatsApp-Image-2024-11-12-at-22.25.19-1-1068x701.jpeg 1068w, https:\/\/prensa.sma.gob.ar\/wp-content\/uploads\/2024\/11\/WhatsApp-Image-2024-11-12-at-22.25.19-1.jpeg 1600w\" sizes=\"auto, (max-width: 1024px) 100vw, 1024px\" \/><\/figure>\n\n\n\n<figure class=\"wp-block-image size-large\"><img loading=\"lazy\" decoding=\"async\" width=\"1024\" height=\"576\" data-id=\"3597\" src=\"https:\/\/prensa.sma.gob.ar\/wp-content\/uploads\/2024\/11\/WhatsApp-Image-2024-11-12-at-22.25.15-1024x576.jpeg\" alt=\"\" class=\"wp-image-3597\" srcset=\"https:\/\/prensa.sma.gob.ar\/wp-content\/uploads\/2024\/11\/WhatsApp-Image-2024-11-12-at-22.25.15-1024x576.jpeg 1024w, https:\/\/prensa.sma.gob.ar\/wp-content\/uploads\/2024\/11\/WhatsApp-Image-2024-11-12-at-22.25.15-300x169.jpeg 300w, https:\/\/prensa.sma.gob.ar\/wp-content\/uploads\/2024\/11\/WhatsApp-Image-2024-11-12-at-22.25.15-768x432.jpeg 768w, https:\/\/prensa.sma.gob.ar\/wp-content\/uploads\/2024\/11\/WhatsApp-Image-2024-11-12-at-22.25.15-1536x864.jpeg 1536w, https:\/\/prensa.sma.gob.ar\/wp-content\/uploads\/2024\/11\/WhatsApp-Image-2024-11-12-at-22.25.15-747x420.jpeg 747w, https:\/\/prensa.sma.gob.ar\/wp-content\/uploads\/2024\/11\/WhatsApp-Image-2024-11-12-at-22.25.15-696x392.jpeg 696w, https:\/\/prensa.sma.gob.ar\/wp-content\/uploads\/2024\/11\/WhatsApp-Image-2024-11-12-at-22.25.15-1068x601.jpeg 1068w, https:\/\/prensa.sma.gob.ar\/wp-content\/uploads\/2024\/11\/WhatsApp-Image-2024-11-12-at-22.25.15.jpeg 1600w\" sizes=\"auto, (max-width: 1024px) 100vw, 1024px\" \/><\/figure>\n<\/figure>\n\n\n\n<p>Regueiro insisti\u00f3 en que estas l\u00edneas surgen a partir de la identificaci\u00f3n de los problemas que generan que la comunidad enferme, fallezca o pierda calidad de vida en las siete regiones sanitarias. A su vez, la aplicaci\u00f3n del Plan permitir\u00e1 llevar adelante una gesti\u00f3n racional, con asignaci\u00f3n de recursos adecuada, que se adapte a las necesidades de la poblaci\u00f3n.<\/p>\n\n\n\n<p>En su exposici\u00f3n, el ministro record\u00f3 que la situaci\u00f3n del sistema de salud provincial recibida a comienzos de esta gesti\u00f3n oblig\u00f3 a declarar la Emergencia Sanitaria y eso permiti\u00f3, entre otras cosas, allanar caminos para el mejoramiento de la atenci\u00f3n y para la provisi\u00f3n de insumos.&nbsp; &nbsp;<\/p>\n\n\n\n<p>Antes de comenzar la jornada de ayer, el ministro Mart\u00edn Regueiro, el intendente Carlos Saloniti y el jefe de Zona Sanitaria de la Regi\u00f3n Sur, Agust\u00edn Pages, mantuvieron una reuni\u00f3n en el despacho del jefe comunal.<\/p>\n\n\n\n<p>El Programa Promoviendo la Calidad e Innovaci\u00f3n en el Sector de la Salud Neuqu\u00e9n 2024 continuar\u00e1 en nuestra ciudad durante esta jornada y finalizar\u00e1 ma\u00f1ana jueves.<\/p>\n\n\n\n<figure class=\"wp-block-gallery has-nested-images columns-default is-cropped wp-block-gallery-4 is-layout-flex wp-block-gallery-is-layout-flex\">\n<figure class=\"wp-block-image size-large\"><img loading=\"lazy\" decoding=\"async\" width=\"1024\" height=\"596\" data-id=\"3578\" src=\"https:\/\/prensa.sma.gob.ar\/wp-content\/uploads\/2024\/11\/WhatsApp-Image-2024-11-12-at-22.25.26-2-1024x596.jpeg\" alt=\"\" class=\"wp-image-3578\" srcset=\"https:\/\/prensa.sma.gob.ar\/wp-content\/uploads\/2024\/11\/WhatsApp-Image-2024-11-12-at-22.25.26-2-1024x596.jpeg 1024w, https:\/\/prensa.sma.gob.ar\/wp-content\/uploads\/2024\/11\/WhatsApp-Image-2024-11-12-at-22.25.26-2-300x175.jpeg 300w, https:\/\/prensa.sma.gob.ar\/wp-content\/uploads\/2024\/11\/WhatsApp-Image-2024-11-12-at-22.25.26-2-768x447.jpeg 768w, https:\/\/prensa.sma.gob.ar\/wp-content\/uploads\/2024\/11\/WhatsApp-Image-2024-11-12-at-22.25.26-2-1536x895.jpeg 1536w, https:\/\/prensa.sma.gob.ar\/wp-content\/uploads\/2024\/11\/WhatsApp-Image-2024-11-12-at-22.25.26-2-721x420.jpeg 721w, https:\/\/prensa.sma.gob.ar\/wp-content\/uploads\/2024\/11\/WhatsApp-Image-2024-11-12-at-22.25.26-2-696x405.jpeg 696w, https:\/\/prensa.sma.gob.ar\/wp-content\/uploads\/2024\/11\/WhatsApp-Image-2024-11-12-at-22.25.26-2-1068x622.jpeg 1068w, https:\/\/prensa.sma.gob.ar\/wp-content\/uploads\/2024\/11\/WhatsApp-Image-2024-11-12-at-22.25.26-2.jpeg 1600w\" sizes=\"auto, (max-width: 1024px) 100vw, 1024px\" \/><\/figure>\n\n\n\n<figure class=\"wp-block-image size-large\"><img loading=\"lazy\" decoding=\"async\" width=\"1024\" height=\"576\" data-id=\"3577\" src=\"https:\/\/prensa.sma.gob.ar\/wp-content\/uploads\/2024\/11\/WhatsApp-Image-2024-11-12-at-22.25.27-1024x576.jpeg\" alt=\"\" class=\"wp-image-3577\" srcset=\"https:\/\/prensa.sma.gob.ar\/wp-content\/uploads\/2024\/11\/WhatsApp-Image-2024-11-12-at-22.25.27-1024x576.jpeg 1024w, https:\/\/prensa.sma.gob.ar\/wp-content\/uploads\/2024\/11\/WhatsApp-Image-2024-11-12-at-22.25.27-300x169.jpeg 300w, https:\/\/prensa.sma.gob.ar\/wp-content\/uploads\/2024\/11\/WhatsApp-Image-2024-11-12-at-22.25.27-768x432.jpeg 768w, https:\/\/prensa.sma.gob.ar\/wp-content\/uploads\/2024\/11\/WhatsApp-Image-2024-11-12-at-22.25.27-1536x864.jpeg 1536w, https:\/\/prensa.sma.gob.ar\/wp-content\/uploads\/2024\/11\/WhatsApp-Image-2024-11-12-at-22.25.27-747x420.jpeg 747w, https:\/\/prensa.sma.gob.ar\/wp-content\/uploads\/2024\/11\/WhatsApp-Image-2024-11-12-at-22.25.27-696x392.jpeg 696w, https:\/\/prensa.sma.gob.ar\/wp-content\/uploads\/2024\/11\/WhatsApp-Image-2024-11-12-at-22.25.27-1068x601.jpeg 1068w, https:\/\/prensa.sma.gob.ar\/wp-content\/uploads\/2024\/11\/WhatsApp-Image-2024-11-12-at-22.25.27.jpeg 1600w\" sizes=\"auto, (max-width: 1024px) 100vw, 1024px\" \/><\/figure>\n\n\n\n<figure class=\"wp-block-image size-large\"><img loading=\"lazy\" decoding=\"async\" width=\"1024\" height=\"576\" data-id=\"3580\" src=\"https:\/\/prensa.sma.gob.ar\/wp-content\/uploads\/2024\/11\/WhatsApp-Image-2024-11-12-at-22.25.26-1024x576.jpeg\" alt=\"\" class=\"wp-image-3580\" srcset=\"https:\/\/prensa.sma.gob.ar\/wp-content\/uploads\/2024\/11\/WhatsApp-Image-2024-11-12-at-22.25.26-1024x576.jpeg 1024w, https:\/\/prensa.sma.gob.ar\/wp-content\/uploads\/2024\/11\/WhatsApp-Image-2024-11-12-at-22.25.26-300x169.jpeg 300w, https:\/\/prensa.sma.gob.ar\/wp-content\/uploads\/2024\/11\/WhatsApp-Image-2024-11-12-at-22.25.26-768x432.jpeg 768w, https:\/\/prensa.sma.gob.ar\/wp-content\/uploads\/2024\/11\/WhatsApp-Image-2024-11-12-at-22.25.26-1536x864.jpeg 1536w, https:\/\/prensa.sma.gob.ar\/wp-content\/uploads\/2024\/11\/WhatsApp-Image-2024-11-12-at-22.25.26-747x420.jpeg 747w, https:\/\/prensa.sma.gob.ar\/wp-content\/uploads\/2024\/11\/WhatsApp-Image-2024-11-12-at-22.25.26-696x392.jpeg 696w, https:\/\/prensa.sma.gob.ar\/wp-content\/uploads\/2024\/11\/WhatsApp-Image-2024-11-12-at-22.25.26-1068x601.jpeg 1068w, https:\/\/prensa.sma.gob.ar\/wp-content\/uploads\/2024\/11\/WhatsApp-Image-2024-11-12-at-22.25.26.jpeg 1600w\" sizes=\"auto, (max-width: 1024px) 100vw, 1024px\" \/><\/figure>\n\n\n\n<figure class=\"wp-block-image size-large\"><img loading=\"lazy\" decoding=\"async\" width=\"1024\" height=\"576\" data-id=\"3599\" src=\"https:\/\/prensa.sma.gob.ar\/wp-content\/uploads\/2024\/11\/WhatsApp-Image-2024-11-12-at-22.25.12-1-1024x576.jpeg\" alt=\"\" class=\"wp-image-3599\" srcset=\"https:\/\/prensa.sma.gob.ar\/wp-content\/uploads\/2024\/11\/WhatsApp-Image-2024-11-12-at-22.25.12-1-1024x576.jpeg 1024w, https:\/\/prensa.sma.gob.ar\/wp-content\/uploads\/2024\/11\/WhatsApp-Image-2024-11-12-at-22.25.12-1-300x169.jpeg 300w, https:\/\/prensa.sma.gob.ar\/wp-content\/uploads\/2024\/11\/WhatsApp-Image-2024-11-12-at-22.25.12-1-768x432.jpeg 768w, https:\/\/prensa.sma.gob.ar\/wp-content\/uploads\/2024\/11\/WhatsApp-Image-2024-11-12-at-22.25.12-1-1536x864.jpeg 1536w, https:\/\/prensa.sma.gob.ar\/wp-content\/uploads\/2024\/11\/WhatsApp-Image-2024-11-12-at-22.25.12-1-747x420.jpeg 747w, https:\/\/prensa.sma.gob.ar\/wp-content\/uploads\/2024\/11\/WhatsApp-Image-2024-11-12-at-22.25.12-1-696x392.jpeg 696w, https:\/\/prensa.sma.gob.ar\/wp-content\/uploads\/2024\/11\/WhatsApp-Image-2024-11-12-at-22.25.12-1-1068x601.jpeg 1068w, https:\/\/prensa.sma.gob.ar\/wp-content\/uploads\/2024\/11\/WhatsApp-Image-2024-11-12-at-22.25.12-1.jpeg 1600w\" sizes=\"auto, (max-width: 1024px) 100vw, 1024px\" \/><\/figure>\n\n\n\n<figure class=\"wp-block-image size-large\"><img loading=\"lazy\" decoding=\"async\" width=\"1024\" height=\"615\" data-id=\"3598\" src=\"https:\/\/prensa.sma.gob.ar\/wp-content\/uploads\/2024\/11\/WhatsApp-Image-2024-11-12-at-22.25.12-2-1024x615.jpeg\" alt=\"\" class=\"wp-image-3598\" srcset=\"https:\/\/prensa.sma.gob.ar\/wp-content\/uploads\/2024\/11\/WhatsApp-Image-2024-11-12-at-22.25.12-2-1024x615.jpeg 1024w, https:\/\/prensa.sma.gob.ar\/wp-content\/uploads\/2024\/11\/WhatsApp-Image-2024-11-12-at-22.25.12-2-300x180.jpeg 300w, https:\/\/prensa.sma.gob.ar\/wp-content\/uploads\/2024\/11\/WhatsApp-Image-2024-11-12-at-22.25.12-2-768x461.jpeg 768w, https:\/\/prensa.sma.gob.ar\/wp-content\/uploads\/2024\/11\/WhatsApp-Image-2024-11-12-at-22.25.12-2-1536x923.jpeg 1536w, https:\/\/prensa.sma.gob.ar\/wp-content\/uploads\/2024\/11\/WhatsApp-Image-2024-11-12-at-22.25.12-2-699x420.jpeg 699w, https:\/\/prensa.sma.gob.ar\/wp-content\/uploads\/2024\/11\/WhatsApp-Image-2024-11-12-at-22.25.12-2-696x418.jpeg 696w, https:\/\/prensa.sma.gob.ar\/wp-content\/uploads\/2024\/11\/WhatsApp-Image-2024-11-12-at-22.25.12-2-1068x641.jpeg 1068w, https:\/\/prensa.sma.gob.ar\/wp-content\/uploads\/2024\/11\/WhatsApp-Image-2024-11-12-at-22.25.12-2.jpeg 1600w\" sizes=\"auto, (max-width: 1024px) 100vw, 1024px\" \/><\/figure>\n\n\n\n<figure class=\"wp-block-image size-large\"><img loading=\"lazy\" decoding=\"async\" width=\"1024\" height=\"565\" data-id=\"3588\" src=\"https:\/\/prensa.sma.gob.ar\/wp-content\/uploads\/2024\/11\/WhatsApp-Image-2024-11-12-at-22.25.16-1024x565.jpeg\" alt=\"\" class=\"wp-image-3588\" srcset=\"https:\/\/prensa.sma.gob.ar\/wp-content\/uploads\/2024\/11\/WhatsApp-Image-2024-11-12-at-22.25.16-1024x565.jpeg 1024w, https:\/\/prensa.sma.gob.ar\/wp-content\/uploads\/2024\/11\/WhatsApp-Image-2024-11-12-at-22.25.16-300x166.jpeg 300w, https:\/\/prensa.sma.gob.ar\/wp-content\/uploads\/2024\/11\/WhatsApp-Image-2024-11-12-at-22.25.16-768x424.jpeg 768w, https:\/\/prensa.sma.gob.ar\/wp-content\/uploads\/2024\/11\/WhatsApp-Image-2024-11-12-at-22.25.16-1536x848.jpeg 1536w, https:\/\/prensa.sma.gob.ar\/wp-content\/uploads\/2024\/11\/WhatsApp-Image-2024-11-12-at-22.25.16-761x420.jpeg 761w, https:\/\/prensa.sma.gob.ar\/wp-content\/uploads\/2024\/11\/WhatsApp-Image-2024-11-12-at-22.25.16-696x384.jpeg 696w, https:\/\/prensa.sma.gob.ar\/wp-content\/uploads\/2024\/11\/WhatsApp-Image-2024-11-12-at-22.25.16-1068x589.jpeg 1068w, https:\/\/prensa.sma.gob.ar\/wp-content\/uploads\/2024\/11\/WhatsApp-Image-2024-11-12-at-22.25.16.jpeg 1600w\" sizes=\"auto, (max-width: 1024px) 100vw, 1024px\" \/><\/figure>\n<\/figure>\n","protected":false},"excerpt":{"rendered":"<p>El ministro de Salud de Neuqu\u00e9n y el intendente Saloniti inauguraron las jornadas de salud promovidas por la C\u00e1mara de Comercio de Estados Unidos en Argentina. Las actividades, que comenzaron este mi\u00e9rcoles y finalizar\u00e1n ma\u00f1ana viernes, est\u00e1n organizadas por AmCham Argentina, la C\u00e1mara de Comercio de Estados Unidos en nuestro pa\u00eds, y cuenta con la [&hellip;]<\/p>\n","protected":false},"author":2,"featured_media":3593,"comment_status":"closed","ping_status":"open","sticky":false,"template":"","format":"standard","meta":{"footnotes":""},"categories":[16,14,17,35],"tags":[],"class_list":{"0":"post-3576","1":"post","2":"type-post","3":"status-publish","4":"format-standard","5":"has-post-thumbnail","7":"category-destacadas","8":"category-noticias","9":"category-portada","10":"category-salud"},"_links":{"self":[{"href":"https:\/\/prensa.sma.gob.ar\/index.php?rest_route=\/wp\/v2\/posts\/3576","targetHints":{"allow":["GET"]}}],"collection":[{"href":"https:\/\/prensa.sma.gob.ar\/index.php?rest_route=\/wp\/v2\/posts"}],"about":[{"href":"https:\/\/prensa.sma.gob.ar\/index.php?rest_route=\/wp\/v2\/types\/post"}],"author":[{"embeddable":true,"href":"https:\/\/prensa.sma.gob.ar\/index.php?rest_route=\/wp\/v2\/users\/2"}],"replies":[{"embeddable":true,"href":"https:\/\/prensa.sma.gob.ar\/index.php?rest_route=%2Fwp%2Fv2%2Fcomments&post=3576"}],"version-history":[{"count":4,"href":"https:\/\/prensa.sma.gob.ar\/index.php?rest_route=\/wp\/v2\/posts\/3576\/revisions"}],"predecessor-version":[{"id":5211,"href":"https:\/\/prensa.sma.gob.ar\/index.php?rest_route=\/wp\/v2\/posts\/3576\/revisions\/5211"}],"wp:featuredmedia":[{"embeddable":true,"href":"https:\/\/prensa.sma.gob.ar\/index.php?rest_route=\/wp\/v2\/media\/3593"}],"wp:attachment":[{"href":"https:\/\/prensa.sma.gob.ar\/index.php?rest_route=%2Fwp%2Fv2%2Fmedia&parent=3576"}],"wp:term":[{"taxonomy":"category","embeddable":true,"href":"https:\/\/prensa.sma.gob.ar\/index.php?rest_route=%2Fwp%2Fv2%2Fcategories&post=3576"},{"taxonomy":"post_tag","embeddable":true,"href":"https:\/\/prensa.sma.gob.ar\/index.php?rest_route=%2Fwp%2Fv2%2Ftags&post=3576"}],"curies":[{"name":"wp","href":"https:\/\/api.w.org\/{rel}","templated":true}]}}