{"id":3607,"date":"2024-11-13T17:30:45","date_gmt":"2024-11-13T17:30:45","guid":{"rendered":"https:\/\/prensa.sma.gob.ar\/?p=3607"},"modified":"2024-11-14T03:33:36","modified_gmt":"2024-11-14T03:33:36","slug":"en-dos-dias-se-pavimentaron-casi-100-metros-de-una-mano-en-av-los-lagos","status":"publish","type":"post","link":"https:\/\/prensa.sma.gob.ar\/?p=3607","title":{"rendered":"En dos d\u00edas se pavimentaron casi 100 metros de una mano en Av. Los Lagos"},"content":{"rendered":"\n<p>La cuadrilla asignada a la pavimentaci\u00f3n de 400 metros de la Av. Los Lagos, en Cordones del Chapelco, hormigon\u00f3 casi 100 metros entre martes y mi\u00e9rcoles de esta semana, de la mano ascendente hacia la Escuela N\u00ba 359.<\/p>\n\n\n\n<p>El personal, a cargo del jefe de Departamento de Pavimento y capataz, Luis Ilabarra, trabajar\u00e1 en los pr\u00f3ximos d\u00edas en la preparaci\u00f3n del suelo de la misma cuadra sobre la mano descendente para completar el hormigonado completo de los primeros cien metros.<\/p>\n\n\n\n<p>El coordinador de la obra, Jorge Fern\u00e1ndez, se\u00f1al\u00f3 que los pasos siguientes ser\u00e1n el hormigonado de otros cien metros, hacia la delegaci\u00f3n Municipal de Cordones del Chapelco.<\/p>\n\n\n\n<figure class=\"wp-block-gallery has-nested-images columns-default is-cropped wp-block-gallery-1 is-layout-flex wp-block-gallery-is-layout-flex\">\n<figure class=\"wp-block-image size-large\"><img loading=\"lazy\" decoding=\"async\" width=\"1024\" height=\"576\" data-id=\"3608\" src=\"https:\/\/prensa.sma.gob.ar\/wp-content\/uploads\/2024\/11\/WhatsApp-Image-2024-11-13-at-13.59.07-1024x576.jpeg\" alt=\"\" class=\"wp-image-3608\" srcset=\"https:\/\/prensa.sma.gob.ar\/wp-content\/uploads\/2024\/11\/WhatsApp-Image-2024-11-13-at-13.59.07-1024x576.jpeg 1024w, https:\/\/prensa.sma.gob.ar\/wp-content\/uploads\/2024\/11\/WhatsApp-Image-2024-11-13-at-13.59.07-300x169.jpeg 300w, https:\/\/prensa.sma.gob.ar\/wp-content\/uploads\/2024\/11\/WhatsApp-Image-2024-11-13-at-13.59.07-768x432.jpeg 768w, https:\/\/prensa.sma.gob.ar\/wp-content\/uploads\/2024\/11\/WhatsApp-Image-2024-11-13-at-13.59.07-1536x864.jpeg 1536w, https:\/\/prensa.sma.gob.ar\/wp-content\/uploads\/2024\/11\/WhatsApp-Image-2024-11-13-at-13.59.07-747x420.jpeg 747w, https:\/\/prensa.sma.gob.ar\/wp-content\/uploads\/2024\/11\/WhatsApp-Image-2024-11-13-at-13.59.07-696x392.jpeg 696w, https:\/\/prensa.sma.gob.ar\/wp-content\/uploads\/2024\/11\/WhatsApp-Image-2024-11-13-at-13.59.07-1068x601.jpeg 1068w, https:\/\/prensa.sma.gob.ar\/wp-content\/uploads\/2024\/11\/WhatsApp-Image-2024-11-13-at-13.59.07.jpeg 1600w\" sizes=\"auto, (max-width: 1024px) 100vw, 1024px\" \/><\/figure>\n\n\n\n<figure class=\"wp-block-image size-large\"><img loading=\"lazy\" decoding=\"async\" width=\"1024\" height=\"576\" data-id=\"3609\" src=\"https:\/\/prensa.sma.gob.ar\/wp-content\/uploads\/2024\/11\/WhatsApp-Image-2024-11-13-at-13.59.06-2-1024x576.jpeg\" alt=\"\" class=\"wp-image-3609\" srcset=\"https:\/\/prensa.sma.gob.ar\/wp-content\/uploads\/2024\/11\/WhatsApp-Image-2024-11-13-at-13.59.06-2-1024x576.jpeg 1024w, https:\/\/prensa.sma.gob.ar\/wp-content\/uploads\/2024\/11\/WhatsApp-Image-2024-11-13-at-13.59.06-2-300x169.jpeg 300w, https:\/\/prensa.sma.gob.ar\/wp-content\/uploads\/2024\/11\/WhatsApp-Image-2024-11-13-at-13.59.06-2-768x432.jpeg 768w, https:\/\/prensa.sma.gob.ar\/wp-content\/uploads\/2024\/11\/WhatsApp-Image-2024-11-13-at-13.59.06-2-1536x864.jpeg 1536w, https:\/\/prensa.sma.gob.ar\/wp-content\/uploads\/2024\/11\/WhatsApp-Image-2024-11-13-at-13.59.06-2-747x420.jpeg 747w, https:\/\/prensa.sma.gob.ar\/wp-content\/uploads\/2024\/11\/WhatsApp-Image-2024-11-13-at-13.59.06-2-696x392.jpeg 696w, https:\/\/prensa.sma.gob.ar\/wp-content\/uploads\/2024\/11\/WhatsApp-Image-2024-11-13-at-13.59.06-2-1068x601.jpeg 1068w, https:\/\/prensa.sma.gob.ar\/wp-content\/uploads\/2024\/11\/WhatsApp-Image-2024-11-13-at-13.59.06-2.jpeg 1600w\" sizes=\"auto, (max-width: 1024px) 100vw, 1024px\" \/><\/figure>\n\n\n\n<figure class=\"wp-block-image size-large\"><img loading=\"lazy\" decoding=\"async\" width=\"1024\" height=\"576\" data-id=\"3610\" src=\"https:\/\/prensa.sma.gob.ar\/wp-content\/uploads\/2024\/11\/WhatsApp-Image-2024-11-13-at-13.59.06-1-1024x576.jpeg\" alt=\"\" class=\"wp-image-3610\" srcset=\"https:\/\/prensa.sma.gob.ar\/wp-content\/uploads\/2024\/11\/WhatsApp-Image-2024-11-13-at-13.59.06-1-1024x576.jpeg 1024w, https:\/\/prensa.sma.gob.ar\/wp-content\/uploads\/2024\/11\/WhatsApp-Image-2024-11-13-at-13.59.06-1-300x169.jpeg 300w, https:\/\/prensa.sma.gob.ar\/wp-content\/uploads\/2024\/11\/WhatsApp-Image-2024-11-13-at-13.59.06-1-768x432.jpeg 768w, https:\/\/prensa.sma.gob.ar\/wp-content\/uploads\/2024\/11\/WhatsApp-Image-2024-11-13-at-13.59.06-1-1536x864.jpeg 1536w, https:\/\/prensa.sma.gob.ar\/wp-content\/uploads\/2024\/11\/WhatsApp-Image-2024-11-13-at-13.59.06-1-747x420.jpeg 747w, https:\/\/prensa.sma.gob.ar\/wp-content\/uploads\/2024\/11\/WhatsApp-Image-2024-11-13-at-13.59.06-1-696x392.jpeg 696w, https:\/\/prensa.sma.gob.ar\/wp-content\/uploads\/2024\/11\/WhatsApp-Image-2024-11-13-at-13.59.06-1-1068x601.jpeg 1068w, https:\/\/prensa.sma.gob.ar\/wp-content\/uploads\/2024\/11\/WhatsApp-Image-2024-11-13-at-13.59.06-1.jpeg 1600w\" sizes=\"auto, (max-width: 1024px) 100vw, 1024px\" \/><\/figure>\n\n\n\n<figure class=\"wp-block-image size-large\"><img loading=\"lazy\" decoding=\"async\" width=\"1024\" height=\"576\" data-id=\"3611\" src=\"https:\/\/prensa.sma.gob.ar\/wp-content\/uploads\/2024\/11\/WhatsApp-Image-2024-11-13-at-13.59.06-1024x576.jpeg\" alt=\"\" class=\"wp-image-3611\" srcset=\"https:\/\/prensa.sma.gob.ar\/wp-content\/uploads\/2024\/11\/WhatsApp-Image-2024-11-13-at-13.59.06-1024x576.jpeg 1024w, https:\/\/prensa.sma.gob.ar\/wp-content\/uploads\/2024\/11\/WhatsApp-Image-2024-11-13-at-13.59.06-300x169.jpeg 300w, https:\/\/prensa.sma.gob.ar\/wp-content\/uploads\/2024\/11\/WhatsApp-Image-2024-11-13-at-13.59.06-768x432.jpeg 768w, https:\/\/prensa.sma.gob.ar\/wp-content\/uploads\/2024\/11\/WhatsApp-Image-2024-11-13-at-13.59.06-1536x864.jpeg 1536w, https:\/\/prensa.sma.gob.ar\/wp-content\/uploads\/2024\/11\/WhatsApp-Image-2024-11-13-at-13.59.06-747x420.jpeg 747w, https:\/\/prensa.sma.gob.ar\/wp-content\/uploads\/2024\/11\/WhatsApp-Image-2024-11-13-at-13.59.06-696x392.jpeg 696w, https:\/\/prensa.sma.gob.ar\/wp-content\/uploads\/2024\/11\/WhatsApp-Image-2024-11-13-at-13.59.06-1068x601.jpeg 1068w, https:\/\/prensa.sma.gob.ar\/wp-content\/uploads\/2024\/11\/WhatsApp-Image-2024-11-13-at-13.59.06.jpeg 1600w\" sizes=\"auto, (max-width: 1024px) 100vw, 1024px\" \/><\/figure>\n\n\n\n<figure class=\"wp-block-image size-large\"><img loading=\"lazy\" decoding=\"async\" width=\"1024\" height=\"576\" data-id=\"3613\" src=\"https:\/\/prensa.sma.gob.ar\/wp-content\/uploads\/2024\/11\/WhatsApp-Image-2024-11-13-at-13.59.05-1-1024x576.jpeg\" alt=\"\" class=\"wp-image-3613\" srcset=\"https:\/\/prensa.sma.gob.ar\/wp-content\/uploads\/2024\/11\/WhatsApp-Image-2024-11-13-at-13.59.05-1-1024x576.jpeg 1024w, https:\/\/prensa.sma.gob.ar\/wp-content\/uploads\/2024\/11\/WhatsApp-Image-2024-11-13-at-13.59.05-1-300x169.jpeg 300w, https:\/\/prensa.sma.gob.ar\/wp-content\/uploads\/2024\/11\/WhatsApp-Image-2024-11-13-at-13.59.05-1-768x432.jpeg 768w, https:\/\/prensa.sma.gob.ar\/wp-content\/uploads\/2024\/11\/WhatsApp-Image-2024-11-13-at-13.59.05-1-1536x864.jpeg 1536w, https:\/\/prensa.sma.gob.ar\/wp-content\/uploads\/2024\/11\/WhatsApp-Image-2024-11-13-at-13.59.05-1-747x420.jpeg 747w, https:\/\/prensa.sma.gob.ar\/wp-content\/uploads\/2024\/11\/WhatsApp-Image-2024-11-13-at-13.59.05-1-696x392.jpeg 696w, https:\/\/prensa.sma.gob.ar\/wp-content\/uploads\/2024\/11\/WhatsApp-Image-2024-11-13-at-13.59.05-1-1068x601.jpeg 1068w, https:\/\/prensa.sma.gob.ar\/wp-content\/uploads\/2024\/11\/WhatsApp-Image-2024-11-13-at-13.59.05-1.jpeg 1600w\" sizes=\"auto, (max-width: 1024px) 100vw, 1024px\" \/><\/figure>\n\n\n\n<figure class=\"wp-block-image size-large\"><img loading=\"lazy\" decoding=\"async\" width=\"1024\" height=\"576\" data-id=\"3614\" src=\"https:\/\/prensa.sma.gob.ar\/wp-content\/uploads\/2024\/11\/WhatsApp-Image-2024-11-13-at-13.59.05-1024x576.jpeg\" alt=\"\" class=\"wp-image-3614\" srcset=\"https:\/\/prensa.sma.gob.ar\/wp-content\/uploads\/2024\/11\/WhatsApp-Image-2024-11-13-at-13.59.05-1024x576.jpeg 1024w, https:\/\/prensa.sma.gob.ar\/wp-content\/uploads\/2024\/11\/WhatsApp-Image-2024-11-13-at-13.59.05-300x169.jpeg 300w, https:\/\/prensa.sma.gob.ar\/wp-content\/uploads\/2024\/11\/WhatsApp-Image-2024-11-13-at-13.59.05-768x432.jpeg 768w, https:\/\/prensa.sma.gob.ar\/wp-content\/uploads\/2024\/11\/WhatsApp-Image-2024-11-13-at-13.59.05-1536x864.jpeg 1536w, https:\/\/prensa.sma.gob.ar\/wp-content\/uploads\/2024\/11\/WhatsApp-Image-2024-11-13-at-13.59.05-747x420.jpeg 747w, https:\/\/prensa.sma.gob.ar\/wp-content\/uploads\/2024\/11\/WhatsApp-Image-2024-11-13-at-13.59.05-696x392.jpeg 696w, https:\/\/prensa.sma.gob.ar\/wp-content\/uploads\/2024\/11\/WhatsApp-Image-2024-11-13-at-13.59.05-1068x601.jpeg 1068w, https:\/\/prensa.sma.gob.ar\/wp-content\/uploads\/2024\/11\/WhatsApp-Image-2024-11-13-at-13.59.05.jpeg 1600w\" sizes=\"auto, (max-width: 1024px) 100vw, 1024px\" \/><\/figure>\n<\/figure>\n\n\n\n<p>El secretario de Obras y Servicios P\u00fablicos del Municipio, H\u00e9ctor Dur\u00e1n, inform\u00f3 \u201cel objetivo es seguir trabajando cada d\u00eda hasta concretar este tramo de 400 metros, que nos permita unir la Ruta 40 y Vega Maip\u00fa con la Escuela 359 y la Delegaci\u00f3n Municipal\u201d, se\u00f1al\u00f3 Dur\u00e1n.<\/p>\n\n\n\n<p>Adem\u00e1s de mejorar los frentes de las viviendas del barrio y la circulaci\u00f3n del transporte urbano de pasajeros, en el \u00e1rea beneficiada se encuentran el Centro de Salud y la biblioteca; Radio Municipal; el Destacamento Policial; el \u00e1rea comercial del barrio y, a algunos metros, el Centro Integrador Comunitario y el Centro de Desarrollo Infantil (CDI) Aitue.<\/p>\n\n\n\n<figure class=\"wp-block-gallery has-nested-images columns-default is-cropped wp-block-gallery-2 is-layout-flex wp-block-gallery-is-layout-flex\">\n<figure class=\"wp-block-image size-large\"><img loading=\"lazy\" decoding=\"async\" width=\"1024\" height=\"576\" data-id=\"3615\" src=\"https:\/\/prensa.sma.gob.ar\/wp-content\/uploads\/2024\/11\/WhatsApp-Image-2024-11-13-at-13.59.04-1024x576.jpeg\" alt=\"\" class=\"wp-image-3615\" srcset=\"https:\/\/prensa.sma.gob.ar\/wp-content\/uploads\/2024\/11\/WhatsApp-Image-2024-11-13-at-13.59.04-1024x576.jpeg 1024w, https:\/\/prensa.sma.gob.ar\/wp-content\/uploads\/2024\/11\/WhatsApp-Image-2024-11-13-at-13.59.04-300x169.jpeg 300w, https:\/\/prensa.sma.gob.ar\/wp-content\/uploads\/2024\/11\/WhatsApp-Image-2024-11-13-at-13.59.04-768x432.jpeg 768w, https:\/\/prensa.sma.gob.ar\/wp-content\/uploads\/2024\/11\/WhatsApp-Image-2024-11-13-at-13.59.04-1536x864.jpeg 1536w, https:\/\/prensa.sma.gob.ar\/wp-content\/uploads\/2024\/11\/WhatsApp-Image-2024-11-13-at-13.59.04-747x420.jpeg 747w, https:\/\/prensa.sma.gob.ar\/wp-content\/uploads\/2024\/11\/WhatsApp-Image-2024-11-13-at-13.59.04-696x392.jpeg 696w, https:\/\/prensa.sma.gob.ar\/wp-content\/uploads\/2024\/11\/WhatsApp-Image-2024-11-13-at-13.59.04-1068x601.jpeg 1068w, https:\/\/prensa.sma.gob.ar\/wp-content\/uploads\/2024\/11\/WhatsApp-Image-2024-11-13-at-13.59.04.jpeg 1600w\" sizes=\"auto, (max-width: 1024px) 100vw, 1024px\" \/><\/figure>\n\n\n\n<figure class=\"wp-block-image size-large\"><img loading=\"lazy\" decoding=\"async\" width=\"1024\" height=\"576\" data-id=\"3617\" src=\"https:\/\/prensa.sma.gob.ar\/wp-content\/uploads\/2024\/11\/WhatsApp-Image-2024-11-13-at-13.59.03-1024x576.jpeg\" alt=\"\" class=\"wp-image-3617\" srcset=\"https:\/\/prensa.sma.gob.ar\/wp-content\/uploads\/2024\/11\/WhatsApp-Image-2024-11-13-at-13.59.03-1024x576.jpeg 1024w, https:\/\/prensa.sma.gob.ar\/wp-content\/uploads\/2024\/11\/WhatsApp-Image-2024-11-13-at-13.59.03-300x169.jpeg 300w, https:\/\/prensa.sma.gob.ar\/wp-content\/uploads\/2024\/11\/WhatsApp-Image-2024-11-13-at-13.59.03-768x432.jpeg 768w, https:\/\/prensa.sma.gob.ar\/wp-content\/uploads\/2024\/11\/WhatsApp-Image-2024-11-13-at-13.59.03-1536x864.jpeg 1536w, https:\/\/prensa.sma.gob.ar\/wp-content\/uploads\/2024\/11\/WhatsApp-Image-2024-11-13-at-13.59.03-747x420.jpeg 747w, https:\/\/prensa.sma.gob.ar\/wp-content\/uploads\/2024\/11\/WhatsApp-Image-2024-11-13-at-13.59.03-696x392.jpeg 696w, https:\/\/prensa.sma.gob.ar\/wp-content\/uploads\/2024\/11\/WhatsApp-Image-2024-11-13-at-13.59.03-1068x601.jpeg 1068w, https:\/\/prensa.sma.gob.ar\/wp-content\/uploads\/2024\/11\/WhatsApp-Image-2024-11-13-at-13.59.03.jpeg 1600w\" sizes=\"auto, (max-width: 1024px) 100vw, 1024px\" \/><\/figure>\n\n\n\n<figure class=\"wp-block-image size-large\"><img loading=\"lazy\" decoding=\"async\" width=\"1024\" height=\"576\" data-id=\"3618\" src=\"https:\/\/prensa.sma.gob.ar\/wp-content\/uploads\/2024\/11\/WhatsApp-Image-2024-11-13-at-13.59.02-1024x576.jpeg\" alt=\"\" class=\"wp-image-3618\" srcset=\"https:\/\/prensa.sma.gob.ar\/wp-content\/uploads\/2024\/11\/WhatsApp-Image-2024-11-13-at-13.59.02-1024x576.jpeg 1024w, https:\/\/prensa.sma.gob.ar\/wp-content\/uploads\/2024\/11\/WhatsApp-Image-2024-11-13-at-13.59.02-300x169.jpeg 300w, https:\/\/prensa.sma.gob.ar\/wp-content\/uploads\/2024\/11\/WhatsApp-Image-2024-11-13-at-13.59.02-768x432.jpeg 768w, https:\/\/prensa.sma.gob.ar\/wp-content\/uploads\/2024\/11\/WhatsApp-Image-2024-11-13-at-13.59.02-1536x864.jpeg 1536w, https:\/\/prensa.sma.gob.ar\/wp-content\/uploads\/2024\/11\/WhatsApp-Image-2024-11-13-at-13.59.02-747x420.jpeg 747w, https:\/\/prensa.sma.gob.ar\/wp-content\/uploads\/2024\/11\/WhatsApp-Image-2024-11-13-at-13.59.02-696x392.jpeg 696w, https:\/\/prensa.sma.gob.ar\/wp-content\/uploads\/2024\/11\/WhatsApp-Image-2024-11-13-at-13.59.02-1068x601.jpeg 1068w, https:\/\/prensa.sma.gob.ar\/wp-content\/uploads\/2024\/11\/WhatsApp-Image-2024-11-13-at-13.59.02.jpeg 1600w\" sizes=\"auto, (max-width: 1024px) 100vw, 1024px\" \/><\/figure>\n\n\n\n<figure class=\"wp-block-image size-large\"><img loading=\"lazy\" decoding=\"async\" width=\"1024\" height=\"576\" data-id=\"3619\" src=\"https:\/\/prensa.sma.gob.ar\/wp-content\/uploads\/2024\/11\/WhatsApp-Image-2024-11-13-at-13.59.00-1024x576.jpeg\" alt=\"\" class=\"wp-image-3619\" srcset=\"https:\/\/prensa.sma.gob.ar\/wp-content\/uploads\/2024\/11\/WhatsApp-Image-2024-11-13-at-13.59.00-1024x576.jpeg 1024w, https:\/\/prensa.sma.gob.ar\/wp-content\/uploads\/2024\/11\/WhatsApp-Image-2024-11-13-at-13.59.00-300x169.jpeg 300w, https:\/\/prensa.sma.gob.ar\/wp-content\/uploads\/2024\/11\/WhatsApp-Image-2024-11-13-at-13.59.00-768x432.jpeg 768w, https:\/\/prensa.sma.gob.ar\/wp-content\/uploads\/2024\/11\/WhatsApp-Image-2024-11-13-at-13.59.00-1536x864.jpeg 1536w, https:\/\/prensa.sma.gob.ar\/wp-content\/uploads\/2024\/11\/WhatsApp-Image-2024-11-13-at-13.59.00-747x420.jpeg 747w, https:\/\/prensa.sma.gob.ar\/wp-content\/uploads\/2024\/11\/WhatsApp-Image-2024-11-13-at-13.59.00-696x392.jpeg 696w, https:\/\/prensa.sma.gob.ar\/wp-content\/uploads\/2024\/11\/WhatsApp-Image-2024-11-13-at-13.59.00-1068x601.jpeg 1068w, https:\/\/prensa.sma.gob.ar\/wp-content\/uploads\/2024\/11\/WhatsApp-Image-2024-11-13-at-13.59.00.jpeg 1600w\" sizes=\"auto, (max-width: 1024px) 100vw, 1024px\" \/><\/figure>\n\n\n\n<figure class=\"wp-block-image size-large\"><img loading=\"lazy\" decoding=\"async\" width=\"1024\" height=\"576\" data-id=\"3620\" src=\"https:\/\/prensa.sma.gob.ar\/wp-content\/uploads\/2024\/11\/WhatsApp-Image-2024-11-13-at-13.58.59-1024x576.jpeg\" alt=\"\" class=\"wp-image-3620\" srcset=\"https:\/\/prensa.sma.gob.ar\/wp-content\/uploads\/2024\/11\/WhatsApp-Image-2024-11-13-at-13.58.59-1024x576.jpeg 1024w, https:\/\/prensa.sma.gob.ar\/wp-content\/uploads\/2024\/11\/WhatsApp-Image-2024-11-13-at-13.58.59-300x169.jpeg 300w, https:\/\/prensa.sma.gob.ar\/wp-content\/uploads\/2024\/11\/WhatsApp-Image-2024-11-13-at-13.58.59-768x432.jpeg 768w, https:\/\/prensa.sma.gob.ar\/wp-content\/uploads\/2024\/11\/WhatsApp-Image-2024-11-13-at-13.58.59-1536x864.jpeg 1536w, https:\/\/prensa.sma.gob.ar\/wp-content\/uploads\/2024\/11\/WhatsApp-Image-2024-11-13-at-13.58.59-747x420.jpeg 747w, https:\/\/prensa.sma.gob.ar\/wp-content\/uploads\/2024\/11\/WhatsApp-Image-2024-11-13-at-13.58.59-696x392.jpeg 696w, https:\/\/prensa.sma.gob.ar\/wp-content\/uploads\/2024\/11\/WhatsApp-Image-2024-11-13-at-13.58.59-1068x601.jpeg 1068w, https:\/\/prensa.sma.gob.ar\/wp-content\/uploads\/2024\/11\/WhatsApp-Image-2024-11-13-at-13.58.59.jpeg 1600w\" sizes=\"auto, (max-width: 1024px) 100vw, 1024px\" \/><\/figure>\n\n\n\n<figure class=\"wp-block-image size-large\"><img loading=\"lazy\" decoding=\"async\" width=\"1024\" height=\"602\" data-id=\"3622\" src=\"https:\/\/prensa.sma.gob.ar\/wp-content\/uploads\/2024\/11\/WhatsApp-Image-2024-11-13-at-13.58.45-1024x602.jpeg\" alt=\"\" class=\"wp-image-3622\" srcset=\"https:\/\/prensa.sma.gob.ar\/wp-content\/uploads\/2024\/11\/WhatsApp-Image-2024-11-13-at-13.58.45-1024x602.jpeg 1024w, https:\/\/prensa.sma.gob.ar\/wp-content\/uploads\/2024\/11\/WhatsApp-Image-2024-11-13-at-13.58.45-300x176.jpeg 300w, https:\/\/prensa.sma.gob.ar\/wp-content\/uploads\/2024\/11\/WhatsApp-Image-2024-11-13-at-13.58.45-768x451.jpeg 768w, https:\/\/prensa.sma.gob.ar\/wp-content\/uploads\/2024\/11\/WhatsApp-Image-2024-11-13-at-13.58.45-1536x902.jpeg 1536w, https:\/\/prensa.sma.gob.ar\/wp-content\/uploads\/2024\/11\/WhatsApp-Image-2024-11-13-at-13.58.45-715x420.jpeg 715w, https:\/\/prensa.sma.gob.ar\/wp-content\/uploads\/2024\/11\/WhatsApp-Image-2024-11-13-at-13.58.45-696x409.jpeg 696w, https:\/\/prensa.sma.gob.ar\/wp-content\/uploads\/2024\/11\/WhatsApp-Image-2024-11-13-at-13.58.45-1068x627.jpeg 1068w, https:\/\/prensa.sma.gob.ar\/wp-content\/uploads\/2024\/11\/WhatsApp-Image-2024-11-13-at-13.58.45.jpeg 1600w\" sizes=\"auto, (max-width: 1024px) 100vw, 1024px\" \/><\/figure>\n<\/figure>\n\n\n\n<figure class=\"wp-block-gallery has-nested-images columns-default is-cropped wp-block-gallery-3 is-layout-flex wp-block-gallery-is-layout-flex\">\n<figure class=\"wp-block-image size-large\"><img loading=\"lazy\" decoding=\"async\" width=\"1024\" height=\"576\" data-id=\"3611\" src=\"https:\/\/prensa.sma.gob.ar\/wp-content\/uploads\/2024\/11\/WhatsApp-Image-2024-11-13-at-13.59.06-1024x576.jpeg\" alt=\"\" class=\"wp-image-3611\" srcset=\"https:\/\/prensa.sma.gob.ar\/wp-content\/uploads\/2024\/11\/WhatsApp-Image-2024-11-13-at-13.59.06-1024x576.jpeg 1024w, https:\/\/prensa.sma.gob.ar\/wp-content\/uploads\/2024\/11\/WhatsApp-Image-2024-11-13-at-13.59.06-300x169.jpeg 300w, https:\/\/prensa.sma.gob.ar\/wp-content\/uploads\/2024\/11\/WhatsApp-Image-2024-11-13-at-13.59.06-768x432.jpeg 768w, https:\/\/prensa.sma.gob.ar\/wp-content\/uploads\/2024\/11\/WhatsApp-Image-2024-11-13-at-13.59.06-1536x864.jpeg 1536w, https:\/\/prensa.sma.gob.ar\/wp-content\/uploads\/2024\/11\/WhatsApp-Image-2024-11-13-at-13.59.06-747x420.jpeg 747w, https:\/\/prensa.sma.gob.ar\/wp-content\/uploads\/2024\/11\/WhatsApp-Image-2024-11-13-at-13.59.06-696x392.jpeg 696w, https:\/\/prensa.sma.gob.ar\/wp-content\/uploads\/2024\/11\/WhatsApp-Image-2024-11-13-at-13.59.06-1068x601.jpeg 1068w, https:\/\/prensa.sma.gob.ar\/wp-content\/uploads\/2024\/11\/WhatsApp-Image-2024-11-13-at-13.59.06.jpeg 1600w\" sizes=\"auto, (max-width: 1024px) 100vw, 1024px\" \/><\/figure>\n\n\n\n<figure class=\"wp-block-image size-large\"><img loading=\"lazy\" decoding=\"async\" width=\"576\" height=\"1024\" data-id=\"3612\" src=\"https:\/\/prensa.sma.gob.ar\/wp-content\/uploads\/2024\/11\/WhatsApp-Image-2024-11-13-at-13.59.05-2-576x1024.jpeg\" alt=\"\" class=\"wp-image-3612\" srcset=\"https:\/\/prensa.sma.gob.ar\/wp-content\/uploads\/2024\/11\/WhatsApp-Image-2024-11-13-at-13.59.05-2-576x1024.jpeg 576w, https:\/\/prensa.sma.gob.ar\/wp-content\/uploads\/2024\/11\/WhatsApp-Image-2024-11-13-at-13.59.05-2-169x300.jpeg 169w, https:\/\/prensa.sma.gob.ar\/wp-content\/uploads\/2024\/11\/WhatsApp-Image-2024-11-13-at-13.59.05-2-768x1365.jpeg 768w, https:\/\/prensa.sma.gob.ar\/wp-content\/uploads\/2024\/11\/WhatsApp-Image-2024-11-13-at-13.59.05-2-864x1536.jpeg 864w, https:\/\/prensa.sma.gob.ar\/wp-content\/uploads\/2024\/11\/WhatsApp-Image-2024-11-13-at-13.59.05-2-236x420.jpeg 236w, https:\/\/prensa.sma.gob.ar\/wp-content\/uploads\/2024\/11\/WhatsApp-Image-2024-11-13-at-13.59.05-2-696x1237.jpeg 696w, https:\/\/prensa.sma.gob.ar\/wp-content\/uploads\/2024\/11\/WhatsApp-Image-2024-11-13-at-13.59.05-2.jpeg 900w\" sizes=\"auto, (max-width: 576px) 100vw, 576px\" \/><\/figure>\n\n\n\n<figure class=\"wp-block-image size-large\"><img loading=\"lazy\" decoding=\"async\" width=\"576\" height=\"1024\" data-id=\"3616\" src=\"https:\/\/prensa.sma.gob.ar\/wp-content\/uploads\/2024\/11\/WhatsApp-Image-2024-11-13-at-13.59.03-1-576x1024.jpeg\" alt=\"\" class=\"wp-image-3616\" srcset=\"https:\/\/prensa.sma.gob.ar\/wp-content\/uploads\/2024\/11\/WhatsApp-Image-2024-11-13-at-13.59.03-1-576x1024.jpeg 576w, https:\/\/prensa.sma.gob.ar\/wp-content\/uploads\/2024\/11\/WhatsApp-Image-2024-11-13-at-13.59.03-1-169x300.jpeg 169w, https:\/\/prensa.sma.gob.ar\/wp-content\/uploads\/2024\/11\/WhatsApp-Image-2024-11-13-at-13.59.03-1-768x1365.jpeg 768w, https:\/\/prensa.sma.gob.ar\/wp-content\/uploads\/2024\/11\/WhatsApp-Image-2024-11-13-at-13.59.03-1-864x1536.jpeg 864w, https:\/\/prensa.sma.gob.ar\/wp-content\/uploads\/2024\/11\/WhatsApp-Image-2024-11-13-at-13.59.03-1-236x420.jpeg 236w, https:\/\/prensa.sma.gob.ar\/wp-content\/uploads\/2024\/11\/WhatsApp-Image-2024-11-13-at-13.59.03-1-696x1237.jpeg 696w, https:\/\/prensa.sma.gob.ar\/wp-content\/uploads\/2024\/11\/WhatsApp-Image-2024-11-13-at-13.59.03-1.jpeg 900w\" sizes=\"auto, (max-width: 576px) 100vw, 576px\" \/><\/figure>\n<\/figure>\n","protected":false},"excerpt":{"rendered":"<p>La cuadrilla asignada a la pavimentaci\u00f3n de 400 metros de la Av. Los Lagos, en Cordones del Chapelco, hormigon\u00f3 casi 100 metros entre martes y mi\u00e9rcoles de esta semana, de la mano ascendente hacia la Escuela N\u00ba 359. El personal, a cargo del jefe de Departamento de Pavimento y capataz, Luis Ilabarra, trabajar\u00e1 en los [&hellip;]<\/p>\n","protected":false},"author":2,"featured_media":3621,"comment_status":"closed","ping_status":"open","sticky":false,"template":"","format":"standard","meta":{"footnotes":""},"categories":[16,14,19,17],"tags":[],"class_list":{"0":"post-3607","1":"post","2":"type-post","3":"status-publish","4":"format-standard","5":"has-post-thumbnail","7":"category-destacadas","8":"category-noticias","9":"category-obras-y-servicios-publicos","10":"category-portada"},"_links":{"self":[{"href":"https:\/\/prensa.sma.gob.ar\/index.php?rest_route=\/wp\/v2\/posts\/3607","targetHints":{"allow":["GET"]}}],"collection":[{"href":"https:\/\/prensa.sma.gob.ar\/index.php?rest_route=\/wp\/v2\/posts"}],"about":[{"href":"https:\/\/prensa.sma.gob.ar\/index.php?rest_route=\/wp\/v2\/types\/post"}],"author":[{"embeddable":true,"href":"https:\/\/prensa.sma.gob.ar\/index.php?rest_route=\/wp\/v2\/users\/2"}],"replies":[{"embeddable":true,"href":"https:\/\/prensa.sma.gob.ar\/index.php?rest_route=%2Fwp%2Fv2%2Fcomments&post=3607"}],"version-history":[{"count":2,"href":"https:\/\/prensa.sma.gob.ar\/index.php?rest_route=\/wp\/v2\/posts\/3607\/revisions"}],"predecessor-version":[{"id":3637,"href":"https:\/\/prensa.sma.gob.ar\/index.php?rest_route=\/wp\/v2\/posts\/3607\/revisions\/3637"}],"wp:featuredmedia":[{"embeddable":true,"href":"https:\/\/prensa.sma.gob.ar\/index.php?rest_route=\/wp\/v2\/media\/3621"}],"wp:attachment":[{"href":"https:\/\/prensa.sma.gob.ar\/index.php?rest_route=%2Fwp%2Fv2%2Fmedia&parent=3607"}],"wp:term":[{"taxonomy":"category","embeddable":true,"href":"https:\/\/prensa.sma.gob.ar\/index.php?rest_route=%2Fwp%2Fv2%2Fcategories&post=3607"},{"taxonomy":"post_tag","embeddable":true,"href":"https:\/\/prensa.sma.gob.ar\/index.php?rest_route=%2Fwp%2Fv2%2Ftags&post=3607"}],"curies":[{"name":"wp","href":"https:\/\/api.w.org\/{rel}","templated":true}]}}