{"id":3639,"date":"2024-11-14T14:55:31","date_gmt":"2024-11-14T14:55:31","guid":{"rendered":"https:\/\/prensa.sma.gob.ar\/?p=3639"},"modified":"2024-11-14T14:55:33","modified_gmt":"2024-11-14T14:55:33","slug":"las-personas-con-discapacidad-bailando-son-referentes-para-otras-personas","status":"publish","type":"post","link":"https:\/\/prensa.sma.gob.ar\/?p=3639","title":{"rendered":"\u201cLas personas con discapacidad bailando son referentes para otras personas\u201d"},"content":{"rendered":"\n<p>Las compa\u00f1\u00edas Andares Danza Inclusiva, de Argentina, y Dan\u00e7a sem fronteiras, de Brasil, realizaran varias actividades abiertas al p\u00fablico entre este jueves y ma\u00f1ana viernes, en el teatro San Jos\u00e9, en la Plaza San Mart\u00edn y en la Escuela Superior de M\u00fasica.<\/p>\n\n\n\n<p>Ma\u00f1ana viernes, ambas compa\u00f1\u00edas har\u00e1n, juntas, Conexiones, una obra que incluye artistas con y sin discapacidad, como parte del ciclo \u201cEl Circo va al Teatro\u201d, que organiza la Secretar\u00eda de Cultura del Municipio. Ser\u00e1 a las 9, en el Teatro San Jos\u00e9, en una funci\u00f3n destinada a las escuelas pero abierta al p\u00fablico en general.<\/p>\n\n\n\n<p>La directora de la compa\u00f1\u00eda Andares Danza Inclusiva, Claudia Gasparini, se\u00f1al\u00f3 que Conexiones \u201ces un espect\u00e1culo profesional con gente con discapacidad bailando\u201d, que busca \u201creivindicar mucho las particularidades de cada persona, de cada bailar\u00edn y bailarina\u201d.<\/p>\n\n\n\n<figure class=\"wp-block-gallery has-nested-images columns-default is-cropped wp-block-gallery-1 is-layout-flex wp-block-gallery-is-layout-flex\">\n<figure class=\"wp-block-image size-large\"><img loading=\"lazy\" decoding=\"async\" width=\"1024\" height=\"1024\" data-id=\"3642\" src=\"https:\/\/prensa.sma.gob.ar\/wp-content\/uploads\/2024\/11\/ANDARES-3-1024x1024.jpg\" alt=\"\" class=\"wp-image-3642\" srcset=\"https:\/\/prensa.sma.gob.ar\/wp-content\/uploads\/2024\/11\/ANDARES-3-1024x1024.jpg 1024w, https:\/\/prensa.sma.gob.ar\/wp-content\/uploads\/2024\/11\/ANDARES-3-300x300.jpg 300w, https:\/\/prensa.sma.gob.ar\/wp-content\/uploads\/2024\/11\/ANDARES-3-150x150.jpg 150w, https:\/\/prensa.sma.gob.ar\/wp-content\/uploads\/2024\/11\/ANDARES-3-768x768.jpg 768w, https:\/\/prensa.sma.gob.ar\/wp-content\/uploads\/2024\/11\/ANDARES-3-420x420.jpg 420w, https:\/\/prensa.sma.gob.ar\/wp-content\/uploads\/2024\/11\/ANDARES-3-696x696.jpg 696w, https:\/\/prensa.sma.gob.ar\/wp-content\/uploads\/2024\/11\/ANDARES-3-1068x1068.jpg 1068w, https:\/\/prensa.sma.gob.ar\/wp-content\/uploads\/2024\/11\/ANDARES-3.jpg 1080w\" sizes=\"auto, (max-width: 1024px) 100vw, 1024px\" \/><\/figure>\n\n\n\n<figure class=\"wp-block-image size-large\"><img loading=\"lazy\" decoding=\"async\" width=\"1024\" height=\"1024\" data-id=\"3641\" src=\"https:\/\/prensa.sma.gob.ar\/wp-content\/uploads\/2024\/11\/ANDARES-2-1024x1024.jpg\" alt=\"\" class=\"wp-image-3641\" srcset=\"https:\/\/prensa.sma.gob.ar\/wp-content\/uploads\/2024\/11\/ANDARES-2-1024x1024.jpg 1024w, https:\/\/prensa.sma.gob.ar\/wp-content\/uploads\/2024\/11\/ANDARES-2-300x300.jpg 300w, https:\/\/prensa.sma.gob.ar\/wp-content\/uploads\/2024\/11\/ANDARES-2-150x150.jpg 150w, https:\/\/prensa.sma.gob.ar\/wp-content\/uploads\/2024\/11\/ANDARES-2-768x768.jpg 768w, https:\/\/prensa.sma.gob.ar\/wp-content\/uploads\/2024\/11\/ANDARES-2-420x420.jpg 420w, https:\/\/prensa.sma.gob.ar\/wp-content\/uploads\/2024\/11\/ANDARES-2-696x696.jpg 696w, https:\/\/prensa.sma.gob.ar\/wp-content\/uploads\/2024\/11\/ANDARES-2-1068x1068.jpg 1068w, https:\/\/prensa.sma.gob.ar\/wp-content\/uploads\/2024\/11\/ANDARES-2.jpg 1080w\" sizes=\"auto, (max-width: 1024px) 100vw, 1024px\" \/><\/figure>\n\n\n\n<figure class=\"wp-block-image size-large\"><img loading=\"lazy\" decoding=\"async\" width=\"1024\" height=\"1024\" data-id=\"3640\" src=\"https:\/\/prensa.sma.gob.ar\/wp-content\/uploads\/2024\/11\/ANDARES-1-1024x1024.jpg\" alt=\"\" class=\"wp-image-3640\" srcset=\"https:\/\/prensa.sma.gob.ar\/wp-content\/uploads\/2024\/11\/ANDARES-1-1024x1024.jpg 1024w, https:\/\/prensa.sma.gob.ar\/wp-content\/uploads\/2024\/11\/ANDARES-1-300x300.jpg 300w, https:\/\/prensa.sma.gob.ar\/wp-content\/uploads\/2024\/11\/ANDARES-1-150x150.jpg 150w, https:\/\/prensa.sma.gob.ar\/wp-content\/uploads\/2024\/11\/ANDARES-1-768x768.jpg 768w, https:\/\/prensa.sma.gob.ar\/wp-content\/uploads\/2024\/11\/ANDARES-1-420x420.jpg 420w, https:\/\/prensa.sma.gob.ar\/wp-content\/uploads\/2024\/11\/ANDARES-1-696x696.jpg 696w, https:\/\/prensa.sma.gob.ar\/wp-content\/uploads\/2024\/11\/ANDARES-1-1068x1068.jpg 1068w, https:\/\/prensa.sma.gob.ar\/wp-content\/uploads\/2024\/11\/ANDARES-1.jpg 1440w\" sizes=\"auto, (max-width: 1024px) 100vw, 1024px\" \/><\/figure>\n<\/figure>\n\n\n\n<p>La obra busca \u201cy poner en escena y en juego esc\u00e9nico lo que son las ayudas t\u00e9cnicas y las ortopedias. Estamos trabajando con los bastones verdes porque tenemos artistas con baja visi\u00f3n; la silla de rueda es parte de la composici\u00f3n esc\u00e9nica, no es algo que obviamos, sino que es parte del juego, de lo que pasa en el escenario\u201d, detall\u00f3.<\/p>\n\n\n\n<p>Claudia Gasparini y Fernanda Amaral, directora de la compa\u00f1\u00eda brasile\u00f1a, son profesoras de daza inclusiva que comparten haberse formado en el m\u00e9todo DanceAbility, sistema que naci\u00f3 en Estados Unidos que propone que todas las personas pueden expresarse y comunicarse a trav\u00e9s de la danza.<\/p>\n\n\n\n<p>\u201cEl m\u00e9todo propone que todas las personas podemos bailar, que cada parte del cuerpo puede expresar todas las sensaciones. No importa cu\u00e1nto podamos movernos porque lo que importa es expresar. Y la daza es comunicaci\u00f3n, cuando estoy bailando con otros o frente al p\u00fablico estoy comunic\u00e1ndome y eso ya es una danza\u201d, afirm\u00f3 Gasparini.<\/p>\n\n\n\n<p>Destac\u00f3 la importancia de este tipo de danzas tiene en las infancias, en las adolescencias y en el p\u00fablico en general. \u201cLas personas con discapacidad bailando son referentes para otras personas y es muy valioso que otras personas se referencien en ellos\u201d, sostuvo.<\/p>\n\n\n\n<p>Adem\u00e1s de la presentaci\u00f3n de ma\u00f1ana viernes en el Teatro San Jos\u00e9, este jueves a las 16 habr\u00e1 una presentaci\u00f3n en la Plaza San Mart\u00edn. \u201cSer\u00e1 una intervenci\u00f3n del espacio p\u00fablico para que otras personas vengan como p\u00fablico o a bailar con ambas compa\u00f1\u00edas\u201d.<\/p>\n\n\n\n<p>Ma\u00f1ana viernes a las 20, se realizar\u00e1 una clase abierta del m\u00e9todo DanceAbility en la Escuela Superior de M\u00fasica, como parte de una visita a la c\u00e1tedra \u201cDid\u00e1ctica General\u201d, de la profesora Silvana Medina.<\/p>\n","protected":false},"excerpt":{"rendered":"<p>Las compa\u00f1\u00edas Andares Danza Inclusiva, de Argentina, y Dan\u00e7a sem fronteiras, de Brasil, realizaran varias actividades abiertas al p\u00fablico entre este jueves y ma\u00f1ana viernes, en el teatro San Jos\u00e9, en la Plaza San Mart\u00edn y en la Escuela Superior de M\u00fasica. Ma\u00f1ana viernes, ambas compa\u00f1\u00edas har\u00e1n, juntas, Conexiones, una obra que incluye artistas con [&hellip;]<\/p>\n","protected":false},"author":2,"featured_media":3643,"comment_status":"closed","ping_status":"open","sticky":false,"template":"","format":"standard","meta":{"footnotes":""},"categories":[5,16,14],"tags":[],"class_list":{"0":"post-3639","1":"post","2":"type-post","3":"status-publish","4":"format-standard","5":"has-post-thumbnail","7":"category-cultura","8":"category-destacadas","9":"category-noticias"},"_links":{"self":[{"href":"https:\/\/prensa.sma.gob.ar\/index.php?rest_route=\/wp\/v2\/posts\/3639","targetHints":{"allow":["GET"]}}],"collection":[{"href":"https:\/\/prensa.sma.gob.ar\/index.php?rest_route=\/wp\/v2\/posts"}],"about":[{"href":"https:\/\/prensa.sma.gob.ar\/index.php?rest_route=\/wp\/v2\/types\/post"}],"author":[{"embeddable":true,"href":"https:\/\/prensa.sma.gob.ar\/index.php?rest_route=\/wp\/v2\/users\/2"}],"replies":[{"embeddable":true,"href":"https:\/\/prensa.sma.gob.ar\/index.php?rest_route=%2Fwp%2Fv2%2Fcomments&post=3639"}],"version-history":[{"count":1,"href":"https:\/\/prensa.sma.gob.ar\/index.php?rest_route=\/wp\/v2\/posts\/3639\/revisions"}],"predecessor-version":[{"id":3646,"href":"https:\/\/prensa.sma.gob.ar\/index.php?rest_route=\/wp\/v2\/posts\/3639\/revisions\/3646"}],"wp:featuredmedia":[{"embeddable":true,"href":"https:\/\/prensa.sma.gob.ar\/index.php?rest_route=\/wp\/v2\/media\/3643"}],"wp:attachment":[{"href":"https:\/\/prensa.sma.gob.ar\/index.php?rest_route=%2Fwp%2Fv2%2Fmedia&parent=3639"}],"wp:term":[{"taxonomy":"category","embeddable":true,"href":"https:\/\/prensa.sma.gob.ar\/index.php?rest_route=%2Fwp%2Fv2%2Fcategories&post=3639"},{"taxonomy":"post_tag","embeddable":true,"href":"https:\/\/prensa.sma.gob.ar\/index.php?rest_route=%2Fwp%2Fv2%2Ftags&post=3639"}],"curies":[{"name":"wp","href":"https:\/\/api.w.org\/{rel}","templated":true}]}}