{"id":3647,"date":"2024-11-14T15:46:35","date_gmt":"2024-11-14T15:46:35","guid":{"rendered":"https:\/\/prensa.sma.gob.ar\/?p=3647"},"modified":"2024-11-14T15:51:56","modified_gmt":"2024-11-14T15:51:56","slug":"este-domingo-se-realizaran-elecciones-para-la-comision-vecinal-en-chacra-4","status":"publish","type":"post","link":"https:\/\/prensa.sma.gob.ar\/?p=3647","title":{"rendered":"Este domingo se realizar\u00e1n elecciones para la Comisi\u00f3n Vecinal en Chacra 4"},"content":{"rendered":"\n<p>Los comicios se realizar\u00e1n el domingo 17 de noviembre en la Biblioteca Recrearte, ubicada en calle Copahue y Los Andes, a partir de las 10hs y hasta las 14hs.<\/p>\n\n\n\n<p>Se presentan 2 listas:<\/p>\n\n\n\n<p>LISTA VERDE, para los cargos titulares, est\u00e1n Rosa Delgado, Tamara Aguirre, Lorena Cifuentes, Mar\u00eda Vera y Eduardo Mar\u00edn<\/p>\n\n\n\n<p>LISTA VIOLETA, en los cargos titulares se presentan Olga Bustos, Cintia Silva, Esteban Huaiquifil, Carmen Aguirre y Andrea Silva.<\/p>\n\n\n\n<p>La Subsecretar\u00eda de Juntas Vecinales se\u00f1al\u00f3 que, para participar, es importante presentarse con DNI.<\/p>\n\n\n\n<p>Las elecciones ser\u00e1n fiscalizadas por una Junta Electoral creada para tal fin, tal como lo establece la Ordenanza 9439 de 2012, que regula las juntas vecinales.<\/p>\n","protected":false},"excerpt":{"rendered":"<p>Los comicios se realizar\u00e1n el domingo 17 de noviembre en la Biblioteca Recrearte, ubicada en calle Copahue y Los Andes, a partir de las 10hs y hasta las 14hs. Se presentan 2 listas: LISTA VERDE, para los cargos titulares, est\u00e1n Rosa Delgado, Tamara Aguirre, Lorena Cifuentes, Mar\u00eda Vera y Eduardo Mar\u00edn LISTA VIOLETA, en los [&hellip;]<\/p>\n","protected":false},"author":1,"featured_media":3648,"comment_status":"closed","ping_status":"open","sticky":false,"template":"","format":"standard","meta":{"footnotes":""},"categories":[39,14],"tags":[],"class_list":{"0":"post-3647","1":"post","2":"type-post","3":"status-publish","4":"format-standard","5":"has-post-thumbnail","7":"category-subs-juntas-vecinales","8":"category-noticias"},"_links":{"self":[{"href":"https:\/\/prensa.sma.gob.ar\/index.php?rest_route=\/wp\/v2\/posts\/3647","targetHints":{"allow":["GET"]}}],"collection":[{"href":"https:\/\/prensa.sma.gob.ar\/index.php?rest_route=\/wp\/v2\/posts"}],"about":[{"href":"https:\/\/prensa.sma.gob.ar\/index.php?rest_route=\/wp\/v2\/types\/post"}],"author":[{"embeddable":true,"href":"https:\/\/prensa.sma.gob.ar\/index.php?rest_route=\/wp\/v2\/users\/1"}],"replies":[{"embeddable":true,"href":"https:\/\/prensa.sma.gob.ar\/index.php?rest_route=%2Fwp%2Fv2%2Fcomments&post=3647"}],"version-history":[{"count":1,"href":"https:\/\/prensa.sma.gob.ar\/index.php?rest_route=\/wp\/v2\/posts\/3647\/revisions"}],"predecessor-version":[{"id":3649,"href":"https:\/\/prensa.sma.gob.ar\/index.php?rest_route=\/wp\/v2\/posts\/3647\/revisions\/3649"}],"wp:featuredmedia":[{"embeddable":true,"href":"https:\/\/prensa.sma.gob.ar\/index.php?rest_route=\/wp\/v2\/media\/3648"}],"wp:attachment":[{"href":"https:\/\/prensa.sma.gob.ar\/index.php?rest_route=%2Fwp%2Fv2%2Fmedia&parent=3647"}],"wp:term":[{"taxonomy":"category","embeddable":true,"href":"https:\/\/prensa.sma.gob.ar\/index.php?rest_route=%2Fwp%2Fv2%2Fcategories&post=3647"},{"taxonomy":"post_tag","embeddable":true,"href":"https:\/\/prensa.sma.gob.ar\/index.php?rest_route=%2Fwp%2Fv2%2Ftags&post=3647"}],"curies":[{"name":"wp","href":"https:\/\/api.w.org\/{rel}","templated":true}]}}